{"id":733,"date":"2019-06-29T18:07:43","date_gmt":"2019-06-29T21:07:43","guid":{"rendered":"https:\/\/mapadadiversidade.com.br\/ipatinga\/?p=733"},"modified":"2019-07-10T00:27:29","modified_gmt":"2019-07-10T03:27:29","slug":"leila-cunha","status":"publish","type":"post","link":"https:\/\/mapadadiversidade.com.br\/ipatinga\/leila-cunha\/","title":{"rendered":"Leila Cunha"},"content":{"rendered":"\n<p>Produtora cultural, historiadora e gestora cultural. Trabalha em projeto de turismo, arte e mem\u00f3ria, tem uma produtora cultural: Fino Trato Produ\u00e7\u00e3o Cultural.<\/p>\n\n\n\n<p>Produ\u00e7\u00e3o Cultural<\/p>\n\n\n\n<p>Telefone:(31) 98829-9591<br>Email: leila.cunha@gmail.com<\/p>\n\n\n\n<p>Facebook: <a href=\"https:\/\/www.facebook.com\/leila.cunha.10\">Leila Cunha<\/a><br>Instagram: <a href=\"https:\/\/www.instagram.com\/leila.cunha.10\/\">Leila Cunha<\/a><\/p>\n\n\n\n<figure class=\"wp-block-embed-youtube wp-block-embed is-type-video is-provider-youtube wp-embed-aspect-16-9 wp-has-aspect-ratio\"><div class=\"wp-block-embed__wrapper\">\n<iframe loading=\"lazy\" title=\"Leila Cunha\" width=\"944\" height=\"531\" src=\"https:\/\/www.youtube.com\/embed\/6XSu8J8aC_Y?feature=oembed\" frameborder=\"0\" allow=\"accelerometer; autoplay; encrypted-media; gyroscope; picture-in-picture\" allowfullscreen><\/iframe>\n<\/div><\/figure>\n\n\n\n<ul class=\"wp-block-gallery columns-2 is-cropped wp-block-gallery-1 is-layout-flex wp-block-gallery-is-layout-flex\"><li class=\"blocks-gallery-item\"><figure><img loading=\"lazy\" decoding=\"async\" width=\"800\" height=\"800\" src=\"https:\/\/mapadadiversidade.com.br\/ipatinga\/wp-content\/uploads\/2019\/06\/leila1.jpg\" alt=\"\" data-id=\"1211\" data-link=\"https:\/\/mapadadiversidade.com.br\/ipatinga\/leila-cunha\/leila1\/\" class=\"wp-image-1211\" srcset=\"https:\/\/mapadadiversidade.com.br\/ipatinga\/wp-content\/uploads\/2019\/06\/leila1.jpg 800w, https:\/\/mapadadiversidade.com.br\/ipatinga\/wp-content\/uploads\/2019\/06\/leila1-150x150.jpg 150w, https:\/\/mapadadiversidade.com.br\/ipatinga\/wp-content\/uploads\/2019\/06\/leila1-300x300.jpg 300w, https:\/\/mapadadiversidade.com.br\/ipatinga\/wp-content\/uploads\/2019\/06\/leila1-768x768.jpg 768w\" sizes=\"auto, (max-width: 800px) 100vw, 800px\" \/><\/figure><\/li><li class=\"blocks-gallery-item\"><figure><img loading=\"lazy\" decoding=\"async\" width=\"1024\" height=\"1024\" src=\"https:\/\/mapadadiversidade.com.br\/ipatinga\/wp-content\/uploads\/2019\/06\/leila1234-1024x1024.jpg\" alt=\"\" data-id=\"1212\" data-link=\"https:\/\/mapadadiversidade.com.br\/ipatinga\/leila-cunha\/leila1234\/\" class=\"wp-image-1212\" srcset=\"https:\/\/mapadadiversidade.com.br\/ipatinga\/wp-content\/uploads\/2019\/06\/leila1234-1024x1024.jpg 1024w, https:\/\/mapadadiversidade.com.br\/ipatinga\/wp-content\/uploads\/2019\/06\/leila1234-150x150.jpg 150w, https:\/\/mapadadiversidade.com.br\/ipatinga\/wp-content\/uploads\/2019\/06\/leila1234-300x300.jpg 300w, https:\/\/mapadadiversidade.com.br\/ipatinga\/wp-content\/uploads\/2019\/06\/leila1234-768x768.jpg 768w, https:\/\/mapadadiversidade.com.br\/ipatinga\/wp-content\/uploads\/2019\/06\/leila1234.jpg 1080w\" sizes=\"auto, (max-width: 1024px) 100vw, 1024px\" \/><\/figure><\/li><\/ul>\n\n\n\n<p><\/p>\n","protected":false},"excerpt":{"rendered":"<p>Produtora cultural, historiadora e gestora cultural. <\/p>\n","protected":false},"author":3,"featured_media":1181,"comment_status":"open","ping_status":"open","sticky":false,"template":"","format":"standard","meta":{"footnotes":""},"categories":[1,18],"tags":[74,75,73],"class_list":["post-733","post","type-post","status-publish","format-standard","has-post-thumbnail","hentry","category-ipatinga","category-produtor-ou-gestor-cultural","tag-historiadora","tag-memoria","tag-produtora-cultural","item-wrap"],"_links":{"self":[{"href":"https:\/\/mapadadiversidade.com.br\/ipatinga\/wp-json\/wp\/v2\/posts\/733","targetHints":{"allow":["GET"]}}],"collection":[{"href":"https:\/\/mapadadiversidade.com.br\/ipatinga\/wp-json\/wp\/v2\/posts"}],"about":[{"href":"https:\/\/mapadadiversidade.com.br\/ipatinga\/wp-json\/wp\/v2\/types\/post"}],"author":[{"embeddable":true,"href":"https:\/\/mapadadiversidade.com.br\/ipatinga\/wp-json\/wp\/v2\/users\/3"}],"replies":[{"embeddable":true,"href":"https:\/\/mapadadiversidade.com.br\/ipatinga\/wp-json\/wp\/v2\/comments?post=733"}],"version-history":[{"count":10,"href":"https:\/\/mapadadiversidade.com.br\/ipatinga\/wp-json\/wp\/v2\/posts\/733\/revisions"}],"predecessor-version":[{"id":1875,"href":"https:\/\/mapadadiversidade.com.br\/ipatinga\/wp-json\/wp\/v2\/posts\/733\/revisions\/1875"}],"wp:featuredmedia":[{"embeddable":true,"href":"https:\/\/mapadadiversidade.com.br\/ipatinga\/wp-json\/wp\/v2\/media\/1181"}],"wp:attachment":[{"href":"https:\/\/mapadadiversidade.com.br\/ipatinga\/wp-json\/wp\/v2\/media?parent=733"}],"wp:term":[{"taxonomy":"category","embeddable":true,"href":"https:\/\/mapadadiversidade.com.br\/ipatinga\/wp-json\/wp\/v2\/categories?post=733"},{"taxonomy":"post_tag","embeddable":true,"href":"https:\/\/mapadadiversidade.com.br\/ipatinga\/wp-json\/wp\/v2\/tags?post=733"}],"curies":[{"name":"wp","href":"https:\/\/api.w.org\/{rel}","templated":true}]}}