{"id":744,"date":"2019-06-29T18:09:49","date_gmt":"2019-06-29T21:09:49","guid":{"rendered":"https:\/\/mapadadiversidade.com.br\/ipatinga\/?p=744"},"modified":"2019-07-10T01:44:39","modified_gmt":"2019-07-10T04:44:39","slug":"diego","status":"publish","type":"post","link":"https:\/\/mapadadiversidade.com.br\/ipatinga\/diego\/","title":{"rendered":"Diego Martins"},"content":{"rendered":"\n<p>Ator registrado pelo Sated desde 2004,  trabalha no Espa\u00e7o Cultural Casa Laborat\u00f3rio h\u00e1 seis anos,  onde exerce a fun\u00e7\u00e3o de ator e de produtor.<\/p>\n\n\n\n<p>Linguagens Art\u00edsticas <br>Artes C\u00eanicas\/ Teatro <\/p>\n\n\n\n<p>Hist\u00f3rico: Come\u00e7ou a Inicia\u00e7\u00e3o Teatral em 2002 na Escola Municipal de Teatro  em Ipatinga, percorreu por v\u00e1rios grupos regionais, afastando em 2008. Retornando em 2012 ao Caso Laborat\u00f3rio onde assumiu o Teatro como \u00fanica profiss\u00e3o, atuando tamb\u00e9m como produtor.<\/p>\n\n\n\n<p>Telefone: (31) 98710-3624<br>E-mail: diegomartinsns@hotmail.com<br>Facebook: <a href=\"https:\/\/www.facebook.com\/diego.martins.35728\">Diego Martins <\/a><br>Instagram: <a href=\"https:\/\/www.instagram.com\/diego.martins.c\/\">Diego Martins<\/a><\/p>\n\n\n\n<figure class=\"wp-block-embed-youtube wp-block-embed is-type-video is-provider-youtube wp-embed-aspect-16-9 wp-has-aspect-ratio\"><div class=\"wp-block-embed__wrapper\">\n<iframe loading=\"lazy\" title=\"Diego Martins\" width=\"944\" height=\"531\" src=\"https:\/\/www.youtube.com\/embed\/Iqt7XHz9FEQ?feature=oembed\" frameborder=\"0\" allow=\"accelerometer; autoplay; encrypted-media; gyroscope; picture-in-picture\" allowfullscreen><\/iframe>\n<\/div><\/figure>\n\n\n\n<ul class=\"wp-block-gallery columns-3 is-cropped wp-block-gallery-1 is-layout-flex wp-block-gallery-is-layout-flex\"><li class=\"blocks-gallery-item\"><figure><img loading=\"lazy\" decoding=\"async\" width=\"1024\" height=\"1024\" src=\"https:\/\/mapadadiversidade.com.br\/ipatinga\/wp-content\/uploads\/2019\/06\/Diego-2-1024x1024.jpeg\" alt=\"\" data-id=\"904\" data-link=\"https:\/\/mapadadiversidade.com.br\/ipatinga\/diego\/diego-2\/\" class=\"wp-image-904\" srcset=\"https:\/\/mapadadiversidade.com.br\/ipatinga\/wp-content\/uploads\/2019\/06\/Diego-2-1024x1024.jpeg 1024w, https:\/\/mapadadiversidade.com.br\/ipatinga\/wp-content\/uploads\/2019\/06\/Diego-2-150x150.jpeg 150w, https:\/\/mapadadiversidade.com.br\/ipatinga\/wp-content\/uploads\/2019\/06\/Diego-2-300x300.jpeg 300w, https:\/\/mapadadiversidade.com.br\/ipatinga\/wp-content\/uploads\/2019\/06\/Diego-2-768x768.jpeg 768w, https:\/\/mapadadiversidade.com.br\/ipatinga\/wp-content\/uploads\/2019\/06\/Diego-2.jpeg 1280w\" sizes=\"auto, (max-width: 1024px) 100vw, 1024px\" \/><\/figure><\/li><li class=\"blocks-gallery-item\"><figure><img loading=\"lazy\" decoding=\"async\" width=\"699\" height=\"699\" src=\"https:\/\/mapadadiversidade.com.br\/ipatinga\/wp-content\/uploads\/2019\/06\/Diego.jpeg\" alt=\"\" data-id=\"905\" data-link=\"https:\/\/mapadadiversidade.com.br\/ipatinga\/diego\/diego-3\/\" class=\"wp-image-905\" srcset=\"https:\/\/mapadadiversidade.com.br\/ipatinga\/wp-content\/uploads\/2019\/06\/Diego.jpeg 699w, https:\/\/mapadadiversidade.com.br\/ipatinga\/wp-content\/uploads\/2019\/06\/Diego-150x150.jpeg 150w, https:\/\/mapadadiversidade.com.br\/ipatinga\/wp-content\/uploads\/2019\/06\/Diego-300x300.jpeg 300w\" sizes=\"auto, (max-width: 699px) 100vw, 699px\" \/><\/figure><\/li><li class=\"blocks-gallery-item\"><figure><img loading=\"lazy\" decoding=\"async\" width=\"720\" height=\"960\" src=\"https:\/\/mapadadiversidade.com.br\/ipatinga\/wp-content\/uploads\/2019\/06\/diego3.jpg\" alt=\"\" data-id=\"907\" data-link=\"https:\/\/mapadadiversidade.com.br\/ipatinga\/diego\/diego3\/\" class=\"wp-image-907\" srcset=\"https:\/\/mapadadiversidade.com.br\/ipatinga\/wp-content\/uploads\/2019\/06\/diego3.jpg 720w, https:\/\/mapadadiversidade.com.br\/ipatinga\/wp-content\/uploads\/2019\/06\/diego3-225x300.jpg 225w\" sizes=\"auto, (max-width: 720px) 100vw, 720px\" \/><\/figure><\/li><li class=\"blocks-gallery-item\"><figure><img loading=\"lazy\" decoding=\"async\" width=\"575\" height=\"1024\" src=\"https:\/\/mapadadiversidade.com.br\/ipatinga\/wp-content\/uploads\/2019\/06\/diego4-575x1024.jpeg\" alt=\"\" data-id=\"908\" data-link=\"https:\/\/mapadadiversidade.com.br\/ipatinga\/diego\/diego4\/\" class=\"wp-image-908\" srcset=\"https:\/\/mapadadiversidade.com.br\/ipatinga\/wp-content\/uploads\/2019\/06\/diego4-575x1024.jpeg 575w, https:\/\/mapadadiversidade.com.br\/ipatinga\/wp-content\/uploads\/2019\/06\/diego4-169x300.jpeg 169w, https:\/\/mapadadiversidade.com.br\/ipatinga\/wp-content\/uploads\/2019\/06\/diego4.jpeg 719w\" sizes=\"auto, (max-width: 575px) 100vw, 575px\" \/><\/figure><\/li><li class=\"blocks-gallery-item\"><figure><img loading=\"lazy\" decoding=\"async\" width=\"575\" height=\"719\" src=\"https:\/\/mapadadiversidade.com.br\/ipatinga\/wp-content\/uploads\/2019\/06\/diego5.jpeg\" alt=\"\" data-id=\"909\" data-link=\"https:\/\/mapadadiversidade.com.br\/ipatinga\/diego\/diego5\/\" class=\"wp-image-909\" srcset=\"https:\/\/mapadadiversidade.com.br\/ipatinga\/wp-content\/uploads\/2019\/06\/diego5.jpeg 575w, https:\/\/mapadadiversidade.com.br\/ipatinga\/wp-content\/uploads\/2019\/06\/diego5-240x300.jpeg 240w\" sizes=\"auto, (max-width: 575px) 100vw, 575px\" \/><\/figure><\/li><\/ul>\n","protected":false},"excerpt":{"rendered":"<p>Ator registrado pelo Sated desde 2004,  trabalha no Espa\u00e7o Cultural Casa Laborat\u00f3rio h\u00e1 seis anos,  onde exerce a fun\u00e7\u00e3o de ator e de produtor.<\/p>\n","protected":false},"author":3,"featured_media":902,"comment_status":"open","ping_status":"open","sticky":false,"template":"","format":"standard","meta":{"footnotes":""},"categories":[1,4,18,13],"tags":[192,217,73,47],"class_list":["post-744","post","type-post","status-publish","format-standard","has-post-thumbnail","hentry","category-ipatinga","category-linguagem-artisticas","category-produtor-ou-gestor-cultural","category-teatro","tag-ator","tag-casalaboratorio","tag-produtora-cultural","tag-teatro","item-wrap"],"_links":{"self":[{"href":"https:\/\/mapadadiversidade.com.br\/ipatinga\/wp-json\/wp\/v2\/posts\/744","targetHints":{"allow":["GET"]}}],"collection":[{"href":"https:\/\/mapadadiversidade.com.br\/ipatinga\/wp-json\/wp\/v2\/posts"}],"about":[{"href":"https:\/\/mapadadiversidade.com.br\/ipatinga\/wp-json\/wp\/v2\/types\/post"}],"author":[{"embeddable":true,"href":"https:\/\/mapadadiversidade.com.br\/ipatinga\/wp-json\/wp\/v2\/users\/3"}],"replies":[{"embeddable":true,"href":"https:\/\/mapadadiversidade.com.br\/ipatinga\/wp-json\/wp\/v2\/comments?post=744"}],"version-history":[{"count":11,"href":"https:\/\/mapadadiversidade.com.br\/ipatinga\/wp-json\/wp\/v2\/posts\/744\/revisions"}],"predecessor-version":[{"id":1841,"href":"https:\/\/mapadadiversidade.com.br\/ipatinga\/wp-json\/wp\/v2\/posts\/744\/revisions\/1841"}],"wp:featuredmedia":[{"embeddable":true,"href":"https:\/\/mapadadiversidade.com.br\/ipatinga\/wp-json\/wp\/v2\/media\/902"}],"wp:attachment":[{"href":"https:\/\/mapadadiversidade.com.br\/ipatinga\/wp-json\/wp\/v2\/media?parent=744"}],"wp:term":[{"taxonomy":"category","embeddable":true,"href":"https:\/\/mapadadiversidade.com.br\/ipatinga\/wp-json\/wp\/v2\/categories?post=744"},{"taxonomy":"post_tag","embeddable":true,"href":"https:\/\/mapadadiversidade.com.br\/ipatinga\/wp-json\/wp\/v2\/tags?post=744"}],"curies":[{"name":"wp","href":"https:\/\/api.w.org\/{rel}","templated":true}]}}