{"id":747,"date":"2019-06-29T18:20:14","date_gmt":"2019-06-29T21:20:14","guid":{"rendered":"https:\/\/mapadadiversidade.com.br\/ipatinga\/?p=747"},"modified":"2019-07-07T13:53:41","modified_gmt":"2019-07-07T16:53:41","slug":"debora-vieira-de-carvalho-lima","status":"publish","type":"post","link":"https:\/\/mapadadiversidade.com.br\/ipatinga\/debora-vieira-de-carvalho-lima\/","title":{"rendered":"D\u00e9bora Vieira de Carvalho Lima"},"content":{"rendered":"\n<p>Valoriza\u00e7\u00e3o do feito \u00e0 m\u00e3o, resgatando t\u00e9cnicas artesanais e tradicionais atrav\u00e9s de mat\u00e9ria prima residual e ecologicamente correta.<\/p>\n\n\n\n<p>Artesanato<\/p>\n\n\n\n<p>Hist\u00f3rico: Ap\u00f3s fazer curso na \u00e1rea de capacita\u00e7\u00e3o em artesanato dedicou-se \u00e0 atividade desenvolvendo pe\u00e7as exclusivas para o seguimento da moda.<\/p>\n\n\n\n<p>Telefone; (31) 987590587<br>E-mail: deboravitorino@gmail.com<br>Facebook: d`vitorino<br>Instagram: @D vitorino oficial<\/p>\n\n\n\n<ul class=\"wp-block-gallery columns-3 is-cropped wp-block-gallery-1 is-layout-flex wp-block-gallery-is-layout-flex\"><li class=\"blocks-gallery-item\"><figure><img loading=\"lazy\" decoding=\"async\" width=\"800\" height=\"539\" src=\"https:\/\/mapadadiversidade.com.br\/ipatinga\/wp-content\/uploads\/2019\/06\/20190610_144557.jpg\" alt=\"\" data-id=\"754\" data-link=\"https:\/\/mapadadiversidade.com.br\/ipatinga\/?attachment_id=754\" class=\"wp-image-754\" srcset=\"https:\/\/mapadadiversidade.com.br\/ipatinga\/wp-content\/uploads\/2019\/06\/20190610_144557.jpg 800w, https:\/\/mapadadiversidade.com.br\/ipatinga\/wp-content\/uploads\/2019\/06\/20190610_144557-300x202.jpg 300w, https:\/\/mapadadiversidade.com.br\/ipatinga\/wp-content\/uploads\/2019\/06\/20190610_144557-768x517.jpg 768w\" sizes=\"auto, (max-width: 800px) 100vw, 800px\" \/><\/figure><\/li><li class=\"blocks-gallery-item\"><figure><img loading=\"lazy\" decoding=\"async\" width=\"800\" height=\"450\" src=\"https:\/\/mapadadiversidade.com.br\/ipatinga\/wp-content\/uploads\/2019\/06\/20190610_144633.jpg\" alt=\"\" data-id=\"755\" data-link=\"https:\/\/mapadadiversidade.com.br\/ipatinga\/?attachment_id=755\" class=\"wp-image-755\" srcset=\"https:\/\/mapadadiversidade.com.br\/ipatinga\/wp-content\/uploads\/2019\/06\/20190610_144633.jpg 800w, https:\/\/mapadadiversidade.com.br\/ipatinga\/wp-content\/uploads\/2019\/06\/20190610_144633-300x169.jpg 300w, https:\/\/mapadadiversidade.com.br\/ipatinga\/wp-content\/uploads\/2019\/06\/20190610_144633-768x432.jpg 768w\" sizes=\"auto, (max-width: 800px) 100vw, 800px\" \/><\/figure><\/li><li class=\"blocks-gallery-item\"><figure><img loading=\"lazy\" decoding=\"async\" width=\"800\" height=\"450\" src=\"https:\/\/mapadadiversidade.com.br\/ipatinga\/wp-content\/uploads\/2019\/06\/20190610_144757.jpg\" alt=\"\" data-id=\"756\" data-link=\"https:\/\/mapadadiversidade.com.br\/ipatinga\/?attachment_id=756\" class=\"wp-image-756\" srcset=\"https:\/\/mapadadiversidade.com.br\/ipatinga\/wp-content\/uploads\/2019\/06\/20190610_144757.jpg 800w, https:\/\/mapadadiversidade.com.br\/ipatinga\/wp-content\/uploads\/2019\/06\/20190610_144757-300x169.jpg 300w, https:\/\/mapadadiversidade.com.br\/ipatinga\/wp-content\/uploads\/2019\/06\/20190610_144757-768x432.jpg 768w\" sizes=\"auto, (max-width: 800px) 100vw, 800px\" \/><\/figure><\/li><li class=\"blocks-gallery-item\"><figure><img loading=\"lazy\" decoding=\"async\" width=\"800\" height=\"578\" src=\"https:\/\/mapadadiversidade.com.br\/ipatinga\/wp-content\/uploads\/2019\/06\/20190610_144835.jpg\" alt=\"\" data-id=\"757\" data-link=\"https:\/\/mapadadiversidade.com.br\/ipatinga\/?attachment_id=757\" class=\"wp-image-757\" srcset=\"https:\/\/mapadadiversidade.com.br\/ipatinga\/wp-content\/uploads\/2019\/06\/20190610_144835.jpg 800w, https:\/\/mapadadiversidade.com.br\/ipatinga\/wp-content\/uploads\/2019\/06\/20190610_144835-300x217.jpg 300w, https:\/\/mapadadiversidade.com.br\/ipatinga\/wp-content\/uploads\/2019\/06\/20190610_144835-768x555.jpg 768w\" sizes=\"auto, (max-width: 800px) 100vw, 800px\" \/><figcaption>j<\/figcaption><\/figure><\/li><li class=\"blocks-gallery-item\"><figure><img loading=\"lazy\" decoding=\"async\" width=\"800\" height=\"587\" src=\"https:\/\/mapadadiversidade.com.br\/ipatinga\/wp-content\/uploads\/2019\/06\/20190610_144850.jpg\" alt=\"\" data-id=\"758\" data-link=\"https:\/\/mapadadiversidade.com.br\/ipatinga\/?attachment_id=758\" class=\"wp-image-758\" srcset=\"https:\/\/mapadadiversidade.com.br\/ipatinga\/wp-content\/uploads\/2019\/06\/20190610_144850.jpg 800w, https:\/\/mapadadiversidade.com.br\/ipatinga\/wp-content\/uploads\/2019\/06\/20190610_144850-300x220.jpg 300w, https:\/\/mapadadiversidade.com.br\/ipatinga\/wp-content\/uploads\/2019\/06\/20190610_144850-768x564.jpg 768w\" sizes=\"auto, (max-width: 800px) 100vw, 800px\" \/><\/figure><\/li><li class=\"blocks-gallery-item\"><figure><img loading=\"lazy\" decoding=\"async\" width=\"800\" height=\"678\" src=\"https:\/\/mapadadiversidade.com.br\/ipatinga\/wp-content\/uploads\/2019\/06\/20190610_150447.jpg\" alt=\"\" data-id=\"759\" data-link=\"https:\/\/mapadadiversidade.com.br\/ipatinga\/?attachment_id=759\" class=\"wp-image-759\" srcset=\"https:\/\/mapadadiversidade.com.br\/ipatinga\/wp-content\/uploads\/2019\/06\/20190610_150447.jpg 800w, https:\/\/mapadadiversidade.com.br\/ipatinga\/wp-content\/uploads\/2019\/06\/20190610_150447-300x254.jpg 300w, https:\/\/mapadadiversidade.com.br\/ipatinga\/wp-content\/uploads\/2019\/06\/20190610_150447-768x651.jpg 768w\" sizes=\"auto, (max-width: 800px) 100vw, 800px\" \/><\/figure><\/li><li class=\"blocks-gallery-item\"><figure><img loading=\"lazy\" decoding=\"async\" width=\"800\" height=\"621\" src=\"https:\/\/mapadadiversidade.com.br\/ipatinga\/wp-content\/uploads\/2019\/06\/20190610_150507.jpg\" alt=\"\" data-id=\"760\" data-link=\"https:\/\/mapadadiversidade.com.br\/ipatinga\/?attachment_id=760\" class=\"wp-image-760\" srcset=\"https:\/\/mapadadiversidade.com.br\/ipatinga\/wp-content\/uploads\/2019\/06\/20190610_150507.jpg 800w, https:\/\/mapadadiversidade.com.br\/ipatinga\/wp-content\/uploads\/2019\/06\/20190610_150507-300x233.jpg 300w, https:\/\/mapadadiversidade.com.br\/ipatinga\/wp-content\/uploads\/2019\/06\/20190610_150507-768x596.jpg 768w\" sizes=\"auto, (max-width: 800px) 100vw, 800px\" \/><\/figure><\/li><\/ul>\n","protected":false},"excerpt":{"rendered":"<p>Valoriza\u00e7\u00e3o do feito \u00e0 m\u00e3o, resgatando t\u00e9cnicas artesanais e tradicionais atrav\u00e9s de mat\u00e9ria prima residual e ecologicamente correta.<\/p>\n","protected":false},"author":12,"featured_media":760,"comment_status":"open","ping_status":"open","sticky":false,"template":"","format":"standard","meta":{"footnotes":""},"categories":[1,11],"tags":[30],"class_list":["post-747","post","type-post","status-publish","format-standard","has-post-thumbnail","hentry","category-ipatinga","category-artesanato","tag-artesanato","item-wrap"],"_links":{"self":[{"href":"https:\/\/mapadadiversidade.com.br\/ipatinga\/wp-json\/wp\/v2\/posts\/747","targetHints":{"allow":["GET"]}}],"collection":[{"href":"https:\/\/mapadadiversidade.com.br\/ipatinga\/wp-json\/wp\/v2\/posts"}],"about":[{"href":"https:\/\/mapadadiversidade.com.br\/ipatinga\/wp-json\/wp\/v2\/types\/post"}],"author":[{"embeddable":true,"href":"https:\/\/mapadadiversidade.com.br\/ipatinga\/wp-json\/wp\/v2\/users\/12"}],"replies":[{"embeddable":true,"href":"https:\/\/mapadadiversidade.com.br\/ipatinga\/wp-json\/wp\/v2\/comments?post=747"}],"version-history":[{"count":2,"href":"https:\/\/mapadadiversidade.com.br\/ipatinga\/wp-json\/wp\/v2\/posts\/747\/revisions"}],"predecessor-version":[{"id":1690,"href":"https:\/\/mapadadiversidade.com.br\/ipatinga\/wp-json\/wp\/v2\/posts\/747\/revisions\/1690"}],"wp:featuredmedia":[{"embeddable":true,"href":"https:\/\/mapadadiversidade.com.br\/ipatinga\/wp-json\/wp\/v2\/media\/760"}],"wp:attachment":[{"href":"https:\/\/mapadadiversidade.com.br\/ipatinga\/wp-json\/wp\/v2\/media?parent=747"}],"wp:term":[{"taxonomy":"category","embeddable":true,"href":"https:\/\/mapadadiversidade.com.br\/ipatinga\/wp-json\/wp\/v2\/categories?post=747"},{"taxonomy":"post_tag","embeddable":true,"href":"https:\/\/mapadadiversidade.com.br\/ipatinga\/wp-json\/wp\/v2\/tags?post=747"}],"curies":[{"name":"wp","href":"https:\/\/api.w.org\/{rel}","templated":true}]}}