{"id":749,"date":"2019-06-01T18:19:40","date_gmt":"2019-06-01T21:19:40","guid":{"rendered":"https:\/\/mapadadiversidade.com.br\/ipatinga\/?p=749"},"modified":"2019-07-10T23:50:54","modified_gmt":"2019-07-11T02:50:54","slug":"solange-maria-alves-de-magalhaes","status":"publish","type":"post","link":"https:\/\/mapadadiversidade.com.br\/ipatinga\/solange-maria-alves-de-magalhaes\/","title":{"rendered":"Solange Maria \/ Ag\u00eancia OZ"},"content":{"rendered":"\n<p>Produtora Cultural\/ Dire\u00e7\u00e3o de produ\u00e7\u00e3o<\/p>\n\n\n\n<p>Realizo e  produzo trabalhos de moda. Editoriais, cat\u00e1logos, campanhas, desfiles.Gerencia&nbsp;<a href=\"https:\/\/www.facebook.com\/missmisterteenmg\/?ref=profile_intro_card\">Miss Teen Minas Gerais<\/a>,&nbsp;<a href=\"https:\/\/www.facebook.com\/missesvaledoaco\/?ref=profile_intro_card\">Mister &amp; Misses Vale do A\u00e7o<\/a>&nbsp;e&nbsp;<a href=\"https:\/\/www.facebook.com\/concursoteenminasgerais\/?ref=profile_intro_card\">Miss &amp; Mister Teen Minas Gerais Internacional<\/a>. Produzo Eventos de beleza e produ\u00e7\u00e3o de campanhas publicit\u00e1rias, dou aulas de postura e passarela <\/p>\n\n\n\n<p>Telefone: (31) 99191-1419 <\/p>\n\n\n\n<p>Email: solangeagenciaoz@gmail.com <\/p>\n\n\n\n<p>Facebook:<a href=\"https:\/\/www.facebook.com\/solange.maria.37\"> <\/a><a href=\"https:\/\/www.facebook.com\/Ag%C3%AAncia-OZ-182682421760328\/\">Agencia OZ<\/a><\/p>\n\n\n\n<p>Instagram: <a href=\"https:\/\/www.instagram.com\/agencia.oz\/\">Agencia OZ<\/a><\/p>\n\n\n\n<p><\/p>\n\n\n\n<figure class=\"wp-block-embed-youtube wp-block-embed is-type-video is-provider-youtube wp-embed-aspect-16-9 wp-has-aspect-ratio\"><div class=\"wp-block-embed__wrapper\">\n<iframe loading=\"lazy\" title=\"Solange Maria\" width=\"944\" height=\"531\" src=\"https:\/\/www.youtube.com\/embed\/vUxip1Ktry4?feature=oembed\" frameborder=\"0\" allow=\"accelerometer; autoplay; encrypted-media; gyroscope; picture-in-picture\" allowfullscreen><\/iframe>\n<\/div><\/figure>\n\n\n\n<ul class=\"wp-block-gallery columns-3 is-cropped wp-block-gallery-1 is-layout-flex wp-block-gallery-is-layout-flex\"><li class=\"blocks-gallery-item\"><figure><img loading=\"lazy\" decoding=\"async\" width=\"682\" height=\"1024\" src=\"https:\/\/mapadadiversidade.com.br\/ipatinga\/wp-content\/uploads\/2019\/07\/sol1-682x1024.jpeg\" alt=\"\" data-id=\"2183\" data-link=\"https:\/\/mapadadiversidade.com.br\/ipatinga\/solange-maria-alves-de-magalhaes\/sol1\/\" class=\"wp-image-2183\" srcset=\"https:\/\/mapadadiversidade.com.br\/ipatinga\/wp-content\/uploads\/2019\/07\/sol1-682x1024.jpeg 682w, https:\/\/mapadadiversidade.com.br\/ipatinga\/wp-content\/uploads\/2019\/07\/sol1-200x300.jpeg 200w, https:\/\/mapadadiversidade.com.br\/ipatinga\/wp-content\/uploads\/2019\/07\/sol1-768x1152.jpeg 768w, https:\/\/mapadadiversidade.com.br\/ipatinga\/wp-content\/uploads\/2019\/07\/sol1.jpeg 853w\" sizes=\"auto, (max-width: 682px) 100vw, 682px\" \/><\/figure><\/li><li class=\"blocks-gallery-item\"><figure><img loading=\"lazy\" decoding=\"async\" width=\"682\" height=\"1024\" src=\"https:\/\/mapadadiversidade.com.br\/ipatinga\/wp-content\/uploads\/2019\/07\/sol3-682x1024.jpeg\" alt=\"\" data-id=\"2184\" data-link=\"https:\/\/mapadadiversidade.com.br\/ipatinga\/solange-maria-alves-de-magalhaes\/sol3\/\" class=\"wp-image-2184\" srcset=\"https:\/\/mapadadiversidade.com.br\/ipatinga\/wp-content\/uploads\/2019\/07\/sol3-682x1024.jpeg 682w, https:\/\/mapadadiversidade.com.br\/ipatinga\/wp-content\/uploads\/2019\/07\/sol3-200x300.jpeg 200w, https:\/\/mapadadiversidade.com.br\/ipatinga\/wp-content\/uploads\/2019\/07\/sol3-768x1152.jpeg 768w, https:\/\/mapadadiversidade.com.br\/ipatinga\/wp-content\/uploads\/2019\/07\/sol3.jpeg 853w\" sizes=\"auto, (max-width: 682px) 100vw, 682px\" \/><\/figure><\/li><li class=\"blocks-gallery-item\"><figure><img loading=\"lazy\" decoding=\"async\" width=\"576\" height=\"1024\" src=\"https:\/\/mapadadiversidade.com.br\/ipatinga\/wp-content\/uploads\/2019\/07\/sol5-576x1024.jpg\" alt=\"\" data-id=\"2185\" data-link=\"https:\/\/mapadadiversidade.com.br\/ipatinga\/solange-maria-alves-de-magalhaes\/sol5\/\" class=\"wp-image-2185\" srcset=\"https:\/\/mapadadiversidade.com.br\/ipatinga\/wp-content\/uploads\/2019\/07\/sol5-576x1024.jpg 576w, https:\/\/mapadadiversidade.com.br\/ipatinga\/wp-content\/uploads\/2019\/07\/sol5-169x300.jpg 169w, https:\/\/mapadadiversidade.com.br\/ipatinga\/wp-content\/uploads\/2019\/07\/sol5-768x1365.jpg 768w, https:\/\/mapadadiversidade.com.br\/ipatinga\/wp-content\/uploads\/2019\/07\/sol5.jpg 1152w\" sizes=\"auto, (max-width: 576px) 100vw, 576px\" \/><\/figure><\/li><li class=\"blocks-gallery-item\"><figure><img loading=\"lazy\" decoding=\"async\" width=\"937\" height=\"999\" src=\"https:\/\/mapadadiversidade.com.br\/ipatinga\/wp-content\/uploads\/2019\/07\/sol7.jpg\" alt=\"\" data-id=\"2186\" data-link=\"https:\/\/mapadadiversidade.com.br\/ipatinga\/solange-maria-alves-de-magalhaes\/sol7\/\" class=\"wp-image-2186\" srcset=\"https:\/\/mapadadiversidade.com.br\/ipatinga\/wp-content\/uploads\/2019\/07\/sol7.jpg 937w, https:\/\/mapadadiversidade.com.br\/ipatinga\/wp-content\/uploads\/2019\/07\/sol7-281x300.jpg 281w, https:\/\/mapadadiversidade.com.br\/ipatinga\/wp-content\/uploads\/2019\/07\/sol7-768x819.jpg 768w\" sizes=\"auto, (max-width: 937px) 100vw, 937px\" \/><\/figure><\/li><li class=\"blocks-gallery-item\"><figure><img loading=\"lazy\" decoding=\"async\" width=\"540\" height=\"960\" src=\"https:\/\/mapadadiversidade.com.br\/ipatinga\/wp-content\/uploads\/2019\/07\/sol10.jpg\" alt=\"\" data-id=\"2187\" data-link=\"https:\/\/mapadadiversidade.com.br\/ipatinga\/solange-maria-alves-de-magalhaes\/sol10\/\" class=\"wp-image-2187\" srcset=\"https:\/\/mapadadiversidade.com.br\/ipatinga\/wp-content\/uploads\/2019\/07\/sol10.jpg 540w, https:\/\/mapadadiversidade.com.br\/ipatinga\/wp-content\/uploads\/2019\/07\/sol10-169x300.jpg 169w\" sizes=\"auto, (max-width: 540px) 100vw, 540px\" \/><\/figure><\/li><li class=\"blocks-gallery-item\"><figure><img loading=\"lazy\" decoding=\"async\" width=\"575\" height=\"1024\" src=\"https:\/\/mapadadiversidade.com.br\/ipatinga\/wp-content\/uploads\/2019\/07\/sol12-575x1024.jpeg\" alt=\"\" data-id=\"2188\" data-link=\"https:\/\/mapadadiversidade.com.br\/ipatinga\/solange-maria-alves-de-magalhaes\/sol12\/\" class=\"wp-image-2188\" srcset=\"https:\/\/mapadadiversidade.com.br\/ipatinga\/wp-content\/uploads\/2019\/07\/sol12-575x1024.jpeg 575w, https:\/\/mapadadiversidade.com.br\/ipatinga\/wp-content\/uploads\/2019\/07\/sol12-168x300.jpeg 168w, https:\/\/mapadadiversidade.com.br\/ipatinga\/wp-content\/uploads\/2019\/07\/sol12.jpeg 584w\" sizes=\"auto, (max-width: 575px) 100vw, 575px\" \/><\/figure><\/li><li class=\"blocks-gallery-item\"><figure><img loading=\"lazy\" decoding=\"async\" width=\"1024\" height=\"682\" src=\"https:\/\/mapadadiversidade.com.br\/ipatinga\/wp-content\/uploads\/2019\/07\/sol13-1024x682.jpeg\" alt=\"\" data-id=\"2189\" data-link=\"https:\/\/mapadadiversidade.com.br\/ipatinga\/solange-maria-alves-de-magalhaes\/sol13\/\" class=\"wp-image-2189\" srcset=\"https:\/\/mapadadiversidade.com.br\/ipatinga\/wp-content\/uploads\/2019\/07\/sol13-1024x682.jpeg 1024w, https:\/\/mapadadiversidade.com.br\/ipatinga\/wp-content\/uploads\/2019\/07\/sol13-300x200.jpeg 300w, https:\/\/mapadadiversidade.com.br\/ipatinga\/wp-content\/uploads\/2019\/07\/sol13-768x512.jpeg 768w, https:\/\/mapadadiversidade.com.br\/ipatinga\/wp-content\/uploads\/2019\/07\/sol13.jpeg 1280w\" sizes=\"auto, (max-width: 1024px) 100vw, 1024px\" \/><\/figure><\/li><li class=\"blocks-gallery-item\"><figure><img loading=\"lazy\" decoding=\"async\" width=\"960\" height=\"640\" src=\"https:\/\/mapadadiversidade.com.br\/ipatinga\/wp-content\/uploads\/2019\/07\/sol15.jpeg\" alt=\"\" data-id=\"2190\" data-link=\"https:\/\/mapadadiversidade.com.br\/ipatinga\/solange-maria-alves-de-magalhaes\/sol15\/\" class=\"wp-image-2190\" srcset=\"https:\/\/mapadadiversidade.com.br\/ipatinga\/wp-content\/uploads\/2019\/07\/sol15.jpeg 960w, https:\/\/mapadadiversidade.com.br\/ipatinga\/wp-content\/uploads\/2019\/07\/sol15-300x200.jpeg 300w, https:\/\/mapadadiversidade.com.br\/ipatinga\/wp-content\/uploads\/2019\/07\/sol15-768x512.jpeg 768w\" sizes=\"auto, (max-width: 960px) 100vw, 960px\" \/><\/figure><\/li><li class=\"blocks-gallery-item\"><figure><img loading=\"lazy\" decoding=\"async\" width=\"960\" height=\"640\" src=\"https:\/\/mapadadiversidade.com.br\/ipatinga\/wp-content\/uploads\/2019\/07\/sol18.jpeg\" alt=\"\" data-id=\"2191\" data-link=\"https:\/\/mapadadiversidade.com.br\/ipatinga\/solange-maria-alves-de-magalhaes\/sol18\/\" class=\"wp-image-2191\" srcset=\"https:\/\/mapadadiversidade.com.br\/ipatinga\/wp-content\/uploads\/2019\/07\/sol18.jpeg 960w, https:\/\/mapadadiversidade.com.br\/ipatinga\/wp-content\/uploads\/2019\/07\/sol18-300x200.jpeg 300w, https:\/\/mapadadiversidade.com.br\/ipatinga\/wp-content\/uploads\/2019\/07\/sol18-768x512.jpeg 768w\" sizes=\"auto, (max-width: 960px) 100vw, 960px\" \/><\/figure><\/li><\/ul>\n","protected":false},"excerpt":{"rendered":"<p>Produtora Cultural\/ Dire\u00e7\u00e3o de produ\u00e7\u00e3o Realizo e produzo trabalhos de moda. Editoriais, cat\u00e1logos, campanhas, desfiles.Gerencia&nbsp;Miss Teen Minas Gerais,&nbsp;Mister &amp; Misses Vale do A\u00e7o&nbsp;e&nbsp;Miss &amp; Mister Teen Minas Gerais Internacional. Produzo Eventos de beleza e produ\u00e7\u00e3o de campanhas publicit\u00e1rias, dou aulas de postura e passarela Telefone: (31) 99191-1419 Email: solangeagenciaoz@gmail.com Facebook: Agencia OZ Instagram: Agencia OZ<\/p>\n","protected":false},"author":3,"featured_media":2183,"comment_status":"open","ping_status":"open","sticky":false,"template":"","format":"standard","meta":{"footnotes":""},"categories":[1,18],"tags":[187,260],"class_list":["post-749","post","type-post","status-publish","format-standard","has-post-thumbnail","hentry","category-ipatinga","category-produtor-ou-gestor-cultural","tag-moda","tag-producao-de-modelos","item-wrap"],"_links":{"self":[{"href":"https:\/\/mapadadiversidade.com.br\/ipatinga\/wp-json\/wp\/v2\/posts\/749","targetHints":{"allow":["GET"]}}],"collection":[{"href":"https:\/\/mapadadiversidade.com.br\/ipatinga\/wp-json\/wp\/v2\/posts"}],"about":[{"href":"https:\/\/mapadadiversidade.com.br\/ipatinga\/wp-json\/wp\/v2\/types\/post"}],"author":[{"embeddable":true,"href":"https:\/\/mapadadiversidade.com.br\/ipatinga\/wp-json\/wp\/v2\/users\/3"}],"replies":[{"embeddable":true,"href":"https:\/\/mapadadiversidade.com.br\/ipatinga\/wp-json\/wp\/v2\/comments?post=749"}],"version-history":[{"count":8,"href":"https:\/\/mapadadiversidade.com.br\/ipatinga\/wp-json\/wp\/v2\/posts\/749\/revisions"}],"predecessor-version":[{"id":2200,"href":"https:\/\/mapadadiversidade.com.br\/ipatinga\/wp-json\/wp\/v2\/posts\/749\/revisions\/2200"}],"wp:featuredmedia":[{"embeddable":true,"href":"https:\/\/mapadadiversidade.com.br\/ipatinga\/wp-json\/wp\/v2\/media\/2183"}],"wp:attachment":[{"href":"https:\/\/mapadadiversidade.com.br\/ipatinga\/wp-json\/wp\/v2\/media?parent=749"}],"wp:term":[{"taxonomy":"category","embeddable":true,"href":"https:\/\/mapadadiversidade.com.br\/ipatinga\/wp-json\/wp\/v2\/categories?post=749"},{"taxonomy":"post_tag","embeddable":true,"href":"https:\/\/mapadadiversidade.com.br\/ipatinga\/wp-json\/wp\/v2\/tags?post=749"}],"curies":[{"name":"wp","href":"https:\/\/api.w.org\/{rel}","templated":true}]}}