{"id":765,"date":"2019-06-30T18:28:17","date_gmt":"2019-06-30T21:28:17","guid":{"rendered":"https:\/\/mapadadiversidade.com.br\/ipatinga\/?p=765"},"modified":"2019-07-09T15:53:47","modified_gmt":"2019-07-09T18:53:47","slug":"tailles-teodoro","status":"publish","type":"post","link":"https:\/\/mapadadiversidade.com.br\/ipatinga\/tailles-teodoro\/","title":{"rendered":"Tailles Heliodoro\/ Socialyte Produ\u00e7\u00f5es e Promo\u00e7\u00f5es"},"content":{"rendered":"\n<p>Produtor executivo de eventos <\/p>\n\n\n\n<p>Sou formado em Turismo, dono e  produtor da empresa Socialyte, que trabalha com artistas nacionais possibilitando a vinda deles para apresenta\u00e7\u00f5es em nossa regi\u00e3o. Nossa miss\u00e3o \u00e9 promover os eventos mais incr\u00edveis para os nossos clientes.<\/p>\n\n\n\n<p>Outras atua\u00e7\u00e3o: Comunica\u00e7\u00e3o e M\u00eddia<\/p>\n\n\n\n<p>Elevamos a autoestima das pessoas e a visibilidade de empresas por meio do engrandecimento da imagem e da gera\u00e7\u00e3o de status social.<\/p>\n\n\n\n<p>Telefone : (31) 98617-7642<br>Email: contatosocialyte.com.br<br>P\u00e1gina internet: www.contatosocilyte.com.br <br>Facebook: <a href=\"https:\/\/www.facebook.com\/sitesocialyte\/?ref=br_rs\">@sitesocialyte<\/a><br>Instagram: <a href=\"https:\/\/www.instagram.com\/sitesocialyte\/?hl=pt-br\">@sitesocialyte<\/a><\/p>\n\n\n\n<figure class=\"wp-block-embed-youtube wp-block-embed is-type-video is-provider-youtube wp-embed-aspect-16-9 wp-has-aspect-ratio\"><div class=\"wp-block-embed__wrapper\">\n<iframe loading=\"lazy\" title=\"Tailles Heliodoro\" width=\"944\" height=\"531\" src=\"https:\/\/www.youtube.com\/embed\/AHhg1pGy_xQ?feature=oembed\" frameborder=\"0\" allow=\"accelerometer; autoplay; encrypted-media; gyroscope; picture-in-picture\" allowfullscreen><\/iframe>\n<\/div><\/figure>\n\n\n\n<ul class=\"wp-block-gallery columns-2 is-cropped wp-block-gallery-1 is-layout-flex wp-block-gallery-is-layout-flex\"><li class=\"blocks-gallery-item\"><figure><img loading=\"lazy\" decoding=\"async\" width=\"1000\" height=\"667\" src=\"https:\/\/mapadadiversidade.com.br\/ipatinga\/wp-content\/uploads\/2019\/06\/2016-06-23-4-AMIGOS-143-1.jpg\" alt=\"\" data-id=\"1069\" data-link=\"https:\/\/mapadadiversidade.com.br\/ipatinga\/tailles-teodoro\/2016-06-23-4-amigos-143-1\/\" class=\"wp-image-1069\" srcset=\"https:\/\/mapadadiversidade.com.br\/ipatinga\/wp-content\/uploads\/2019\/06\/2016-06-23-4-AMIGOS-143-1.jpg 1000w, https:\/\/mapadadiversidade.com.br\/ipatinga\/wp-content\/uploads\/2019\/06\/2016-06-23-4-AMIGOS-143-1-300x200.jpg 300w, https:\/\/mapadadiversidade.com.br\/ipatinga\/wp-content\/uploads\/2019\/06\/2016-06-23-4-AMIGOS-143-1-768x512.jpg 768w\" sizes=\"auto, (max-width: 1000px) 100vw, 1000px\" \/><\/figure><\/li><li class=\"blocks-gallery-item\"><figure><img loading=\"lazy\" decoding=\"async\" width=\"1000\" height=\"667\" src=\"https:\/\/mapadadiversidade.com.br\/ipatinga\/wp-content\/uploads\/2019\/06\/2016-06-23-4-AMIGOS-290-1.jpg\" alt=\"\" data-id=\"1070\" data-link=\"https:\/\/mapadadiversidade.com.br\/ipatinga\/tailles-teodoro\/2016-06-23-4-amigos-290-1\/\" class=\"wp-image-1070\" srcset=\"https:\/\/mapadadiversidade.com.br\/ipatinga\/wp-content\/uploads\/2019\/06\/2016-06-23-4-AMIGOS-290-1.jpg 1000w, https:\/\/mapadadiversidade.com.br\/ipatinga\/wp-content\/uploads\/2019\/06\/2016-06-23-4-AMIGOS-290-1-300x200.jpg 300w, https:\/\/mapadadiversidade.com.br\/ipatinga\/wp-content\/uploads\/2019\/06\/2016-06-23-4-AMIGOS-290-1-768x512.jpg 768w\" sizes=\"auto, (max-width: 1000px) 100vw, 1000px\" \/><\/figure><\/li><li class=\"blocks-gallery-item\"><figure><img loading=\"lazy\" decoding=\"async\" width=\"1024\" height=\"683\" src=\"https:\/\/mapadadiversidade.com.br\/ipatinga\/wp-content\/uploads\/2019\/06\/2019-04-27-MOANA-601-1-1024x683.jpg\" alt=\"\" data-id=\"1071\" data-link=\"https:\/\/mapadadiversidade.com.br\/ipatinga\/tailles-teodoro\/2019-04-27-moana-601-1\/\" class=\"wp-image-1071\" srcset=\"https:\/\/mapadadiversidade.com.br\/ipatinga\/wp-content\/uploads\/2019\/06\/2019-04-27-MOANA-601-1-1024x683.jpg 1024w, https:\/\/mapadadiversidade.com.br\/ipatinga\/wp-content\/uploads\/2019\/06\/2019-04-27-MOANA-601-1-300x200.jpg 300w, https:\/\/mapadadiversidade.com.br\/ipatinga\/wp-content\/uploads\/2019\/06\/2019-04-27-MOANA-601-1-768x512.jpg 768w, https:\/\/mapadadiversidade.com.br\/ipatinga\/wp-content\/uploads\/2019\/06\/2019-04-27-MOANA-601-1.jpg 1800w\" sizes=\"auto, (max-width: 1024px) 100vw, 1024px\" \/><\/figure><\/li><\/ul>\n","protected":false},"excerpt":{"rendered":"<p>Sou formado em Turismo, e sou empres\u00e1rio e produtor da empresa Socialyte, que trabalha com artistas nacionais possibilitando a vinda deles para apresenta\u00e7\u00f5es em nossa regi\u00e3o. Nossa miss\u00e3o \u00e9 promover os eventos mais incr\u00edveis para os nossos clientes.<\/p>\n","protected":false},"author":3,"featured_media":1068,"comment_status":"open","ping_status":"open","sticky":false,"template":"","format":"standard","meta":{"footnotes":""},"categories":[1,6],"tags":[204,205,164],"class_list":["post-765","post","type-post","status-publish","format-standard","has-post-thumbnail","hentry","category-ipatinga","category-comunicacao-e-midia","tag-comunicacao-e-midia","tag-eventos","tag-produtor","item-wrap"],"_links":{"self":[{"href":"https:\/\/mapadadiversidade.com.br\/ipatinga\/wp-json\/wp\/v2\/posts\/765","targetHints":{"allow":["GET"]}}],"collection":[{"href":"https:\/\/mapadadiversidade.com.br\/ipatinga\/wp-json\/wp\/v2\/posts"}],"about":[{"href":"https:\/\/mapadadiversidade.com.br\/ipatinga\/wp-json\/wp\/v2\/types\/post"}],"author":[{"embeddable":true,"href":"https:\/\/mapadadiversidade.com.br\/ipatinga\/wp-json\/wp\/v2\/users\/3"}],"replies":[{"embeddable":true,"href":"https:\/\/mapadadiversidade.com.br\/ipatinga\/wp-json\/wp\/v2\/comments?post=765"}],"version-history":[{"count":9,"href":"https:\/\/mapadadiversidade.com.br\/ipatinga\/wp-json\/wp\/v2\/posts\/765\/revisions"}],"predecessor-version":[{"id":1987,"href":"https:\/\/mapadadiversidade.com.br\/ipatinga\/wp-json\/wp\/v2\/posts\/765\/revisions\/1987"}],"wp:featuredmedia":[{"embeddable":true,"href":"https:\/\/mapadadiversidade.com.br\/ipatinga\/wp-json\/wp\/v2\/media\/1068"}],"wp:attachment":[{"href":"https:\/\/mapadadiversidade.com.br\/ipatinga\/wp-json\/wp\/v2\/media?parent=765"}],"wp:term":[{"taxonomy":"category","embeddable":true,"href":"https:\/\/mapadadiversidade.com.br\/ipatinga\/wp-json\/wp\/v2\/categories?post=765"},{"taxonomy":"post_tag","embeddable":true,"href":"https:\/\/mapadadiversidade.com.br\/ipatinga\/wp-json\/wp\/v2\/tags?post=765"}],"curies":[{"name":"wp","href":"https:\/\/api.w.org\/{rel}","templated":true}]}}