{"id":772,"date":"2019-06-29T18:33:52","date_gmt":"2019-06-29T21:33:52","guid":{"rendered":"https:\/\/mapadadiversidade.com.br\/ipatinga\/?p=772"},"modified":"2019-07-10T01:01:27","modified_gmt":"2019-07-10T04:01:27","slug":"melina-de-faria","status":"publish","type":"post","link":"https:\/\/mapadadiversidade.com.br\/ipatinga\/melina-de-faria\/","title":{"rendered":"Melina de Faria Santos"},"content":{"rendered":"\n<p>Produtora Cultural<\/p>\n\n\n\n<p>Produtora Cultural:  Atualmente trabalha com produ\u00e7\u00e3o  em espa\u00e7o que integra todo tipo de manifesta\u00e7\u00f5es culturais.<\/p>\n\n\n\n<p>Hist\u00f3rico: H\u00e1 oito anos trabalha com produ\u00e7\u00e3o cultural, especificamente  com teatro. Em 2011 ingressou na produ\u00e7\u00e3o cultural pela m\u00fasica integrando o Coletivo P\u00e9 de Cabra, atuando por um ano  e quatro meses. Durante este processo conheceu e come\u00e7ou a trabalhar com a equipe do Casa Laborat\u00f3rio, atuando  at\u00e9 o momento neste espa\u00e7o cultural.<\/p>\n\n\n\n<p>Telefone: (31)98976-5620<br>Email: mel.pedecabra@gmail.com<br>Faceboook: <a href=\"https:\/\/www.facebook.com\/Mel.d.Faria\">Mel de Faria<\/a><a href=\"https:\/\/www.instagram.com\/mel_de_faria\/?hl=pt-br\"> <\/a><br>Instagram: <a href=\"https:\/\/www.instagram.com\/mel_de_faria\/?hl=pt-br\">Mel de Faria<\/a><\/p>\n\n\n\n<figure class=\"wp-block-embed-youtube wp-block-embed is-type-video is-provider-youtube wp-embed-aspect-16-9 wp-has-aspect-ratio\"><div class=\"wp-block-embed__wrapper\">\n<iframe loading=\"lazy\" title=\"Mel de Faria\" width=\"944\" height=\"531\" src=\"https:\/\/www.youtube.com\/embed\/GDqbOZy3AoI?feature=oembed\" frameborder=\"0\" allow=\"accelerometer; autoplay; encrypted-media; gyroscope; picture-in-picture\" allowfullscreen><\/iframe>\n<\/div><\/figure>\n\n\n\n<ul class=\"wp-block-gallery columns-2 is-cropped wp-block-gallery-1 is-layout-flex wp-block-gallery-is-layout-flex\"><li class=\"blocks-gallery-item\"><figure><img loading=\"lazy\" decoding=\"async\" width=\"712\" height=\"474\" src=\"https:\/\/mapadadiversidade.com.br\/ipatinga\/wp-content\/uploads\/2019\/06\/Mel-2.jpeg\" alt=\"\" data-id=\"775\" data-link=\"https:\/\/mapadadiversidade.com.br\/ipatinga\/?attachment_id=775\" class=\"wp-image-775\" srcset=\"https:\/\/mapadadiversidade.com.br\/ipatinga\/wp-content\/uploads\/2019\/06\/Mel-2.jpeg 712w, https:\/\/mapadadiversidade.com.br\/ipatinga\/wp-content\/uploads\/2019\/06\/Mel-2-300x200.jpeg 300w\" sizes=\"auto, (max-width: 712px) 100vw, 712px\" \/><\/figure><\/li><li class=\"blocks-gallery-item\"><figure><img loading=\"lazy\" decoding=\"async\" width=\"712\" height=\"474\" src=\"https:\/\/mapadadiversidade.com.br\/ipatinga\/wp-content\/uploads\/2019\/06\/Mel-3.jpeg\" alt=\"\" data-id=\"776\" data-link=\"https:\/\/mapadadiversidade.com.br\/ipatinga\/?attachment_id=776\" class=\"wp-image-776\" srcset=\"https:\/\/mapadadiversidade.com.br\/ipatinga\/wp-content\/uploads\/2019\/06\/Mel-3.jpeg 712w, https:\/\/mapadadiversidade.com.br\/ipatinga\/wp-content\/uploads\/2019\/06\/Mel-3-300x200.jpeg 300w\" sizes=\"auto, (max-width: 712px) 100vw, 712px\" \/><\/figure><\/li><\/ul>\n","protected":false},"excerpt":{"rendered":"<p>Produtora Cultural:  Atualmente trabalha com produ\u00e7\u00e3o  em espa\u00e7o que integra todo tipo de manifesta\u00e7\u00f5es culturais.<\/p>\n","protected":false},"author":3,"featured_media":777,"comment_status":"open","ping_status":"open","sticky":false,"template":"","format":"standard","meta":{"footnotes":""},"categories":[1,18],"tags":[120,73],"class_list":["post-772","post","type-post","status-publish","format-standard","has-post-thumbnail","hentry","category-ipatinga","category-produtor-ou-gestor-cultural","tag-espaco-cultural-casa-laboratorio","tag-produtora-cultural","item-wrap"],"_links":{"self":[{"href":"https:\/\/mapadadiversidade.com.br\/ipatinga\/wp-json\/wp\/v2\/posts\/772","targetHints":{"allow":["GET"]}}],"collection":[{"href":"https:\/\/mapadadiversidade.com.br\/ipatinga\/wp-json\/wp\/v2\/posts"}],"about":[{"href":"https:\/\/mapadadiversidade.com.br\/ipatinga\/wp-json\/wp\/v2\/types\/post"}],"author":[{"embeddable":true,"href":"https:\/\/mapadadiversidade.com.br\/ipatinga\/wp-json\/wp\/v2\/users\/3"}],"replies":[{"embeddable":true,"href":"https:\/\/mapadadiversidade.com.br\/ipatinga\/wp-json\/wp\/v2\/comments?post=772"}],"version-history":[{"count":6,"href":"https:\/\/mapadadiversidade.com.br\/ipatinga\/wp-json\/wp\/v2\/posts\/772\/revisions"}],"predecessor-version":[{"id":1835,"href":"https:\/\/mapadadiversidade.com.br\/ipatinga\/wp-json\/wp\/v2\/posts\/772\/revisions\/1835"}],"wp:featuredmedia":[{"embeddable":true,"href":"https:\/\/mapadadiversidade.com.br\/ipatinga\/wp-json\/wp\/v2\/media\/777"}],"wp:attachment":[{"href":"https:\/\/mapadadiversidade.com.br\/ipatinga\/wp-json\/wp\/v2\/media?parent=772"}],"wp:term":[{"taxonomy":"category","embeddable":true,"href":"https:\/\/mapadadiversidade.com.br\/ipatinga\/wp-json\/wp\/v2\/categories?post=772"},{"taxonomy":"post_tag","embeddable":true,"href":"https:\/\/mapadadiversidade.com.br\/ipatinga\/wp-json\/wp\/v2\/tags?post=772"}],"curies":[{"name":"wp","href":"https:\/\/api.w.org\/{rel}","templated":true}]}}