{"id":780,"date":"2019-06-01T18:35:39","date_gmt":"2019-06-01T21:35:39","guid":{"rendered":"https:\/\/mapadadiversidade.com.br\/ipatinga\/?p=780"},"modified":"2019-07-10T00:59:46","modified_gmt":"2019-07-10T03:59:46","slug":"roberto-de-faria","status":"publish","type":"post","link":"https:\/\/mapadadiversidade.com.br\/ipatinga\/roberto-de-faria\/","title":{"rendered":"Beto de Faria"},"content":{"rendered":"\n<p>Teatro <\/p>\n\n\n\n<p>Ator de teatro, professor de teatro curso de inicia\u00e7\u00e3o livre e produtor cultural.<\/p>\n\n\n\n<p>Hist\u00f3rico: Comecei como roadie seria o &#8220;bagagista&#8221;\nda banda; aquele que carrega os equipamentos, mas &nbsp;tamb\u00e9m executa as fun\u00e7\u00f5es da prepara\u00e7\u00e3o e\nmontagem da aparelhagem nos palcos, t\u00e9cnica de ilumina\u00e7\u00e3o. Trabalha no Espa\u00e7o\nCultural Casa Laborat\u00f3rio.<\/p>\n\n\n\n<p>Produtor cultural e arte educador  <\/p>\n\n\n\n<p><br>Atua como produtor e  professor de inicia\u00e7\u00e3o teatral no Espa\u00e7o Cultural Casa Laborat\u00f3rio.<\/p>\n\n\n\n<p>Telefone : (31) 97184-1324<br>Email: betodefariabr@gmail.com     <\/p>\n\n\n\n<p>Facebook: <a href=\"https:\/\/www.facebook.com\/betodefaria\">Beto de Faria<\/a><br>Instagram: <a href=\"https:\/\/www.instagram.com\/betodefariabr\/\">Beto de Faria <\/a><\/p>\n\n\n\n<p>         <\/p>\n\n\n\n<figure class=\"wp-block-embed-youtube wp-block-embed is-type-video is-provider-youtube wp-embed-aspect-16-9 wp-has-aspect-ratio\"><div class=\"wp-block-embed__wrapper\">\n<iframe loading=\"lazy\" title=\"Roberto Teixeira de Faria\" width=\"944\" height=\"531\" src=\"https:\/\/www.youtube.com\/embed\/H_2ojrkHXbo?feature=oembed\" frameborder=\"0\" allow=\"accelerometer; autoplay; encrypted-media; gyroscope; picture-in-picture\" allowfullscreen><\/iframe>\n<\/div><\/figure>\n\n\n\n<ul class=\"wp-block-gallery columns-3 is-cropped wp-block-gallery-1 is-layout-flex wp-block-gallery-is-layout-flex\"><li class=\"blocks-gallery-item\"><figure><img loading=\"lazy\" decoding=\"async\" width=\"720\" height=\"900\" src=\"https:\/\/mapadadiversidade.com.br\/ipatinga\/wp-content\/uploads\/2019\/07\/beto-4.jpg\" alt=\"\" data-id=\"2083\" data-link=\"https:\/\/mapadadiversidade.com.br\/ipatinga\/roberto-de-faria\/beto-4\/\" class=\"wp-image-2083\" srcset=\"https:\/\/mapadadiversidade.com.br\/ipatinga\/wp-content\/uploads\/2019\/07\/beto-4.jpg 720w, https:\/\/mapadadiversidade.com.br\/ipatinga\/wp-content\/uploads\/2019\/07\/beto-4-240x300.jpg 240w\" sizes=\"auto, (max-width: 720px) 100vw, 720px\" \/><\/figure><\/li><li class=\"blocks-gallery-item\"><figure><img loading=\"lazy\" decoding=\"async\" width=\"370\" height=\"371\" src=\"https:\/\/mapadadiversidade.com.br\/ipatinga\/wp-content\/uploads\/2019\/07\/beto.jpg\" alt=\"\" data-id=\"2084\" data-link=\"https:\/\/mapadadiversidade.com.br\/ipatinga\/roberto-de-faria\/beto-2\/\" class=\"wp-image-2084\" srcset=\"https:\/\/mapadadiversidade.com.br\/ipatinga\/wp-content\/uploads\/2019\/07\/beto.jpg 370w, https:\/\/mapadadiversidade.com.br\/ipatinga\/wp-content\/uploads\/2019\/07\/beto-150x150.jpg 150w, https:\/\/mapadadiversidade.com.br\/ipatinga\/wp-content\/uploads\/2019\/07\/beto-300x300.jpg 300w\" sizes=\"auto, (max-width: 370px) 100vw, 370px\" \/><\/figure><\/li><li class=\"blocks-gallery-item\"><figure><img loading=\"lazy\" decoding=\"async\" width=\"500\" height=\"500\" src=\"https:\/\/mapadadiversidade.com.br\/ipatinga\/wp-content\/uploads\/2019\/07\/beto1..jpg\" alt=\"\" data-id=\"2085\" data-link=\"https:\/\/mapadadiversidade.com.br\/ipatinga\/roberto-de-faria\/beto1\/\" class=\"wp-image-2085\" srcset=\"https:\/\/mapadadiversidade.com.br\/ipatinga\/wp-content\/uploads\/2019\/07\/beto1..jpg 500w, https:\/\/mapadadiversidade.com.br\/ipatinga\/wp-content\/uploads\/2019\/07\/beto1.-150x150.jpg 150w, https:\/\/mapadadiversidade.com.br\/ipatinga\/wp-content\/uploads\/2019\/07\/beto1.-300x300.jpg 300w\" sizes=\"auto, (max-width: 500px) 100vw, 500px\" \/><\/figure><\/li><li class=\"blocks-gallery-item\"><figure><img loading=\"lazy\" decoding=\"async\" width=\"819\" height=\"1024\" src=\"https:\/\/mapadadiversidade.com.br\/ipatinga\/wp-content\/uploads\/2019\/07\/beto2-819x1024.jpg\" alt=\"\" data-id=\"2086\" data-link=\"https:\/\/mapadadiversidade.com.br\/ipatinga\/roberto-de-faria\/beto2\/\" class=\"wp-image-2086\" srcset=\"https:\/\/mapadadiversidade.com.br\/ipatinga\/wp-content\/uploads\/2019\/07\/beto2-819x1024.jpg 819w, https:\/\/mapadadiversidade.com.br\/ipatinga\/wp-content\/uploads\/2019\/07\/beto2-240x300.jpg 240w, https:\/\/mapadadiversidade.com.br\/ipatinga\/wp-content\/uploads\/2019\/07\/beto2-768x960.jpg 768w, https:\/\/mapadadiversidade.com.br\/ipatinga\/wp-content\/uploads\/2019\/07\/beto2.jpg 1080w\" sizes=\"auto, (max-width: 819px) 100vw, 819px\" \/><\/figure><\/li><li class=\"blocks-gallery-item\"><figure><img loading=\"lazy\" decoding=\"async\" width=\"1024\" height=\"819\" src=\"https:\/\/mapadadiversidade.com.br\/ipatinga\/wp-content\/uploads\/2019\/07\/beto3-1024x819.jpg\" alt=\"\" data-id=\"2087\" data-link=\"https:\/\/mapadadiversidade.com.br\/ipatinga\/roberto-de-faria\/beto3\/\" class=\"wp-image-2087\" srcset=\"https:\/\/mapadadiversidade.com.br\/ipatinga\/wp-content\/uploads\/2019\/07\/beto3-1024x819.jpg 1024w, https:\/\/mapadadiversidade.com.br\/ipatinga\/wp-content\/uploads\/2019\/07\/beto3-300x240.jpg 300w, https:\/\/mapadadiversidade.com.br\/ipatinga\/wp-content\/uploads\/2019\/07\/beto3-768x614.jpg 768w, https:\/\/mapadadiversidade.com.br\/ipatinga\/wp-content\/uploads\/2019\/07\/beto3.jpg 1080w\" sizes=\"auto, (max-width: 1024px) 100vw, 1024px\" \/><\/figure><\/li><\/ul>\n","protected":false},"excerpt":{"rendered":"<p>Ator de teatro, professor de teatro curso de inicia\u00e7\u00e3o livre e produtor cultural.<\/p>\n","protected":false},"author":3,"featured_media":2082,"comment_status":"open","ping_status":"open","sticky":false,"template":"","format":"standard","meta":{"footnotes":""},"categories":[1,4,18,13],"tags":[192,164,47],"class_list":["post-780","post","type-post","status-publish","format-standard","has-post-thumbnail","hentry","category-ipatinga","category-linguagem-artisticas","category-produtor-ou-gestor-cultural","category-teatro","tag-ator","tag-produtor","tag-teatro","item-wrap"],"_links":{"self":[{"href":"https:\/\/mapadadiversidade.com.br\/ipatinga\/wp-json\/wp\/v2\/posts\/780","targetHints":{"allow":["GET"]}}],"collection":[{"href":"https:\/\/mapadadiversidade.com.br\/ipatinga\/wp-json\/wp\/v2\/posts"}],"about":[{"href":"https:\/\/mapadadiversidade.com.br\/ipatinga\/wp-json\/wp\/v2\/types\/post"}],"author":[{"embeddable":true,"href":"https:\/\/mapadadiversidade.com.br\/ipatinga\/wp-json\/wp\/v2\/users\/3"}],"replies":[{"embeddable":true,"href":"https:\/\/mapadadiversidade.com.br\/ipatinga\/wp-json\/wp\/v2\/comments?post=780"}],"version-history":[{"count":7,"href":"https:\/\/mapadadiversidade.com.br\/ipatinga\/wp-json\/wp\/v2\/posts\/780\/revisions"}],"predecessor-version":[{"id":2088,"href":"https:\/\/mapadadiversidade.com.br\/ipatinga\/wp-json\/wp\/v2\/posts\/780\/revisions\/2088"}],"wp:featuredmedia":[{"embeddable":true,"href":"https:\/\/mapadadiversidade.com.br\/ipatinga\/wp-json\/wp\/v2\/media\/2082"}],"wp:attachment":[{"href":"https:\/\/mapadadiversidade.com.br\/ipatinga\/wp-json\/wp\/v2\/media?parent=780"}],"wp:term":[{"taxonomy":"category","embeddable":true,"href":"https:\/\/mapadadiversidade.com.br\/ipatinga\/wp-json\/wp\/v2\/categories?post=780"},{"taxonomy":"post_tag","embeddable":true,"href":"https:\/\/mapadadiversidade.com.br\/ipatinga\/wp-json\/wp\/v2\/tags?post=780"}],"curies":[{"name":"wp","href":"https:\/\/api.w.org\/{rel}","templated":true}]}}