{"id":783,"date":"2019-06-30T18:58:00","date_gmt":"2019-06-30T21:58:00","guid":{"rendered":"https:\/\/mapadadiversidade.com.br\/ipatinga\/?p=783"},"modified":"2019-07-11T15:56:19","modified_gmt":"2019-07-11T18:56:19","slug":"yoshiko-inoue-honda","status":"publish","type":"post","link":"https:\/\/mapadadiversidade.com.br\/ipatinga\/yoshiko-inoue-honda\/","title":{"rendered":"Yoshiko Inoue Honda\/Centro Cultural Internacional Tikufukai"},"content":{"rendered":"\n<p>Cultura Japonesa e Artes Visuais<\/p>\n\n\n\n<p>Pedagoga graduada pelo UNILESTE MG-Centro Universit\u00e1rio Cat\u00f3lico de Minas &#8211; Formada professora (Ikebana, Origami, Sumi\u00ea, Caligrafia Japonesa, Cerim\u00f4nia do ch\u00e1, Tigui\u00ea, Washi\u00ea) &#8211; 1988 a 1991 \u2013 Centro Cultural internacional Tikufukai do Jap\u00e3o. Formada mestre em Ikebana \u2013 1996 \u2013 Centro Cultural Internacional Tikufukai do Jap\u00e3o. Especializa\u00e7\u00e3o em origami avan\u00e7ado \u2013 Universidade De Belas Artes de Yamaguchi \u2013 Jap\u00e3o \u2013 1996 e 2001. <strong>Atividades de pesquisas: <\/strong>Desenvolvimento de pesquisa na \u00e1rea da educa\u00e7\u00e3o pela CNpq&nbsp; e Estudo da indisciplina em duas escolas do ensino fundamental em Ipatinga-MG.<\/p>\n\n\n\n<p>Outras atua\u00e7\u00f5es: Oferece oficinas de Origami, Kirigami, Caligrafia Japonesa, Dan\u00e7a Japonesa, Ikebana, Cerim\u00f4nia do Ch\u00e1, Gastronomia Japonesa. Atrav\u00e9s da Cultura Japonesa elevar uma consci\u00eancia de integra\u00e7\u00e3o, intercambio Brasil e Jap\u00e3o, utilizando da arte milenar.<\/p>\n\n\n\n<p>Telefone: (31) 99851-7315<br> E-mail: yoshikohonda@hotmail.com <br> Facebook:<a href=\"https:\/\/www.facebook.com\/yoshiko.honda.180\">Yoshiko Honda <\/a><\/p>\n\n\n\n<figure class=\"wp-block-embed-youtube wp-block-embed is-type-video is-provider-youtube wp-embed-aspect-16-9 wp-has-aspect-ratio\"><div class=\"wp-block-embed__wrapper\">\n<iframe loading=\"lazy\" title=\"Yoshiko Inoue Honda\" width=\"944\" height=\"531\" src=\"https:\/\/www.youtube.com\/embed\/InNj4KI4miU?feature=oembed\" frameborder=\"0\" allow=\"accelerometer; autoplay; encrypted-media; gyroscope; picture-in-picture\" allowfullscreen><\/iframe>\n<\/div><\/figure>\n\n\n\n<ul class=\"wp-block-gallery columns-3 is-cropped wp-block-gallery-1 is-layout-flex wp-block-gallery-is-layout-flex\"><li class=\"blocks-gallery-item\"><figure><img loading=\"lazy\" decoding=\"async\" width=\"1024\" height=\"768\" src=\"https:\/\/mapadadiversidade.com.br\/ipatinga\/wp-content\/uploads\/2019\/06\/CIMG3912-1024x768.jpg\" alt=\"\" data-id=\"1094\" data-link=\"https:\/\/mapadadiversidade.com.br\/ipatinga\/yoshiko-inoue-honda\/cimg3912\/\" class=\"wp-image-1094\" srcset=\"https:\/\/mapadadiversidade.com.br\/ipatinga\/wp-content\/uploads\/2019\/06\/CIMG3912-1024x768.jpg 1024w, https:\/\/mapadadiversidade.com.br\/ipatinga\/wp-content\/uploads\/2019\/06\/CIMG3912-300x225.jpg 300w, https:\/\/mapadadiversidade.com.br\/ipatinga\/wp-content\/uploads\/2019\/06\/CIMG3912-768x576.jpg 768w\" sizes=\"auto, (max-width: 1024px) 100vw, 1024px\" \/><\/figure><\/li><li class=\"blocks-gallery-item\"><figure><img loading=\"lazy\" decoding=\"async\" width=\"1024\" height=\"682\" src=\"https:\/\/mapadadiversidade.com.br\/ipatinga\/wp-content\/uploads\/2019\/06\/YOSHIKO2-1024x682.jpeg\" alt=\"\" data-id=\"1095\" data-link=\"https:\/\/mapadadiversidade.com.br\/ipatinga\/yoshiko-inoue-honda\/yoshiko2\/\" class=\"wp-image-1095\" srcset=\"https:\/\/mapadadiversidade.com.br\/ipatinga\/wp-content\/uploads\/2019\/06\/YOSHIKO2-1024x682.jpeg 1024w, https:\/\/mapadadiversidade.com.br\/ipatinga\/wp-content\/uploads\/2019\/06\/YOSHIKO2-300x200.jpeg 300w, https:\/\/mapadadiversidade.com.br\/ipatinga\/wp-content\/uploads\/2019\/06\/YOSHIKO2-768x512.jpeg 768w, https:\/\/mapadadiversidade.com.br\/ipatinga\/wp-content\/uploads\/2019\/06\/YOSHIKO2.jpeg 1280w\" sizes=\"auto, (max-width: 1024px) 100vw, 1024px\" \/><\/figure><\/li><li class=\"blocks-gallery-item\"><figure><img loading=\"lazy\" decoding=\"async\" width=\"1024\" height=\"683\" src=\"https:\/\/mapadadiversidade.com.br\/ipatinga\/wp-content\/uploads\/2019\/06\/ZEF_2922-1024x683.jpg\" alt=\"\" data-id=\"1096\" data-link=\"https:\/\/mapadadiversidade.com.br\/ipatinga\/yoshiko-inoue-honda\/zef_2922\/\" class=\"wp-image-1096\" srcset=\"https:\/\/mapadadiversidade.com.br\/ipatinga\/wp-content\/uploads\/2019\/06\/ZEF_2922-1024x683.jpg 1024w, https:\/\/mapadadiversidade.com.br\/ipatinga\/wp-content\/uploads\/2019\/06\/ZEF_2922-300x200.jpg 300w, https:\/\/mapadadiversidade.com.br\/ipatinga\/wp-content\/uploads\/2019\/06\/ZEF_2922-768x513.jpg 768w, https:\/\/mapadadiversidade.com.br\/ipatinga\/wp-content\/uploads\/2019\/06\/ZEF_2922.jpg 1500w\" sizes=\"auto, (max-width: 1024px) 100vw, 1024px\" \/><\/figure><\/li><li class=\"blocks-gallery-item\"><figure><img loading=\"lazy\" decoding=\"async\" width=\"1024\" height=\"768\" src=\"https:\/\/mapadadiversidade.com.br\/ipatinga\/wp-content\/uploads\/2019\/06\/CIMG3917-1024x768.jpg\" alt=\"\" data-id=\"1098\" data-link=\"https:\/\/mapadadiversidade.com.br\/ipatinga\/yoshiko-inoue-honda\/cimg3917\/\" class=\"wp-image-1098\" srcset=\"https:\/\/mapadadiversidade.com.br\/ipatinga\/wp-content\/uploads\/2019\/06\/CIMG3917-1024x768.jpg 1024w, https:\/\/mapadadiversidade.com.br\/ipatinga\/wp-content\/uploads\/2019\/06\/CIMG3917-300x225.jpg 300w, https:\/\/mapadadiversidade.com.br\/ipatinga\/wp-content\/uploads\/2019\/06\/CIMG3917-768x576.jpg 768w\" sizes=\"auto, (max-width: 1024px) 100vw, 1024px\" \/><\/figure><\/li><li class=\"blocks-gallery-item\"><figure><img loading=\"lazy\" decoding=\"async\" width=\"1024\" height=\"768\" src=\"https:\/\/mapadadiversidade.com.br\/ipatinga\/wp-content\/uploads\/2019\/06\/CIMG3906-2-1024x768.jpg\" alt=\"\" data-id=\"1101\" data-link=\"https:\/\/mapadadiversidade.com.br\/ipatinga\/yoshiko-inoue-honda\/cimg3906-2\/\" class=\"wp-image-1101\" srcset=\"https:\/\/mapadadiversidade.com.br\/ipatinga\/wp-content\/uploads\/2019\/06\/CIMG3906-2-1024x768.jpg 1024w, https:\/\/mapadadiversidade.com.br\/ipatinga\/wp-content\/uploads\/2019\/06\/CIMG3906-2-300x225.jpg 300w, https:\/\/mapadadiversidade.com.br\/ipatinga\/wp-content\/uploads\/2019\/06\/CIMG3906-2-768x576.jpg 768w\" sizes=\"auto, (max-width: 1024px) 100vw, 1024px\" \/><\/figure><\/li><li class=\"blocks-gallery-item\"><figure><img loading=\"lazy\" decoding=\"async\" width=\"720\" height=\"960\" src=\"https:\/\/mapadadiversidade.com.br\/ipatinga\/wp-content\/uploads\/2019\/06\/origami-1-1.jpg\" alt=\"\" data-id=\"1102\" data-link=\"https:\/\/mapadadiversidade.com.br\/ipatinga\/yoshiko-inoue-honda\/origami-1-1\/\" class=\"wp-image-1102\" srcset=\"https:\/\/mapadadiversidade.com.br\/ipatinga\/wp-content\/uploads\/2019\/06\/origami-1-1.jpg 720w, https:\/\/mapadadiversidade.com.br\/ipatinga\/wp-content\/uploads\/2019\/06\/origami-1-1-225x300.jpg 225w\" sizes=\"auto, (max-width: 720px) 100vw, 720px\" \/><\/figure><\/li><li class=\"blocks-gallery-item\"><figure><img loading=\"lazy\" decoding=\"async\" width=\"960\" height=\"720\" src=\"https:\/\/mapadadiversidade.com.br\/ipatinga\/wp-content\/uploads\/2019\/06\/origami-2.jpg\" alt=\"\" data-id=\"1103\" data-link=\"https:\/\/mapadadiversidade.com.br\/ipatinga\/yoshiko-inoue-honda\/origami-2\/\" class=\"wp-image-1103\" srcset=\"https:\/\/mapadadiversidade.com.br\/ipatinga\/wp-content\/uploads\/2019\/06\/origami-2.jpg 960w, https:\/\/mapadadiversidade.com.br\/ipatinga\/wp-content\/uploads\/2019\/06\/origami-2-300x225.jpg 300w, https:\/\/mapadadiversidade.com.br\/ipatinga\/wp-content\/uploads\/2019\/06\/origami-2-768x576.jpg 768w\" sizes=\"auto, (max-width: 960px) 100vw, 960px\" \/><\/figure><\/li><li class=\"blocks-gallery-item\"><figure><img loading=\"lazy\" decoding=\"async\" width=\"1024\" height=\"576\" src=\"https:\/\/mapadadiversidade.com.br\/ipatinga\/wp-content\/uploads\/2019\/06\/YOSHIKO-1-1024x576.jpeg\" alt=\"\" data-id=\"1104\" data-link=\"https:\/\/mapadadiversidade.com.br\/ipatinga\/yoshiko-inoue-honda\/yoshiko-1\/\" class=\"wp-image-1104\" srcset=\"https:\/\/mapadadiversidade.com.br\/ipatinga\/wp-content\/uploads\/2019\/06\/YOSHIKO-1-1024x576.jpeg 1024w, https:\/\/mapadadiversidade.com.br\/ipatinga\/wp-content\/uploads\/2019\/06\/YOSHIKO-1-300x169.jpeg 300w, https:\/\/mapadadiversidade.com.br\/ipatinga\/wp-content\/uploads\/2019\/06\/YOSHIKO-1-768x432.jpeg 768w, https:\/\/mapadadiversidade.com.br\/ipatinga\/wp-content\/uploads\/2019\/06\/YOSHIKO-1.jpeg 1280w\" sizes=\"auto, (max-width: 1024px) 100vw, 1024px\" \/><\/figure><\/li><\/ul>\n","protected":false},"excerpt":{"rendered":"<p>Pedagoga graduada pelo UNILESTE MG-Centro Universit\u00e1rio Cat\u00f3lico de Minas &#8211; Formada professora (Ikebana, Origami, Sumi\u00ea, Caligrafia Japonesa, Cerim\u00f4nia do ch\u00e1, Tigui\u00ea, Washi\u00ea) <\/p>\n","protected":false},"author":3,"featured_media":1484,"comment_status":"open","ping_status":"open","sticky":false,"template":"","format":"standard","meta":{"footnotes":""},"categories":[1,28,7,4],"tags":[125,128,110,40,126,108,107,127],"class_list":["post-783","post","type-post","status-publish","format-standard","has-post-thumbnail","hentry","category-ipatinga","category-artes-visuais","category-culturas-etnicas-tradicionais-e-populares","category-linguagem-artisticas","tag-caligrafia-japonesa","tag-cerimonia-do-cha","tag-cultura-japonesa","tag-gastronomia","tag-ikebana","tag-kirigami","tag-origami","tag-sumie","item-wrap"],"_links":{"self":[{"href":"https:\/\/mapadadiversidade.com.br\/ipatinga\/wp-json\/wp\/v2\/posts\/783","targetHints":{"allow":["GET"]}}],"collection":[{"href":"https:\/\/mapadadiversidade.com.br\/ipatinga\/wp-json\/wp\/v2\/posts"}],"about":[{"href":"https:\/\/mapadadiversidade.com.br\/ipatinga\/wp-json\/wp\/v2\/types\/post"}],"author":[{"embeddable":true,"href":"https:\/\/mapadadiversidade.com.br\/ipatinga\/wp-json\/wp\/v2\/users\/3"}],"replies":[{"embeddable":true,"href":"https:\/\/mapadadiversidade.com.br\/ipatinga\/wp-json\/wp\/v2\/comments?post=783"}],"version-history":[{"count":10,"href":"https:\/\/mapadadiversidade.com.br\/ipatinga\/wp-json\/wp\/v2\/posts\/783\/revisions"}],"predecessor-version":[{"id":2359,"href":"https:\/\/mapadadiversidade.com.br\/ipatinga\/wp-json\/wp\/v2\/posts\/783\/revisions\/2359"}],"wp:featuredmedia":[{"embeddable":true,"href":"https:\/\/mapadadiversidade.com.br\/ipatinga\/wp-json\/wp\/v2\/media\/1484"}],"wp:attachment":[{"href":"https:\/\/mapadadiversidade.com.br\/ipatinga\/wp-json\/wp\/v2\/media?parent=783"}],"wp:term":[{"taxonomy":"category","embeddable":true,"href":"https:\/\/mapadadiversidade.com.br\/ipatinga\/wp-json\/wp\/v2\/categories?post=783"},{"taxonomy":"post_tag","embeddable":true,"href":"https:\/\/mapadadiversidade.com.br\/ipatinga\/wp-json\/wp\/v2\/tags?post=783"}],"curies":[{"name":"wp","href":"https:\/\/api.w.org\/{rel}","templated":true}]}}