{"id":784,"date":"2019-06-29T18:56:47","date_gmt":"2019-06-29T21:56:47","guid":{"rendered":"https:\/\/mapadadiversidade.com.br\/ipatinga\/?p=784"},"modified":"2019-07-11T15:52:35","modified_gmt":"2019-07-11T18:52:35","slug":"junio","status":"publish","type":"post","link":"https:\/\/mapadadiversidade.com.br\/ipatinga\/junio\/","title":{"rendered":"Junio"},"content":{"rendered":"\n<p>Atua como apicultor e doceiro<\/p>\n\n\n\n<p>Gastronomia\n\n<\/p>\n\n\n\n<p><strong>Hist\u00f3rico:<\/strong> Natural de Vale Verde-MG, por curiosidade e influ\u00eancia de seu primo, Junio Franco, conhecido como \u201cAbelha\u201d, come\u00e7ou com sua pr\u00e1tica de apicultura, e hoje tornou seu oficio e meio de sustento. Desde ent\u00e3o, fazendo o manejo com abelhas e produzindo mel, seu meio de distribui\u00e7\u00e3o\/venda acontece na Feira livre de Ipatinga, h\u00e1 2 anos. Al\u00e9m do mel, h\u00e1 10 anos ele fabrica doces, como o de coco, coco com leite, amendoim com leite e rapadura e, mam\u00e3o com rapadura.  <\/p>\n\n\n\n<p><strong>Telefone: <\/strong>(31) 9 9565-5485<br><strong>E-mail:<\/strong> juniofranco171@gmail.com<br><strong>Facebook:<\/strong> <a href=\"https:\/\/www.facebook.com\/junio.franco.12\">Junio Franco<\/a><br><strong>Instagram:<\/strong> <a href=\"https:\/\/www.instagram.com\/junio.franco.12\/?hl=pt-br\">@junio.franco.12<\/a> <\/p>\n\n\n\n<figure class=\"wp-block-embed-youtube wp-block-embed is-type-video is-provider-youtube wp-embed-aspect-16-9 wp-has-aspect-ratio\"><div class=\"wp-block-embed__wrapper\">\n<iframe loading=\"lazy\" title=\"Junio Franco\" width=\"944\" height=\"531\" src=\"https:\/\/www.youtube.com\/embed\/SLieLLJSfo4?feature=oembed\" frameborder=\"0\" allow=\"accelerometer; autoplay; encrypted-media; gyroscope; picture-in-picture\" allowfullscreen><\/iframe>\n<\/div><\/figure>\n\n\n\n<ul class=\"wp-block-gallery columns-1 is-cropped wp-block-gallery-1 is-layout-flex wp-block-gallery-is-layout-flex\"><li class=\"blocks-gallery-item\"><figure><img loading=\"lazy\" decoding=\"async\" width=\"1024\" height=\"576\" src=\"https:\/\/mapadadiversidade.com.br\/ipatinga\/wp-content\/uploads\/2019\/06\/20190627_170356-1024x576.jpg\" alt=\"\" data-id=\"831\" data-link=\"https:\/\/mapadadiversidade.com.br\/ipatinga\/?attachment_id=831\" class=\"wp-image-831\" srcset=\"https:\/\/mapadadiversidade.com.br\/ipatinga\/wp-content\/uploads\/2019\/06\/20190627_170356-1024x576.jpg 1024w, https:\/\/mapadadiversidade.com.br\/ipatinga\/wp-content\/uploads\/2019\/06\/20190627_170356-300x169.jpg 300w, https:\/\/mapadadiversidade.com.br\/ipatinga\/wp-content\/uploads\/2019\/06\/20190627_170356-768x432.jpg 768w\" sizes=\"auto, (max-width: 1024px) 100vw, 1024px\" \/><\/figure><\/li><\/ul>\n\n\n\n<p><br> <br> <\/p>\n","protected":false},"excerpt":{"rendered":"<p>Al\u00e9m do mel, h\u00e1 10 anos ele fabrica doces como, o de coco, coco com leite, amendoim com leite e rapadura e, mam\u00e3o com rapadura. <\/p>\n","protected":false},"author":15,"featured_media":815,"comment_status":"open","ping_status":"open","sticky":false,"template":"","format":"standard","meta":{"footnotes":""},"categories":[21,9],"tags":[69,67,61,68],"class_list":["post-784","post","type-post","status-publish","format-standard","has-post-thumbnail","hentry","category-_regiao-metropolitana-do-vale-do-aco","category-gastronomia","tag-apicultura","tag-doce","tag-feira","tag-mel","item-wrap"],"_links":{"self":[{"href":"https:\/\/mapadadiversidade.com.br\/ipatinga\/wp-json\/wp\/v2\/posts\/784","targetHints":{"allow":["GET"]}}],"collection":[{"href":"https:\/\/mapadadiversidade.com.br\/ipatinga\/wp-json\/wp\/v2\/posts"}],"about":[{"href":"https:\/\/mapadadiversidade.com.br\/ipatinga\/wp-json\/wp\/v2\/types\/post"}],"author":[{"embeddable":true,"href":"https:\/\/mapadadiversidade.com.br\/ipatinga\/wp-json\/wp\/v2\/users\/15"}],"replies":[{"embeddable":true,"href":"https:\/\/mapadadiversidade.com.br\/ipatinga\/wp-json\/wp\/v2\/comments?post=784"}],"version-history":[{"count":7,"href":"https:\/\/mapadadiversidade.com.br\/ipatinga\/wp-json\/wp\/v2\/posts\/784\/revisions"}],"predecessor-version":[{"id":2352,"href":"https:\/\/mapadadiversidade.com.br\/ipatinga\/wp-json\/wp\/v2\/posts\/784\/revisions\/2352"}],"wp:featuredmedia":[{"embeddable":true,"href":"https:\/\/mapadadiversidade.com.br\/ipatinga\/wp-json\/wp\/v2\/media\/815"}],"wp:attachment":[{"href":"https:\/\/mapadadiversidade.com.br\/ipatinga\/wp-json\/wp\/v2\/media?parent=784"}],"wp:term":[{"taxonomy":"category","embeddable":true,"href":"https:\/\/mapadadiversidade.com.br\/ipatinga\/wp-json\/wp\/v2\/categories?post=784"},{"taxonomy":"post_tag","embeddable":true,"href":"https:\/\/mapadadiversidade.com.br\/ipatinga\/wp-json\/wp\/v2\/tags?post=784"}],"curies":[{"name":"wp","href":"https:\/\/api.w.org\/{rel}","templated":true}]}}