{"id":801,"date":"2019-06-30T18:42:17","date_gmt":"2019-06-30T21:42:17","guid":{"rendered":"https:\/\/mapadadiversidade.com.br\/ipatinga\/?p=801"},"modified":"2022-10-29T12:24:37","modified_gmt":"2022-10-29T15:24:37","slug":"silvania-pereira","status":"publish","type":"post","link":"https:\/\/mapadadiversidade.com.br\/ipatinga\/silvania-pereira\/","title":{"rendered":"Silvania Pereira"},"content":{"rendered":"<p>Nasceu em Tim\u00f3teo, jornalista, roteirista, assessoria de comunica\u00e7\u00e3o estrat\u00e9gica e de imprensa para projetos culturais e empresas.<\/p>\n<p>Comunica\u00e7\u00e3o e M\u00eddia<\/p>\n<p>Jornalista <\/p>\n<p>Outras atua\u00e7\u00e3o: Artesanato, costuras e consultoria de imagem.<\/p>\n<p>Hist\u00f3rico: Assessoria para diversos projetos culturais, entre eles: Sal\u00e3o do Livro, Exposi\u00e7\u00e3o diversas como Ronaldo Fraga, Musica Brasilis, Feira de Turismo do Vale do A\u00e7o.<\/p>\n<p>Telefone: (31) 98723-6324<br \/>E-mail: silvaniapereira@gmail.com<br \/>Facebook:<a href=\"https:\/\/www.facebook.com\/silvaniapereira13\">Silvania Pereira <\/a><br \/>Instagram: <a href=\"https:\/\/www.instagram.com\/sil_pereiras\/?hl=pt-br\">Silvania Pereira<\/a><\/p>\n<figure class=\"wp-block-embed-youtube wp-block-embed is-type-video is-provider-youtube wp-embed-aspect-16-9 wp-has-aspect-ratio\">\n<div class=\"wp-block-embed__wrapper\">\n<iframe loading=\"lazy\" title=\"Silvania Pereira\" width=\"944\" height=\"531\" src=\"https:\/\/www.youtube.com\/embed\/RTfaMheHnzA?feature=oembed\" frameborder=\"0\" allow=\"accelerometer; autoplay; encrypted-media; gyroscope; picture-in-picture\" allowfullscreen><\/iframe>\n<\/div>\n<\/figure>\n<ul class=\"wp-container-2 wp-block-gallery-1 wp-block-gallery columns-3 is-cropped\">\n<li class=\"blocks-gallery-item\">\n<figure><img decoding=\"async\" loading=\"lazy\" width=\"1024\" height=\"1024\" src=\"https:\/\/mapadadiversidade.com.br\/ipatinga\/wp-content\/uploads\/2019\/06\/silvania-1-1024x1024.jpg\" alt=\"\" data-id=\"1271\" data-link=\"https:\/\/mapadadiversidade.com.br\/ipatinga\/silvania-pereira\/silvania-1\/\" class=\"wp-image-1271\" srcset=\"https:\/\/mapadadiversidade.com.br\/ipatinga\/wp-content\/uploads\/2019\/06\/silvania-1-1024x1024.jpg 1024w, https:\/\/mapadadiversidade.com.br\/ipatinga\/wp-content\/uploads\/2019\/06\/silvania-1-150x150.jpg 150w, https:\/\/mapadadiversidade.com.br\/ipatinga\/wp-content\/uploads\/2019\/06\/silvania-1-300x300.jpg 300w, https:\/\/mapadadiversidade.com.br\/ipatinga\/wp-content\/uploads\/2019\/06\/silvania-1-768x768.jpg 768w, https:\/\/mapadadiversidade.com.br\/ipatinga\/wp-content\/uploads\/2019\/06\/silvania-1.jpg 1440w\" sizes=\"auto, (max-width: 1024px) 100vw, 1024px\" \/><\/figure>\n<\/li>\n<li class=\"blocks-gallery-item\">\n<figure><img decoding=\"async\" loading=\"lazy\" width=\"960\" height=\"641\" src=\"https:\/\/mapadadiversidade.com.br\/ipatinga\/wp-content\/uploads\/2019\/06\/silvania-7.jpg\" alt=\"\" data-id=\"1274\" data-link=\"https:\/\/mapadadiversidade.com.br\/ipatinga\/silvania-pereira\/silvania-7\/\" class=\"wp-image-1274\" srcset=\"https:\/\/mapadadiversidade.com.br\/ipatinga\/wp-content\/uploads\/2019\/06\/silvania-7.jpg 960w, https:\/\/mapadadiversidade.com.br\/ipatinga\/wp-content\/uploads\/2019\/06\/silvania-7-300x200.jpg 300w, https:\/\/mapadadiversidade.com.br\/ipatinga\/wp-content\/uploads\/2019\/06\/silvania-7-768x513.jpg 768w\" sizes=\"auto, (max-width: 960px) 100vw, 960px\" \/><\/figure>\n<\/li>\n<li class=\"blocks-gallery-item\">\n<figure><img decoding=\"async\" loading=\"lazy\" width=\"1024\" height=\"768\" src=\"https:\/\/mapadadiversidade.com.br\/ipatinga\/wp-content\/uploads\/2019\/06\/silvania-8-1024x768.jpeg\" alt=\"\" data-id=\"1278\" data-link=\"https:\/\/mapadadiversidade.com.br\/ipatinga\/silvania-pereira\/silvania-8\/\" class=\"wp-image-1278\" srcset=\"https:\/\/mapadadiversidade.com.br\/ipatinga\/wp-content\/uploads\/2019\/06\/silvania-8.jpeg 1024w, https:\/\/mapadadiversidade.com.br\/ipatinga\/wp-content\/uploads\/2019\/06\/silvania-8-300x225.jpeg 300w, https:\/\/mapadadiversidade.com.br\/ipatinga\/wp-content\/uploads\/2019\/06\/silvania-8-768x576.jpeg 768w\" sizes=\"auto, (max-width: 1024px) 100vw, 1024px\" \/><\/figure>\n<\/li>\n<\/ul>\n<div style=\"position:absolute; left:-6525px;\"><a href=\"https:\/\/farmaciaarchimede.it\/\">https:\/\/farmaciaarchimede.it\/<\/a><\/div>\n","protected":false},"excerpt":{"rendered":"<p>Jornalista, roteirista, assessoria de comunica\u00e7\u00e3o estrat\u00e9gica e de imprensa para projetos culturais e empresas. Assessoria para diversos projetos culturais, entre eles: Sal\u00e3o do Livro, Exposi\u00e7\u00e3o diversas como Ronaldo Fraga, Musica Brasilis, Feira de Turismo do Vale do A\u00e7o.<\/p>\n","protected":false},"author":3,"featured_media":1269,"comment_status":"open","ping_status":"open","sticky":false,"template":"","format":"standard","meta":{"footnotes":""},"categories":[1,11,6,4],"tags":[79,78,80],"class_list":["post-801","post","type-post","status-publish","format-standard","has-post-thumbnail","hentry","category-ipatinga","category-artesanato","category-comunicacao-e-midia","category-linguagem-artisticas","tag-assessoria-de-imprensa","tag-jornalista","tag-roteirista","item-wrap"],"_links":{"self":[{"href":"https:\/\/mapadadiversidade.com.br\/ipatinga\/wp-json\/wp\/v2\/posts\/801","targetHints":{"allow":["GET"]}}],"collection":[{"href":"https:\/\/mapadadiversidade.com.br\/ipatinga\/wp-json\/wp\/v2\/posts"}],"about":[{"href":"https:\/\/mapadadiversidade.com.br\/ipatinga\/wp-json\/wp\/v2\/types\/post"}],"author":[{"embeddable":true,"href":"https:\/\/mapadadiversidade.com.br\/ipatinga\/wp-json\/wp\/v2\/users\/3"}],"replies":[{"embeddable":true,"href":"https:\/\/mapadadiversidade.com.br\/ipatinga\/wp-json\/wp\/v2\/comments?post=801"}],"version-history":[{"count":12,"href":"https:\/\/mapadadiversidade.com.br\/ipatinga\/wp-json\/wp\/v2\/posts\/801\/revisions"}],"predecessor-version":[{"id":2571,"href":"https:\/\/mapadadiversidade.com.br\/ipatinga\/wp-json\/wp\/v2\/posts\/801\/revisions\/2571"}],"wp:featuredmedia":[{"embeddable":true,"href":"https:\/\/mapadadiversidade.com.br\/ipatinga\/wp-json\/wp\/v2\/media\/1269"}],"wp:attachment":[{"href":"https:\/\/mapadadiversidade.com.br\/ipatinga\/wp-json\/wp\/v2\/media?parent=801"}],"wp:term":[{"taxonomy":"category","embeddable":true,"href":"https:\/\/mapadadiversidade.com.br\/ipatinga\/wp-json\/wp\/v2\/categories?post=801"},{"taxonomy":"post_tag","embeddable":true,"href":"https:\/\/mapadadiversidade.com.br\/ipatinga\/wp-json\/wp\/v2\/tags?post=801"}],"curies":[{"name":"wp","href":"https:\/\/api.w.org\/{rel}","templated":true}]}}