{"id":844,"date":"2019-06-29T19:50:51","date_gmt":"2019-06-29T22:50:51","guid":{"rendered":"https:\/\/mapadadiversidade.com.br\/ipatinga\/?p=844"},"modified":"2019-07-07T12:40:32","modified_gmt":"2019-07-07T15:40:32","slug":"fagundes-teofilo-dos-santos","status":"publish","type":"post","link":"https:\/\/mapadadiversidade.com.br\/ipatinga\/fagundes-teofilo-dos-santos\/","title":{"rendered":"Fagundes Te\u00f3filo dos Santos"},"content":{"rendered":"\n<p>Atua na \u00e1rea do artesanato em confec\u00e7\u00e3o de pe\u00e7as utilit\u00e1rias e decorativas reutilizando pe\u00e7as de motos, carros e bicicletas recolhidas em sucatas. Reciclagem e reutiliza\u00e7\u00e3o.<\/p>\n\n\n\n<p>Artesanato<\/p>\n\n\n\n<p>Hist\u00f3rico: Como dono de uma serralheria concilia a pratica artesanal reutilizando pe\u00e7as auto\/moto\/ciclas, na confec\u00e7\u00e3o de pe\u00e7as decorativas e utilit\u00e1rias para principalmente encontros de motociclista.<\/p>\n\n\n\n<p>Telefone: (31) 986280809<\/p>\n\n\n\n<ul class=\"wp-block-gallery columns-3 is-cropped wp-block-gallery-1 is-layout-flex wp-block-gallery-is-layout-flex\"><li class=\"blocks-gallery-item\"><figure><img loading=\"lazy\" decoding=\"async\" width=\"800\" height=\"542\" src=\"https:\/\/mapadadiversidade.com.br\/ipatinga\/wp-content\/uploads\/2019\/06\/20190610_164415.jpg\" alt=\"\" data-id=\"845\" data-link=\"https:\/\/mapadadiversidade.com.br\/ipatinga\/?attachment_id=845\" class=\"wp-image-845\" srcset=\"https:\/\/mapadadiversidade.com.br\/ipatinga\/wp-content\/uploads\/2019\/06\/20190610_164415.jpg 800w, https:\/\/mapadadiversidade.com.br\/ipatinga\/wp-content\/uploads\/2019\/06\/20190610_164415-300x203.jpg 300w, https:\/\/mapadadiversidade.com.br\/ipatinga\/wp-content\/uploads\/2019\/06\/20190610_164415-768x520.jpg 768w\" sizes=\"auto, (max-width: 800px) 100vw, 800px\" \/><\/figure><\/li><li class=\"blocks-gallery-item\"><figure><img loading=\"lazy\" decoding=\"async\" width=\"800\" height=\"450\" src=\"https:\/\/mapadadiversidade.com.br\/ipatinga\/wp-content\/uploads\/2019\/06\/20190610_164424.jpg\" alt=\"\" data-id=\"846\" data-link=\"https:\/\/mapadadiversidade.com.br\/ipatinga\/?attachment_id=846\" class=\"wp-image-846\" srcset=\"https:\/\/mapadadiversidade.com.br\/ipatinga\/wp-content\/uploads\/2019\/06\/20190610_164424.jpg 800w, https:\/\/mapadadiversidade.com.br\/ipatinga\/wp-content\/uploads\/2019\/06\/20190610_164424-300x169.jpg 300w, https:\/\/mapadadiversidade.com.br\/ipatinga\/wp-content\/uploads\/2019\/06\/20190610_164424-768x432.jpg 768w\" sizes=\"auto, (max-width: 800px) 100vw, 800px\" \/><\/figure><\/li><li class=\"blocks-gallery-item\"><figure><img loading=\"lazy\" decoding=\"async\" width=\"800\" height=\"450\" src=\"https:\/\/mapadadiversidade.com.br\/ipatinga\/wp-content\/uploads\/2019\/06\/20190610_164456.jpg\" alt=\"\" data-id=\"847\" data-link=\"https:\/\/mapadadiversidade.com.br\/ipatinga\/?attachment_id=847\" class=\"wp-image-847\" srcset=\"https:\/\/mapadadiversidade.com.br\/ipatinga\/wp-content\/uploads\/2019\/06\/20190610_164456.jpg 800w, https:\/\/mapadadiversidade.com.br\/ipatinga\/wp-content\/uploads\/2019\/06\/20190610_164456-300x169.jpg 300w, https:\/\/mapadadiversidade.com.br\/ipatinga\/wp-content\/uploads\/2019\/06\/20190610_164456-768x432.jpg 768w\" sizes=\"auto, (max-width: 800px) 100vw, 800px\" \/><\/figure><\/li><li class=\"blocks-gallery-item\"><figure><img loading=\"lazy\" decoding=\"async\" width=\"800\" height=\"624\" src=\"https:\/\/mapadadiversidade.com.br\/ipatinga\/wp-content\/uploads\/2019\/06\/20190610_164622.jpg\" alt=\"\" data-id=\"848\" data-link=\"https:\/\/mapadadiversidade.com.br\/ipatinga\/?attachment_id=848\" class=\"wp-image-848\" srcset=\"https:\/\/mapadadiversidade.com.br\/ipatinga\/wp-content\/uploads\/2019\/06\/20190610_164622.jpg 800w, https:\/\/mapadadiversidade.com.br\/ipatinga\/wp-content\/uploads\/2019\/06\/20190610_164622-300x234.jpg 300w, https:\/\/mapadadiversidade.com.br\/ipatinga\/wp-content\/uploads\/2019\/06\/20190610_164622-768x599.jpg 768w\" sizes=\"auto, (max-width: 800px) 100vw, 800px\" \/><\/figure><\/li><\/ul>\n\n\n\n<ul class=\"wp-block-gallery columns-0 is-cropped wp-block-gallery-2 is-layout-flex wp-block-gallery-is-layout-flex\"><\/ul>\n","protected":false},"excerpt":{"rendered":"<p>Atua na \u00e1rea do artesanato em confec\u00e7\u00e3o de pe\u00e7as utilit\u00e1rias e decorativas reutilizando pe\u00e7as de motos, carros e bicicletas.<\/p>\n","protected":false},"author":12,"featured_media":846,"comment_status":"open","ping_status":"open","sticky":false,"template":"","format":"standard","meta":{"footnotes":""},"categories":[1,11,4],"tags":[30,181],"class_list":["post-844","post","type-post","status-publish","format-standard","has-post-thumbnail","hentry","category-ipatinga","category-artesanato","category-linguagem-artisticas","tag-artesanato","tag-reciclagem","item-wrap"],"_links":{"self":[{"href":"https:\/\/mapadadiversidade.com.br\/ipatinga\/wp-json\/wp\/v2\/posts\/844","targetHints":{"allow":["GET"]}}],"collection":[{"href":"https:\/\/mapadadiversidade.com.br\/ipatinga\/wp-json\/wp\/v2\/posts"}],"about":[{"href":"https:\/\/mapadadiversidade.com.br\/ipatinga\/wp-json\/wp\/v2\/types\/post"}],"author":[{"embeddable":true,"href":"https:\/\/mapadadiversidade.com.br\/ipatinga\/wp-json\/wp\/v2\/users\/12"}],"replies":[{"embeddable":true,"href":"https:\/\/mapadadiversidade.com.br\/ipatinga\/wp-json\/wp\/v2\/comments?post=844"}],"version-history":[{"count":2,"href":"https:\/\/mapadadiversidade.com.br\/ipatinga\/wp-json\/wp\/v2\/posts\/844\/revisions"}],"predecessor-version":[{"id":1671,"href":"https:\/\/mapadadiversidade.com.br\/ipatinga\/wp-json\/wp\/v2\/posts\/844\/revisions\/1671"}],"wp:featuredmedia":[{"embeddable":true,"href":"https:\/\/mapadadiversidade.com.br\/ipatinga\/wp-json\/wp\/v2\/media\/846"}],"wp:attachment":[{"href":"https:\/\/mapadadiversidade.com.br\/ipatinga\/wp-json\/wp\/v2\/media?parent=844"}],"wp:term":[{"taxonomy":"category","embeddable":true,"href":"https:\/\/mapadadiversidade.com.br\/ipatinga\/wp-json\/wp\/v2\/categories?post=844"},{"taxonomy":"post_tag","embeddable":true,"href":"https:\/\/mapadadiversidade.com.br\/ipatinga\/wp-json\/wp\/v2\/tags?post=844"}],"curies":[{"name":"wp","href":"https:\/\/api.w.org\/{rel}","templated":true}]}}