{"id":991,"date":"2019-06-02T23:09:32","date_gmt":"2019-06-03T02:09:32","guid":{"rendered":"https:\/\/mapadadiversidade.com.br\/ipatinga\/?p=991"},"modified":"2022-11-09T06:20:02","modified_gmt":"2022-11-09T09:20:02","slug":"wanderson-alves-dos-santos","status":"publish","type":"post","link":"https:\/\/mapadadiversidade.com.br\/ipatinga\/wanderson-alves-dos-santos\/","title":{"rendered":"Wanderson Alves dos Santos\/ Pian Art Ag\u00eancia e Escola M\u00fasica"},"content":{"rendered":"<p> Maestro arranjador e regente de orquestra e coral.   Pianista correpetidor e professor de piano. Produtor \u00a0musical de Bandas, Orquestras e coral, grupos  de igreja e Est\u00fadios de grava\u00e7\u00e3o. <\/p>\n<p>Linguagens Art\u00edsticas<br \/>M\u00fasica<\/p>\n<p>Outra atua\u00e7\u00e3o: Professor de musicaliza\u00e7\u00e3o infantil e artes no ensino regular com especificidade na m\u00fasica.<\/p>\n<p>Telefone: (31) 98857-1670\/ 3822-9536  <br \/>Facebook: <a href=\"https:\/\/www.facebook.com\/profile.php?id=100009836628047\">Wanderson M Santos <\/a> <br \/>Instagram:<a href=\"https:\/\/www.instagram.com\/wanderson_w.santos\/?hl=pt-br\"> Wanderson_W. Santos<\/a><\/p>\n<figure class=\"wp-block-embed-youtube wp-block-embed is-type-video is-provider-youtube wp-embed-aspect-16-9 wp-has-aspect-ratio\">\n<div class=\"wp-block-embed__wrapper\">\n<iframe loading=\"lazy\" title=\"WANDERSON\" width=\"944\" height=\"531\" src=\"https:\/\/www.youtube.com\/embed\/uBtUoSoUAKQ?feature=oembed\" frameborder=\"0\" allow=\"accelerometer; autoplay; encrypted-media; gyroscope; picture-in-picture\" allowfullscreen><\/iframe>\n<\/div>\n<\/figure>\n<ul class=\"is-layout-flex wp-block-gallery-1 wp-block-gallery columns-3 is-cropped\">\n<li class=\"blocks-gallery-item\">\n<figure><img decoding=\"async\" loading=\"lazy\" width=\"1024\" height=\"768\" src=\"https:\/\/mapadadiversidade.com.br\/ipatinga\/wp-content\/uploads\/2019\/06\/wanderson-1-1024x768.jpg\" alt=\"\" data-id=\"1053\" data-link=\"https:\/\/mapadadiversidade.com.br\/ipatinga\/wanderson-alves-dos-santos\/wanderson-1\/\" class=\"wp-image-1053\" srcset=\"https:\/\/mapadadiversidade.com.br\/ipatinga\/wp-content\/uploads\/2019\/06\/wanderson-1-1024x768.jpg 1024w, https:\/\/mapadadiversidade.com.br\/ipatinga\/wp-content\/uploads\/2019\/06\/wanderson-1-300x225.jpg 300w, https:\/\/mapadadiversidade.com.br\/ipatinga\/wp-content\/uploads\/2019\/06\/wanderson-1-768x576.jpg 768w, https:\/\/mapadadiversidade.com.br\/ipatinga\/wp-content\/uploads\/2019\/06\/wanderson-1.jpg 1080w\" sizes=\"auto, (max-width: 1024px) 100vw, 1024px\" \/><\/figure>\n<\/li>\n<li class=\"blocks-gallery-item\">\n<figure><img decoding=\"async\" loading=\"lazy\" width=\"1024\" height=\"680\" src=\"https:\/\/mapadadiversidade.com.br\/ipatinga\/wp-content\/uploads\/2019\/06\/wanderson-2-1024x680.jpg\" alt=\"\" data-id=\"1054\" data-link=\"https:\/\/mapadadiversidade.com.br\/ipatinga\/wanderson-alves-dos-santos\/wanderson-2\/\" class=\"wp-image-1054\" srcset=\"https:\/\/mapadadiversidade.com.br\/ipatinga\/wp-content\/uploads\/2019\/06\/wanderson-2-1024x680.jpg 1024w, https:\/\/mapadadiversidade.com.br\/ipatinga\/wp-content\/uploads\/2019\/06\/wanderson-2-300x199.jpg 300w, https:\/\/mapadadiversidade.com.br\/ipatinga\/wp-content\/uploads\/2019\/06\/wanderson-2-768x510.jpg 768w, https:\/\/mapadadiversidade.com.br\/ipatinga\/wp-content\/uploads\/2019\/06\/wanderson-2.jpg 1072w\" sizes=\"auto, (max-width: 1024px) 100vw, 1024px\" \/><\/figure>\n<\/li>\n<li class=\"blocks-gallery-item\">\n<figure><img decoding=\"async\" loading=\"lazy\" width=\"1024\" height=\"682\" src=\"https:\/\/mapadadiversidade.com.br\/ipatinga\/wp-content\/uploads\/2019\/06\/wanderson-4-1024x682.jpg\" alt=\"\" data-id=\"1055\" data-link=\"https:\/\/mapadadiversidade.com.br\/ipatinga\/wanderson-alves-dos-santos\/wanderson-4\/\" class=\"wp-image-1055\" srcset=\"https:\/\/mapadadiversidade.com.br\/ipatinga\/wp-content\/uploads\/2019\/06\/wanderson-4-1024x682.jpg 1024w, https:\/\/mapadadiversidade.com.br\/ipatinga\/wp-content\/uploads\/2019\/06\/wanderson-4-300x200.jpg 300w, https:\/\/mapadadiversidade.com.br\/ipatinga\/wp-content\/uploads\/2019\/06\/wanderson-4-768x512.jpg 768w, https:\/\/mapadadiversidade.com.br\/ipatinga\/wp-content\/uploads\/2019\/06\/wanderson-4.jpg 1280w\" sizes=\"auto, (max-width: 1024px) 100vw, 1024px\" \/><\/figure>\n<\/li>\n<\/ul>\n<div style=\"font-size:0px;\"><a href=\"https:\/\/dekadans.nl\/\">dekadans.nl<\/a><\/div>\n","protected":false},"excerpt":{"rendered":"<p>Maestro arranjador e regente de orquestra e coral.Pianista correpetidor e professor de piano.Produtor  musical de Bandas, Orquestras e coral, grupos  de igreja e Est\u00fadios de grava\u00e7\u00e3o.<\/p>\n","protected":false},"author":3,"featured_media":1052,"comment_status":"open","ping_status":"open","sticky":false,"template":"","format":"standard","meta":{"footnotes":""},"categories":[1,5,12],"tags":[121,123,124,122],"class_list":["post-991","post","type-post","status-publish","format-standard","has-post-thumbnail","hentry","category-ipatinga","category-arte-educador-educador-social","category-musica","tag-maestro","tag-pianista","tag-produtor-musical-de-banda","tag-regente-de-orquestra-e-coral","item-wrap"],"_links":{"self":[{"href":"https:\/\/mapadadiversidade.com.br\/ipatinga\/wp-json\/wp\/v2\/posts\/991","targetHints":{"allow":["GET"]}}],"collection":[{"href":"https:\/\/mapadadiversidade.com.br\/ipatinga\/wp-json\/wp\/v2\/posts"}],"about":[{"href":"https:\/\/mapadadiversidade.com.br\/ipatinga\/wp-json\/wp\/v2\/types\/post"}],"author":[{"embeddable":true,"href":"https:\/\/mapadadiversidade.com.br\/ipatinga\/wp-json\/wp\/v2\/users\/3"}],"replies":[{"embeddable":true,"href":"https:\/\/mapadadiversidade.com.br\/ipatinga\/wp-json\/wp\/v2\/comments?post=991"}],"version-history":[{"count":12,"href":"https:\/\/mapadadiversidade.com.br\/ipatinga\/wp-json\/wp\/v2\/posts\/991\/revisions"}],"predecessor-version":[{"id":2583,"href":"https:\/\/mapadadiversidade.com.br\/ipatinga\/wp-json\/wp\/v2\/posts\/991\/revisions\/2583"}],"wp:featuredmedia":[{"embeddable":true,"href":"https:\/\/mapadadiversidade.com.br\/ipatinga\/wp-json\/wp\/v2\/media\/1052"}],"wp:attachment":[{"href":"https:\/\/mapadadiversidade.com.br\/ipatinga\/wp-json\/wp\/v2\/media?parent=991"}],"wp:term":[{"taxonomy":"category","embeddable":true,"href":"https:\/\/mapadadiversidade.com.br\/ipatinga\/wp-json\/wp\/v2\/categories?post=991"},{"taxonomy":"post_tag","embeddable":true,"href":"https:\/\/mapadadiversidade.com.br\/ipatinga\/wp-json\/wp\/v2\/tags?post=991"}],"curies":[{"name":"wp","href":"https:\/\/api.w.org\/{rel}","templated":true}]}}