{"id":104,"date":"2019-05-19T11:44:04","date_gmt":"2019-05-19T14:44:04","guid":{"rendered":"https:\/\/mapadadiversidade.com.br\/itauna\/?p=104"},"modified":"2019-06-09T12:25:01","modified_gmt":"2019-06-09T15:25:01","slug":"a-cidade-conversa","status":"publish","type":"post","link":"https:\/\/mapadadiversidade.com.br\/itauna\/a-cidade-conversa\/","title":{"rendered":"A Cidade Conversa"},"content":{"rendered":"\n<p>Festividades<\/p>\n\n\n\n<p>Evento de diversidades culturais<\/p>\n\n\n\n<p><strong>Hist\u00f3rico:<\/strong> A Cidade Conversa come\u00e7ou em Agosto de 2013 com a ideia de reunir bandas autorais no Coreto da Pra\u00e7a da Matriz. Come\u00e7ou com Walmir Junior, Mairon Alves, Bianca Nogueira (em mem\u00f3ria) e Matheus Tarabal. Com o passar do tempo come\u00e7aram a agregar atividades fomentando a Diversidade Cultural do evento, como Varal de Poesias, Bibliotecas, Fotografias, Artesanato, Dan\u00e7a atraindo a diversidade do p\u00fablico.  <\/p>\n\n\n\n<p>Telefone: (37) 99944-8810 (Mairon Alves)<br> Email: contato@cidadeconversa.com.br<br> Site: <a href=\"http:\/\/www.acidadeconversa.com.br\/\">www.acidadeconversa.com.br<\/a><br> Facebook: <a href=\"https:\/\/www.facebook.com\/acidadeconversa\/\">A Cidade Conversa<\/a><br> Instagram: @acidadeconversa<br> Youtube: <a href=\"https:\/\/www.youtube.com\/user\/acidadeconversa\">A Cidade Conversa<\/a><\/p>\n\n\n\n<figure class=\"wp-block-embed-youtube wp-block-embed is-type-video is-provider-youtube wp-embed-aspect-16-9 wp-has-aspect-ratio\"><div class=\"wp-block-embed__wrapper\">\n<iframe loading=\"lazy\" title=\"A Cidade Conversa - Festividade\" width=\"944\" height=\"531\" src=\"https:\/\/www.youtube.com\/embed\/8K-HQiifnY8?feature=oembed\" frameborder=\"0\" allow=\"accelerometer; autoplay; encrypted-media; gyroscope; picture-in-picture\" allowfullscreen><\/iframe>\n<\/div><\/figure>\n\n\n\n<figure class=\"wp-block-embed-youtube wp-block-embed is-type-video is-provider-youtube wp-embed-aspect-16-9 wp-has-aspect-ratio\"><div class=\"wp-block-embed__wrapper\">\n<iframe loading=\"lazy\" title=\"A Cidade Conversa 2018: o retorno! 23\/09\/2018\" width=\"944\" height=\"531\" src=\"https:\/\/www.youtube.com\/embed\/9fGlG_sgzlE?feature=oembed\" frameborder=\"0\" allow=\"accelerometer; autoplay; encrypted-media; gyroscope; picture-in-picture\" allowfullscreen><\/iframe>\n<\/div><\/figure>\n\n\n\n<figure class=\"wp-block-image\"><img loading=\"lazy\" decoding=\"async\" width=\"584\" height=\"584\" src=\"https:\/\/mapadadiversidade.com.br\/itauna\/wp-content\/uploads\/2019\/05\/A-Cidade-Conversa.jpg\" alt=\"\" class=\"wp-image-121\" srcset=\"https:\/\/mapadadiversidade.com.br\/itauna\/wp-content\/uploads\/2019\/05\/A-Cidade-Conversa.jpg 584w, https:\/\/mapadadiversidade.com.br\/itauna\/wp-content\/uploads\/2019\/05\/A-Cidade-Conversa-150x150.jpg 150w, https:\/\/mapadadiversidade.com.br\/itauna\/wp-content\/uploads\/2019\/05\/A-Cidade-Conversa-300x300.jpg 300w\" sizes=\"auto, (max-width: 584px) 100vw, 584px\" \/><\/figure>\n","protected":false},"excerpt":{"rendered":"<p>Evento Cultural com m\u00fasica, dan\u00e7a, poesia e diversidade cultural.<\/p>\n","protected":false},"author":6,"featured_media":121,"comment_status":"open","ping_status":"open","sticky":false,"template":"","format":"standard","meta":{"footnotes":""},"categories":[45,1],"tags":[59,118,15],"class_list":["post-104","post","type-post","status-publish","format-standard","has-post-thumbnail","hentry","category-festividades","category-itauna","tag-diversidade-cultural","tag-festa","tag-grafite","item-wrap"],"_links":{"self":[{"href":"https:\/\/mapadadiversidade.com.br\/itauna\/wp-json\/wp\/v2\/posts\/104","targetHints":{"allow":["GET"]}}],"collection":[{"href":"https:\/\/mapadadiversidade.com.br\/itauna\/wp-json\/wp\/v2\/posts"}],"about":[{"href":"https:\/\/mapadadiversidade.com.br\/itauna\/wp-json\/wp\/v2\/types\/post"}],"author":[{"embeddable":true,"href":"https:\/\/mapadadiversidade.com.br\/itauna\/wp-json\/wp\/v2\/users\/6"}],"replies":[{"embeddable":true,"href":"https:\/\/mapadadiversidade.com.br\/itauna\/wp-json\/wp\/v2\/comments?post=104"}],"version-history":[{"count":7,"href":"https:\/\/mapadadiversidade.com.br\/itauna\/wp-json\/wp\/v2\/posts\/104\/revisions"}],"predecessor-version":[{"id":918,"href":"https:\/\/mapadadiversidade.com.br\/itauna\/wp-json\/wp\/v2\/posts\/104\/revisions\/918"}],"wp:featuredmedia":[{"embeddable":true,"href":"https:\/\/mapadadiversidade.com.br\/itauna\/wp-json\/wp\/v2\/media\/121"}],"wp:attachment":[{"href":"https:\/\/mapadadiversidade.com.br\/itauna\/wp-json\/wp\/v2\/media?parent=104"}],"wp:term":[{"taxonomy":"category","embeddable":true,"href":"https:\/\/mapadadiversidade.com.br\/itauna\/wp-json\/wp\/v2\/categories?post=104"},{"taxonomy":"post_tag","embeddable":true,"href":"https:\/\/mapadadiversidade.com.br\/itauna\/wp-json\/wp\/v2\/tags?post=104"}],"curies":[{"name":"wp","href":"https:\/\/api.w.org\/{rel}","templated":true}]}}