{"id":118,"date":"2019-05-19T11:49:12","date_gmt":"2019-05-19T14:49:12","guid":{"rendered":"https:\/\/mapadadiversidade.com.br\/itauna\/?p=118"},"modified":"2019-06-08T15:04:12","modified_gmt":"2019-06-08T18:04:12","slug":"max-anderson","status":"publish","type":"post","link":"https:\/\/mapadadiversidade.com.br\/itauna\/max-anderson\/","title":{"rendered":"Max Anderson"},"content":{"rendered":"\n<p>Produtor ou Gestor Cultural<\/p>\n\n\n\n<p><strong>Outras atua\u00e7\u00f5es:<\/strong> M\u00fasico<\/p>\n\n\n\n<p><strong>Hist\u00f3rico: <\/strong>Anderson Maximiano vulgo Max \u00e9 Produtor Cultural e m\u00fasico (baterista). Sempre foi interessado em cultura e come\u00e7ou a mexer de fato depois do convite de uma amiga Bianca Nogueira <em>(em mem\u00f3ria<\/em>) para fazer parte de um Coletivo Cultural (Punho Cerrado) que se localizava na Casa de Cultura Arbarcar e tamb\u00e9m onde surgiu um dos seus principais trabalhos a Festa Vitrolada, devido ao sucesso come\u00e7ou a fazer mensalmente. Sente dificuldade em ser reconhecido e a falta de interesse das pessoas. A maior satisfa\u00e7\u00e3o \u00e9 saber que as pessoas gostam de suas produ\u00e7\u00f5es.<\/p>\n\n\n\n<p>Telefone: (37) 99859-9433<br>Email: andersonmaximiano86@gmail.com<br>Instagram: <a href=\"https:\/\/www.instagram.com\/maxandss\/?hl=pt-br\">@maxandss<\/a> \/ <a href=\"https:\/\/www.instagram.com\/festavitrolada\/?hl=pt-br\">@FestaVitrolada<\/a><\/p>\n\n\n\n<figure><iframe loading=\"lazy\" width=\"560\" height=\"315\" src=\"https:\/\/www.youtube.com\/embed\/0uKRxUTOE6I\" allowfullscreen=\"\"><\/iframe><\/figure>\n","protected":false},"excerpt":{"rendered":"<p>Produtor Cultural e m\u00fasico (baterista). Faz parte do Coletivo Cultural (Punho Cerrado) e da Festa Vitrolada.<\/p>\n","protected":false},"author":6,"featured_media":146,"comment_status":"open","ping_status":"open","sticky":false,"template":"","format":"standard","meta":{"footnotes":""},"categories":[1,4],"tags":[29,30,5,17],"class_list":["post-118","post","type-post","status-publish","format-standard","has-post-thumbnail","hentry","category-itauna","category-produtor-ou-gestor-cultural","tag-casa-de-cultura","tag-festa-vitrolada","tag-musico","tag-produtor-cultural","item-wrap"],"_links":{"self":[{"href":"https:\/\/mapadadiversidade.com.br\/itauna\/wp-json\/wp\/v2\/posts\/118","targetHints":{"allow":["GET"]}}],"collection":[{"href":"https:\/\/mapadadiversidade.com.br\/itauna\/wp-json\/wp\/v2\/posts"}],"about":[{"href":"https:\/\/mapadadiversidade.com.br\/itauna\/wp-json\/wp\/v2\/types\/post"}],"author":[{"embeddable":true,"href":"https:\/\/mapadadiversidade.com.br\/itauna\/wp-json\/wp\/v2\/users\/6"}],"replies":[{"embeddable":true,"href":"https:\/\/mapadadiversidade.com.br\/itauna\/wp-json\/wp\/v2\/comments?post=118"}],"version-history":[{"count":4,"href":"https:\/\/mapadadiversidade.com.br\/itauna\/wp-json\/wp\/v2\/posts\/118\/revisions"}],"predecessor-version":[{"id":737,"href":"https:\/\/mapadadiversidade.com.br\/itauna\/wp-json\/wp\/v2\/posts\/118\/revisions\/737"}],"wp:featuredmedia":[{"embeddable":true,"href":"https:\/\/mapadadiversidade.com.br\/itauna\/wp-json\/wp\/v2\/media\/146"}],"wp:attachment":[{"href":"https:\/\/mapadadiversidade.com.br\/itauna\/wp-json\/wp\/v2\/media?parent=118"}],"wp:term":[{"taxonomy":"category","embeddable":true,"href":"https:\/\/mapadadiversidade.com.br\/itauna\/wp-json\/wp\/v2\/categories?post=118"},{"taxonomy":"post_tag","embeddable":true,"href":"https:\/\/mapadadiversidade.com.br\/itauna\/wp-json\/wp\/v2\/tags?post=118"}],"curies":[{"name":"wp","href":"https:\/\/api.w.org\/{rel}","templated":true}]}}