{"id":145,"date":"2019-05-19T11:54:58","date_gmt":"2019-05-19T14:54:58","guid":{"rendered":"https:\/\/mapadadiversidade.com.br\/itauna\/?p=145"},"modified":"2019-06-09T12:23:51","modified_gmt":"2019-06-09T15:23:51","slug":"arlete-de-jesus","status":"publish","type":"post","link":"https:\/\/mapadadiversidade.com.br\/itauna\/arlete-de-jesus\/","title":{"rendered":"Arlete de Jesus"},"content":{"rendered":"\n<p>Pr\u00e1ticas da mente e do corpo<\/p>\n\n\n\n<p>Arte educadora e psic\u00f3loga clinica social<\/p>\n\n\n\n<p><strong>Hist\u00f3rico:<\/strong> Arlete Barbosa de Jesus, 58 anos e formada em psicologia, atua no Espa\u00e7o Terap\u00eautico Triksle que se localiza no Coworking Sonhos Compartilhados. Trabalha com Psicologia Cl\u00ednica Social com pre\u00e7os acess\u00edveis e com Arte Terapia. Sempre teve interesse na Diversidade Cultural e principalmente na Terapia e Arte. <\/p>\n\n\n\n<p>Endere\u00e7o: Dona Neca, 72, Cerqueira Lima<br>Email: psi.arletebj@yahoo.com.br<br>Telefone: (37) 99963-3134<br>Instagram: <a href=\"https:\/\/www.instagram.com\/arletebjesus\/\" target=\"_blank\" rel=\"noreferrer noopener\" aria-label=\"@arletbjesus (abre numa nova aba)\">@arletbjesus<\/a><br>Facebook: <a rel=\"noreferrer noopener\" aria-label=\"Arlete de Jesus (abre numa nova aba)\" href=\"https:\/\/www.facebook.com\/arlete.b.jesus?epa=SEARCH_BOX\" target=\"_blank\">Arlete de Jesus<\/a><\/p>\n\n\n\n<figure><iframe loading=\"lazy\" width=\"560\" height=\"315\" src=\"https:\/\/www.youtube.com\/embed\/79qevFFe9KQ\" allowfullscreen=\"\"><\/iframe><\/figure>\n\n\n\n<figure class=\"wp-block-image\"><img loading=\"lazy\" decoding=\"async\" width=\"466\" height=\"466\" src=\"https:\/\/mapadadiversidade.com.br\/itauna\/wp-content\/uploads\/2019\/05\/Arlete-B-Jesus.jpg\" alt=\"\" class=\"wp-image-150\" srcset=\"https:\/\/mapadadiversidade.com.br\/itauna\/wp-content\/uploads\/2019\/05\/Arlete-B-Jesus.jpg 466w, https:\/\/mapadadiversidade.com.br\/itauna\/wp-content\/uploads\/2019\/05\/Arlete-B-Jesus-150x150.jpg 150w, https:\/\/mapadadiversidade.com.br\/itauna\/wp-content\/uploads\/2019\/05\/Arlete-B-Jesus-300x300.jpg 300w\" sizes=\"auto, (max-width: 466px) 100vw, 466px\" \/><\/figure>\n","protected":false},"excerpt":{"rendered":"<p>Psicologa social e arte terapeuta. <\/p>\n","protected":false},"author":6,"featured_media":0,"comment_status":"open","ping_status":"open","sticky":false,"template":"","format":"standard","meta":{"footnotes":""},"categories":[1,42],"tags":[39,38],"class_list":["post-145","post","type-post","status-publish","format-standard","hentry","category-itauna","category-praticas-da-mente-e-do-corpo","tag-arte-terapia","tag-psicologia","item-wrap"],"_links":{"self":[{"href":"https:\/\/mapadadiversidade.com.br\/itauna\/wp-json\/wp\/v2\/posts\/145","targetHints":{"allow":["GET"]}}],"collection":[{"href":"https:\/\/mapadadiversidade.com.br\/itauna\/wp-json\/wp\/v2\/posts"}],"about":[{"href":"https:\/\/mapadadiversidade.com.br\/itauna\/wp-json\/wp\/v2\/types\/post"}],"author":[{"embeddable":true,"href":"https:\/\/mapadadiversidade.com.br\/itauna\/wp-json\/wp\/v2\/users\/6"}],"replies":[{"embeddable":true,"href":"https:\/\/mapadadiversidade.com.br\/itauna\/wp-json\/wp\/v2\/comments?post=145"}],"version-history":[{"count":6,"href":"https:\/\/mapadadiversidade.com.br\/itauna\/wp-json\/wp\/v2\/posts\/145\/revisions"}],"predecessor-version":[{"id":914,"href":"https:\/\/mapadadiversidade.com.br\/itauna\/wp-json\/wp\/v2\/posts\/145\/revisions\/914"}],"wp:attachment":[{"href":"https:\/\/mapadadiversidade.com.br\/itauna\/wp-json\/wp\/v2\/media?parent=145"}],"wp:term":[{"taxonomy":"category","embeddable":true,"href":"https:\/\/mapadadiversidade.com.br\/itauna\/wp-json\/wp\/v2\/categories?post=145"},{"taxonomy":"post_tag","embeddable":true,"href":"https:\/\/mapadadiversidade.com.br\/itauna\/wp-json\/wp\/v2\/tags?post=145"}],"curies":[{"name":"wp","href":"https:\/\/api.w.org\/{rel}","templated":true}]}}