{"id":155,"date":"2019-05-19T14:00:38","date_gmt":"2019-05-19T17:00:38","guid":{"rendered":"https:\/\/mapadadiversidade.com.br\/itauna\/?p=155"},"modified":"2019-06-09T12:13:06","modified_gmt":"2019-06-09T15:13:06","slug":"marco-antonio-lara","status":"publish","type":"post","link":"https:\/\/mapadadiversidade.com.br\/itauna\/marco-antonio-lara\/","title":{"rendered":"Marco Ant\u00f4nio Lara"},"content":{"rendered":"\n<p>Produ\u00e7\u00e3o cultural<\/p>\n\n\n\n<p>Produtor de teatro<\/p>\n\n\n\n<p><strong>Outras atua\u00e7\u00f5es:<\/strong> Diretor teatral<\/p>\n\n\n\n<p><strong>Hist\u00f3rico:<\/strong> Iniciou no teatro em 1975, praticando como diretor, produtor, iluminador e  tradutor em cerca de 20 espet\u00e1culos, como As Cigarras do Sert\u00e3o, O Rei Est\u00e1 Morrendo, Equus, Di\u00e1logo no P\u00e2ntano e Macbet. Auxiliou na constru\u00e7\u00e3o do teatro V\u00e2nia Campos em 1981 e em sua recupera\u00e7\u00e3o em 2000. Participou da funda\u00e7\u00e3o da PrO-arte, Terceiro Ato, Inst\u00e1vel Companhia de Teatro e Ponto de Cultura Casa do Idoso.<\/p>\n\n\n\n<p>Telefone: (31) 986583770 <br>Email:      maomachadolara@gmail.com<\/p>\n\n\n\n<p><\/p>\n\n\n\n<p><\/p>\n","protected":false},"excerpt":{"rendered":"<p>Diretor, produtor cultural, iluminador e  tradutor em cerca de 20 espet\u00e1culos.<\/p>\n","protected":false},"author":8,"featured_media":454,"comment_status":"open","ping_status":"open","sticky":false,"template":"","format":"standard","meta":{"footnotes":""},"categories":[1,54,4,99],"tags":[139,17,61],"class_list":["post-155","post","type-post","status-publish","format-standard","has-post-thumbnail","hentry","category-itauna","category-linguagens-artisticas","category-produtor-ou-gestor-cultural","category-teatro","tag-linguagens-artisticas","tag-produtor-cultural","tag-teatro","item-wrap"],"_links":{"self":[{"href":"https:\/\/mapadadiversidade.com.br\/itauna\/wp-json\/wp\/v2\/posts\/155","targetHints":{"allow":["GET"]}}],"collection":[{"href":"https:\/\/mapadadiversidade.com.br\/itauna\/wp-json\/wp\/v2\/posts"}],"about":[{"href":"https:\/\/mapadadiversidade.com.br\/itauna\/wp-json\/wp\/v2\/types\/post"}],"author":[{"embeddable":true,"href":"https:\/\/mapadadiversidade.com.br\/itauna\/wp-json\/wp\/v2\/users\/8"}],"replies":[{"embeddable":true,"href":"https:\/\/mapadadiversidade.com.br\/itauna\/wp-json\/wp\/v2\/comments?post=155"}],"version-history":[{"count":4,"href":"https:\/\/mapadadiversidade.com.br\/itauna\/wp-json\/wp\/v2\/posts\/155\/revisions"}],"predecessor-version":[{"id":887,"href":"https:\/\/mapadadiversidade.com.br\/itauna\/wp-json\/wp\/v2\/posts\/155\/revisions\/887"}],"wp:featuredmedia":[{"embeddable":true,"href":"https:\/\/mapadadiversidade.com.br\/itauna\/wp-json\/wp\/v2\/media\/454"}],"wp:attachment":[{"href":"https:\/\/mapadadiversidade.com.br\/itauna\/wp-json\/wp\/v2\/media?parent=155"}],"wp:term":[{"taxonomy":"category","embeddable":true,"href":"https:\/\/mapadadiversidade.com.br\/itauna\/wp-json\/wp\/v2\/categories?post=155"},{"taxonomy":"post_tag","embeddable":true,"href":"https:\/\/mapadadiversidade.com.br\/itauna\/wp-json\/wp\/v2\/tags?post=155"}],"curies":[{"name":"wp","href":"https:\/\/api.w.org\/{rel}","templated":true}]}}