{"id":160,"date":"2019-05-19T12:20:58","date_gmt":"2019-05-19T15:20:58","guid":{"rendered":"https:\/\/mapadadiversidade.com.br\/itauna\/?p=160"},"modified":"2019-06-13T09:39:02","modified_gmt":"2019-06-13T12:39:02","slug":"joana-darc-de-assis-morici","status":"publish","type":"post","link":"https:\/\/mapadadiversidade.com.br\/itauna\/joana-darc-de-assis-morici\/","title":{"rendered":"Joana Darc de Assis Morici"},"content":{"rendered":"\n<p>Artesanato<\/p>\n\n\n\n<p>      Hist\u00f3rico: <br> \u2022    Participa\u00e7\u00e3o em feiras e eventos: elevando a autoestima do grupo atrav\u00e9s de exposi\u00e7\u00e3o e comercializa\u00e7\u00e3o dos artesanatos produzidos.<br> \u2022    Envolvimento da sociedade e poder p\u00fablico local: ajudando na manuten\u00e7\u00e3o dos projetos de reciclagem.<br> \u2022    Envolvimento dos pacientes, Coordena\u00e7\u00e3o do Centro de Assist\u00eancia Psicossocial (Sa\u00fade Mental, \u00c1lcool e Droga); e Centro de Conviv\u00eancia Sa\u00fade Mental, promovendo a autoestima, criatividade e equil\u00edbrio dos pacientes nas confec\u00e7\u00f5es de artesanatos de bambu, mosaico, jornal, bordados, madeira, tape\u00e7aria e outros<br> \u2022    Oficinas de reciclagem M\u00faltiplas, Pintura, Bordados e outros Artesanatos.<br> \u2022    Pintura em Tecido, Macram\u00ea, Croch\u00ea, Artes em Reciclagem, de Papeis.<br> \u2022    Reciclagem de Papeis e outros materiais. <br> \u2022    Curso Reciclagem de Jornal para Prefeitura de Nova Serrana. <br> \u2022    Oficina M\u00faltipla e Curso Arte em Papel Jornal para Associa\u00e7\u00e3o Usina de Sonhos.. <br> \u2022    Oficina de Elabora\u00e7\u00e3o de Projetos Culturais Cidades e Pol\u00edticas P\u00fablicas de Cultura.<br> \u2022    Curso de Mosaico e Fibras Naturais R\u00edgidas.<br> \u2022    Curso de Biscuit.<br> \u2022    Curso de Boneca<\/p>\n\n\n\n<p><strong>Outra atua\u00e7\u00e3o:<\/strong> Arte Educadora<\/p>\n\n\n\n<p>Telefone: (37) 9 9124 3346<br>E-mail: joartsmorici@gmail.com<br>Facebook: <a href=\"https:\/\/www.facebook.com\/joanadarc.morici\">Joana Darc Morici<\/a><br>Instagram: <a href=\"https:\/\/www.instagram.com\/joanadarcmorici\/\">@joanadarcmorici<\/a><\/p>\n\n\n\n<figure><iframe loading=\"lazy\" width=\"560\" height=\"315\" src=\"https:\/\/www.youtube.com\/embed\/upiIs3apkfs\" allowfullscreen=\"\"><\/iframe><\/figure>\n\n\n\n<figure class=\"wp-block-image\"><img loading=\"lazy\" decoding=\"async\" width=\"768\" height=\"960\" src=\"https:\/\/mapadadiversidade.com.br\/itauna\/wp-content\/uploads\/2019\/05\/Joana-Darc-Morici-Foto-1.jpg\" alt=\"\" class=\"wp-image-183\" srcset=\"https:\/\/mapadadiversidade.com.br\/itauna\/wp-content\/uploads\/2019\/05\/Joana-Darc-Morici-Foto-1.jpg 768w, https:\/\/mapadadiversidade.com.br\/itauna\/wp-content\/uploads\/2019\/05\/Joana-Darc-Morici-Foto-1-240x300.jpg 240w\" sizes=\"auto, (max-width: 768px) 100vw, 768px\" \/><\/figure>\n\n\n\n<ul class=\"wp-block-gallery columns-3 is-cropped wp-block-gallery-1 is-layout-flex wp-block-gallery-is-layout-flex\"><li class=\"blocks-gallery-item\"><figure><img loading=\"lazy\" decoding=\"async\" width=\"927\" height=\"960\" src=\"https:\/\/mapadadiversidade.com.br\/itauna\/wp-content\/uploads\/2019\/06\/1.jpeg\" alt=\"\" data-id=\"1040\" data-link=\"https:\/\/mapadadiversidade.com.br\/itauna\/joana-darc-de-assis-morici\/attachment\/1\/\" class=\"wp-image-1040\" srcset=\"https:\/\/mapadadiversidade.com.br\/itauna\/wp-content\/uploads\/2019\/06\/1.jpeg 927w, https:\/\/mapadadiversidade.com.br\/itauna\/wp-content\/uploads\/2019\/06\/1-290x300.jpeg 290w, https:\/\/mapadadiversidade.com.br\/itauna\/wp-content\/uploads\/2019\/06\/1-768x795.jpeg 768w\" sizes=\"auto, (max-width: 927px) 100vw, 927px\" \/><\/figure><\/li><li class=\"blocks-gallery-item\"><figure><img loading=\"lazy\" decoding=\"async\" width=\"1024\" height=\"1024\" src=\"https:\/\/mapadadiversidade.com.br\/itauna\/wp-content\/uploads\/2019\/06\/2-1024x1024.jpeg\" alt=\"\" data-id=\"1041\" data-link=\"https:\/\/mapadadiversidade.com.br\/itauna\/joana-darc-de-assis-morici\/attachment\/2\/\" class=\"wp-image-1041\" srcset=\"https:\/\/mapadadiversidade.com.br\/itauna\/wp-content\/uploads\/2019\/06\/2-1024x1024.jpeg 1024w, https:\/\/mapadadiversidade.com.br\/itauna\/wp-content\/uploads\/2019\/06\/2-150x150.jpeg 150w, https:\/\/mapadadiversidade.com.br\/itauna\/wp-content\/uploads\/2019\/06\/2-300x300.jpeg 300w, https:\/\/mapadadiversidade.com.br\/itauna\/wp-content\/uploads\/2019\/06\/2-768x768.jpeg 768w, https:\/\/mapadadiversidade.com.br\/itauna\/wp-content\/uploads\/2019\/06\/2.jpeg 1089w\" sizes=\"auto, (max-width: 1024px) 100vw, 1024px\" \/><\/figure><\/li><li class=\"blocks-gallery-item\"><figure><img loading=\"lazy\" decoding=\"async\" width=\"1024\" height=\"768\" src=\"https:\/\/mapadadiversidade.com.br\/itauna\/wp-content\/uploads\/2019\/06\/3-1024x768.jpeg\" alt=\"\" data-id=\"1042\" data-link=\"https:\/\/mapadadiversidade.com.br\/itauna\/joana-darc-de-assis-morici\/attachment\/3\/\" class=\"wp-image-1042\" srcset=\"https:\/\/mapadadiversidade.com.br\/itauna\/wp-content\/uploads\/2019\/06\/3-1024x768.jpeg 1024w, https:\/\/mapadadiversidade.com.br\/itauna\/wp-content\/uploads\/2019\/06\/3-300x225.jpeg 300w, https:\/\/mapadadiversidade.com.br\/itauna\/wp-content\/uploads\/2019\/06\/3-768x576.jpeg 768w, https:\/\/mapadadiversidade.com.br\/itauna\/wp-content\/uploads\/2019\/06\/3.jpeg 1152w\" sizes=\"auto, (max-width: 1024px) 100vw, 1024px\" \/><\/figure><\/li><li class=\"blocks-gallery-item\"><figure><img loading=\"lazy\" decoding=\"async\" width=\"864\" height=\"1152\" src=\"https:\/\/mapadadiversidade.com.br\/itauna\/wp-content\/uploads\/2019\/06\/4-768x1024.jpeg\" alt=\"\" data-id=\"1043\" data-link=\"https:\/\/mapadadiversidade.com.br\/itauna\/joana-darc-de-assis-morici\/attachment\/4\/\" class=\"wp-image-1043\" srcset=\"https:\/\/mapadadiversidade.com.br\/itauna\/wp-content\/uploads\/2019\/06\/4-768x1024.jpeg 768w, https:\/\/mapadadiversidade.com.br\/itauna\/wp-content\/uploads\/2019\/06\/4-225x300.jpeg 225w, https:\/\/mapadadiversidade.com.br\/itauna\/wp-content\/uploads\/2019\/06\/4.jpeg 864w\" sizes=\"auto, (max-width: 864px) 100vw, 864px\" \/><\/figure><\/li><li class=\"blocks-gallery-item\"><figure><img loading=\"lazy\" decoding=\"async\" width=\"1024\" height=\"481\" src=\"https:\/\/mapadadiversidade.com.br\/itauna\/wp-content\/uploads\/2019\/06\/5-1024x481.jpeg\" alt=\"\" data-id=\"1044\" data-link=\"https:\/\/mapadadiversidade.com.br\/itauna\/joana-darc-de-assis-morici\/attachment\/5\/\" class=\"wp-image-1044\" srcset=\"https:\/\/mapadadiversidade.com.br\/itauna\/wp-content\/uploads\/2019\/06\/5-1024x481.jpeg 1024w, https:\/\/mapadadiversidade.com.br\/itauna\/wp-content\/uploads\/2019\/06\/5-300x141.jpeg 300w, https:\/\/mapadadiversidade.com.br\/itauna\/wp-content\/uploads\/2019\/06\/5-768x361.jpeg 768w, https:\/\/mapadadiversidade.com.br\/itauna\/wp-content\/uploads\/2019\/06\/5.jpeg 1073w\" sizes=\"auto, (max-width: 1024px) 100vw, 1024px\" \/><\/figure><\/li><li class=\"blocks-gallery-item\"><figure><img loading=\"lazy\" decoding=\"async\" width=\"1024\" height=\"768\" src=\"https:\/\/mapadadiversidade.com.br\/itauna\/wp-content\/uploads\/2019\/06\/6-1024x768.jpeg\" alt=\"\" data-id=\"1045\" data-link=\"https:\/\/mapadadiversidade.com.br\/itauna\/joana-darc-de-assis-morici\/attachment\/6\/\" class=\"wp-image-1045\" srcset=\"https:\/\/mapadadiversidade.com.br\/itauna\/wp-content\/uploads\/2019\/06\/6-1024x768.jpeg 1024w, https:\/\/mapadadiversidade.com.br\/itauna\/wp-content\/uploads\/2019\/06\/6-300x225.jpeg 300w, https:\/\/mapadadiversidade.com.br\/itauna\/wp-content\/uploads\/2019\/06\/6-768x576.jpeg 768w, https:\/\/mapadadiversidade.com.br\/itauna\/wp-content\/uploads\/2019\/06\/6.jpeg 1152w\" sizes=\"auto, (max-width: 1024px) 100vw, 1024px\" \/><\/figure><\/li><li class=\"blocks-gallery-item\"><figure><img loading=\"lazy\" decoding=\"async\" width=\"1024\" height=\"768\" src=\"https:\/\/mapadadiversidade.com.br\/itauna\/wp-content\/uploads\/2019\/06\/7-1024x768.jpeg\" alt=\"\" data-id=\"1046\" data-link=\"https:\/\/mapadadiversidade.com.br\/itauna\/joana-darc-de-assis-morici\/attachment\/7\/\" class=\"wp-image-1046\" srcset=\"https:\/\/mapadadiversidade.com.br\/itauna\/wp-content\/uploads\/2019\/06\/7-1024x768.jpeg 1024w, https:\/\/mapadadiversidade.com.br\/itauna\/wp-content\/uploads\/2019\/06\/7-300x225.jpeg 300w, https:\/\/mapadadiversidade.com.br\/itauna\/wp-content\/uploads\/2019\/06\/7-768x576.jpeg 768w, https:\/\/mapadadiversidade.com.br\/itauna\/wp-content\/uploads\/2019\/06\/7.jpeg 1152w\" sizes=\"auto, (max-width: 1024px) 100vw, 1024px\" \/><\/figure><\/li><li class=\"blocks-gallery-item\"><figure><img loading=\"lazy\" decoding=\"async\" width=\"1152\" height=\"864\" src=\"https:\/\/mapadadiversidade.com.br\/itauna\/wp-content\/uploads\/2019\/06\/8-1024x768.jpeg\" alt=\"\" data-id=\"1047\" data-link=\"https:\/\/mapadadiversidade.com.br\/itauna\/joana-darc-de-assis-morici\/attachment\/8\/\" class=\"wp-image-1047\" srcset=\"https:\/\/mapadadiversidade.com.br\/itauna\/wp-content\/uploads\/2019\/06\/8-1024x768.jpeg 1024w, https:\/\/mapadadiversidade.com.br\/itauna\/wp-content\/uploads\/2019\/06\/8-300x225.jpeg 300w, https:\/\/mapadadiversidade.com.br\/itauna\/wp-content\/uploads\/2019\/06\/8-768x576.jpeg 768w, https:\/\/mapadadiversidade.com.br\/itauna\/wp-content\/uploads\/2019\/06\/8.jpeg 1152w\" sizes=\"auto, (max-width: 1152px) 100vw, 1152px\" \/><\/figure><\/li><li class=\"blocks-gallery-item\"><figure><img loading=\"lazy\" decoding=\"async\" width=\"1024\" height=\"768\" src=\"https:\/\/mapadadiversidade.com.br\/itauna\/wp-content\/uploads\/2019\/06\/9-1024x768.jpeg\" alt=\"\" data-id=\"1048\" data-link=\"https:\/\/mapadadiversidade.com.br\/itauna\/joana-darc-de-assis-morici\/attachment\/9\/\" class=\"wp-image-1048\" srcset=\"https:\/\/mapadadiversidade.com.br\/itauna\/wp-content\/uploads\/2019\/06\/9-1024x768.jpeg 1024w, https:\/\/mapadadiversidade.com.br\/itauna\/wp-content\/uploads\/2019\/06\/9-300x225.jpeg 300w, https:\/\/mapadadiversidade.com.br\/itauna\/wp-content\/uploads\/2019\/06\/9-768x576.jpeg 768w, https:\/\/mapadadiversidade.com.br\/itauna\/wp-content\/uploads\/2019\/06\/9.jpeg 1280w\" sizes=\"auto, (max-width: 1024px) 100vw, 1024px\" \/><\/figure><\/li><li class=\"blocks-gallery-item\"><figure><img loading=\"lazy\" decoding=\"async\" width=\"1024\" height=\"768\" src=\"https:\/\/mapadadiversidade.com.br\/itauna\/wp-content\/uploads\/2019\/06\/10-1024x768.jpeg\" alt=\"\" data-id=\"1049\" data-link=\"https:\/\/mapadadiversidade.com.br\/itauna\/joana-darc-de-assis-morici\/attachment\/10\/\" class=\"wp-image-1049\" srcset=\"https:\/\/mapadadiversidade.com.br\/itauna\/wp-content\/uploads\/2019\/06\/10-1024x768.jpeg 1024w, https:\/\/mapadadiversidade.com.br\/itauna\/wp-content\/uploads\/2019\/06\/10-300x225.jpeg 300w, https:\/\/mapadadiversidade.com.br\/itauna\/wp-content\/uploads\/2019\/06\/10-768x576.jpeg 768w, https:\/\/mapadadiversidade.com.br\/itauna\/wp-content\/uploads\/2019\/06\/10.jpeg 1280w\" sizes=\"auto, (max-width: 1024px) 100vw, 1024px\" \/><\/figure><\/li><li class=\"blocks-gallery-item\"><figure><img loading=\"lazy\" decoding=\"async\" width=\"1024\" height=\"768\" src=\"https:\/\/mapadadiversidade.com.br\/itauna\/wp-content\/uploads\/2019\/06\/11-1024x768.jpeg\" alt=\"\" data-id=\"1050\" data-link=\"https:\/\/mapadadiversidade.com.br\/itauna\/joana-darc-de-assis-morici\/attachment\/11\/\" class=\"wp-image-1050\" srcset=\"https:\/\/mapadadiversidade.com.br\/itauna\/wp-content\/uploads\/2019\/06\/11-1024x768.jpeg 1024w, https:\/\/mapadadiversidade.com.br\/itauna\/wp-content\/uploads\/2019\/06\/11-300x225.jpeg 300w, https:\/\/mapadadiversidade.com.br\/itauna\/wp-content\/uploads\/2019\/06\/11-768x576.jpeg 768w, https:\/\/mapadadiversidade.com.br\/itauna\/wp-content\/uploads\/2019\/06\/11.jpeg 1280w\" sizes=\"auto, (max-width: 1024px) 100vw, 1024px\" \/><\/figure><\/li><li class=\"blocks-gallery-item\"><figure><img loading=\"lazy\" decoding=\"async\" width=\"794\" height=\"1024\" src=\"https:\/\/mapadadiversidade.com.br\/itauna\/wp-content\/uploads\/2019\/06\/12-794x1024.jpeg\" alt=\"\" data-id=\"1051\" data-link=\"https:\/\/mapadadiversidade.com.br\/itauna\/joana-darc-de-assis-morici\/attachment\/12\/\" class=\"wp-image-1051\" srcset=\"https:\/\/mapadadiversidade.com.br\/itauna\/wp-content\/uploads\/2019\/06\/12-794x1024.jpeg 794w, https:\/\/mapadadiversidade.com.br\/itauna\/wp-content\/uploads\/2019\/06\/12-233x300.jpeg 233w, https:\/\/mapadadiversidade.com.br\/itauna\/wp-content\/uploads\/2019\/06\/12-768x991.jpeg 768w, https:\/\/mapadadiversidade.com.br\/itauna\/wp-content\/uploads\/2019\/06\/12.jpeg 992w\" sizes=\"auto, (max-width: 794px) 100vw, 794px\" \/><\/figure><\/li><\/ul>\n","protected":false},"excerpt":{"rendered":"<p>Artes\u00e3 atuando tamb\u00e9m como arte educadora.<\/p>\n","protected":false},"author":4,"featured_media":0,"comment_status":"open","ping_status":"open","sticky":false,"template":"","format":"standard","meta":{"footnotes":""},"categories":[22,1,54],"tags":[143,19,139],"class_list":["post-160","post","type-post","status-publish","format-standard","hentry","category-artesanato","category-itauna","category-linguagens-artisticas","tag-arte-educacao","tag-artesanato","tag-linguagens-artisticas","item-wrap"],"_links":{"self":[{"href":"https:\/\/mapadadiversidade.com.br\/itauna\/wp-json\/wp\/v2\/posts\/160","targetHints":{"allow":["GET"]}}],"collection":[{"href":"https:\/\/mapadadiversidade.com.br\/itauna\/wp-json\/wp\/v2\/posts"}],"about":[{"href":"https:\/\/mapadadiversidade.com.br\/itauna\/wp-json\/wp\/v2\/types\/post"}],"author":[{"embeddable":true,"href":"https:\/\/mapadadiversidade.com.br\/itauna\/wp-json\/wp\/v2\/users\/4"}],"replies":[{"embeddable":true,"href":"https:\/\/mapadadiversidade.com.br\/itauna\/wp-json\/wp\/v2\/comments?post=160"}],"version-history":[{"count":4,"href":"https:\/\/mapadadiversidade.com.br\/itauna\/wp-json\/wp\/v2\/posts\/160\/revisions"}],"predecessor-version":[{"id":1052,"href":"https:\/\/mapadadiversidade.com.br\/itauna\/wp-json\/wp\/v2\/posts\/160\/revisions\/1052"}],"wp:attachment":[{"href":"https:\/\/mapadadiversidade.com.br\/itauna\/wp-json\/wp\/v2\/media?parent=160"}],"wp:term":[{"taxonomy":"category","embeddable":true,"href":"https:\/\/mapadadiversidade.com.br\/itauna\/wp-json\/wp\/v2\/categories?post=160"},{"taxonomy":"post_tag","embeddable":true,"href":"https:\/\/mapadadiversidade.com.br\/itauna\/wp-json\/wp\/v2\/tags?post=160"}],"curies":[{"name":"wp","href":"https:\/\/api.w.org\/{rel}","templated":true}]}}