{"id":175,"date":"2019-05-19T12:49:24","date_gmt":"2019-05-19T15:49:24","guid":{"rendered":"https:\/\/mapadadiversidade.com.br\/itauna\/?p=175"},"modified":"2019-06-10T10:00:49","modified_gmt":"2019-06-10T13:00:49","slug":"barbara-lago","status":"publish","type":"post","link":"https:\/\/mapadadiversidade.com.br\/itauna\/barbara-lago\/","title":{"rendered":"B\u00e1rbara Lago"},"content":{"rendered":"\n<p>Gestora cultural.<\/p>\n\n\n\n<p>Arte educadora e dan\u00e7arina.<\/p>\n\n\n\n<p><strong>Outras atua\u00e7\u00f5es:<\/strong> Produtora cultural e trabalhos manuais.<\/p>\n\n\n\n<p><strong>Hist\u00f3rico:<\/strong> B\u00e1rbara tem atuado como Gestora Cultural e Arte Educadora por meio da dan\u00e7a. Come\u00e7ou na dan\u00e7a com aulas de bal\u00e9 ainda na inf\u00e2ncia, aos 13 anos entrou para o grupo de dan\u00e7a da igreja e mais tarde cursou  faculdade de Educa\u00e7\u00e3o F\u00edsica com objetivo de ampliar seus conhecimentos acerca do corpo e seus movimentos. Ainda na faculdade come\u00e7ou integrar a Companhia de Dan\u00e7a Afro Bataka, mas foi no Grupo de Pesquisas e Proje\u00e7\u00f5es Folcl\u00f3ricas que se profissionalizou viajando por muitos lugares do Brasil e mundo levando nossa cultura dan\u00e7ada. Ap\u00f3s um acidente dom\u00e9stico em 2014 parou de dan\u00e7ar e si dedicou ao estudo para o ensino e difus\u00e3o da dan\u00e7a, seu foco \u00e9 a popula\u00e7\u00e3o carente e juntamente com seu fervor pela cristianismo tem levado o amor a partir de sua dan\u00e7a..<\/p>\n\n\n\n<p> Telefone: (37) 99855-3211<br> Instagram: <a href=\"https:\/\/www.instagram.com\/babi_lululago\/?hl=pt-br\">babi_lululago<\/a><br> Facebook:<a href=\"https:\/\/www.facebook.com\/babi.lago.7\"> B\u00e1rbara Lago<\/a><br> Email: barbaraf.lago@hotmail.com<\/p>\n\n\n\n<figure><iframe loading=\"lazy\" src=\"https:\/\/www.youtube.com\/embed\/msBn-0u-QVU\" allowfullscreen=\"\" width=\"560\" height=\"315\"><\/iframe><\/figure>\n\n\n\n<figure class=\"wp-block-image\"><img loading=\"lazy\" decoding=\"async\" width=\"497\" height=\"497\" src=\"https:\/\/mapadadiversidade.com.br\/itauna\/wp-content\/uploads\/2019\/05\/26993408_10213666766215716_4659954929861104258_n-1.jpg\" alt=\"\" class=\"wp-image-223\" srcset=\"https:\/\/mapadadiversidade.com.br\/itauna\/wp-content\/uploads\/2019\/05\/26993408_10213666766215716_4659954929861104258_n-1.jpg 497w, https:\/\/mapadadiversidade.com.br\/itauna\/wp-content\/uploads\/2019\/05\/26993408_10213666766215716_4659954929861104258_n-1-150x150.jpg 150w, https:\/\/mapadadiversidade.com.br\/itauna\/wp-content\/uploads\/2019\/05\/26993408_10213666766215716_4659954929861104258_n-1-300x300.jpg 300w\" sizes=\"auto, (max-width: 497px) 100vw, 497px\" \/><\/figure>\n","protected":false},"excerpt":{"rendered":"<p>Atua como Gestora Cultural e Arte Educadora no meio da dan\u00e7a.<\/p>\n","protected":false},"author":6,"featured_media":222,"comment_status":"open","ping_status":"open","sticky":false,"template":"","format":"standard","meta":{"footnotes":""},"categories":[1,4],"tags":[26,56,55],"class_list":["post-175","post","type-post","status-publish","format-standard","has-post-thumbnail","hentry","category-itauna","category-produtor-ou-gestor-cultural","tag-arte","tag-danca","tag-educacao","item-wrap"],"_links":{"self":[{"href":"https:\/\/mapadadiversidade.com.br\/itauna\/wp-json\/wp\/v2\/posts\/175","targetHints":{"allow":["GET"]}}],"collection":[{"href":"https:\/\/mapadadiversidade.com.br\/itauna\/wp-json\/wp\/v2\/posts"}],"about":[{"href":"https:\/\/mapadadiversidade.com.br\/itauna\/wp-json\/wp\/v2\/types\/post"}],"author":[{"embeddable":true,"href":"https:\/\/mapadadiversidade.com.br\/itauna\/wp-json\/wp\/v2\/users\/6"}],"replies":[{"embeddable":true,"href":"https:\/\/mapadadiversidade.com.br\/itauna\/wp-json\/wp\/v2\/comments?post=175"}],"version-history":[{"count":6,"href":"https:\/\/mapadadiversidade.com.br\/itauna\/wp-json\/wp\/v2\/posts\/175\/revisions"}],"predecessor-version":[{"id":928,"href":"https:\/\/mapadadiversidade.com.br\/itauna\/wp-json\/wp\/v2\/posts\/175\/revisions\/928"}],"wp:featuredmedia":[{"embeddable":true,"href":"https:\/\/mapadadiversidade.com.br\/itauna\/wp-json\/wp\/v2\/media\/222"}],"wp:attachment":[{"href":"https:\/\/mapadadiversidade.com.br\/itauna\/wp-json\/wp\/v2\/media?parent=175"}],"wp:term":[{"taxonomy":"category","embeddable":true,"href":"https:\/\/mapadadiversidade.com.br\/itauna\/wp-json\/wp\/v2\/categories?post=175"},{"taxonomy":"post_tag","embeddable":true,"href":"https:\/\/mapadadiversidade.com.br\/itauna\/wp-json\/wp\/v2\/tags?post=175"}],"curies":[{"name":"wp","href":"https:\/\/api.w.org\/{rel}","templated":true}]}}