{"id":181,"date":"2019-05-19T16:07:19","date_gmt":"2019-05-19T19:07:19","guid":{"rendered":"https:\/\/mapadadiversidade.com.br\/itauna\/?p=181"},"modified":"2019-06-10T11:06:49","modified_gmt":"2019-06-10T14:06:49","slug":"daniela-moreno","status":"publish","type":"post","link":"https:\/\/mapadadiversidade.com.br\/itauna\/daniela-moreno\/","title":{"rendered":"Daniela Moreno"},"content":{"rendered":"\n<p>Arte educadora<\/p>\n\n\n\n<p>Professora de artes<\/p>\n\n\n\n<p><strong>Outra atua\u00e7\u00e3o:<\/strong> Atriz<\/p>\n\n\n\n<p><strong>Hist\u00f3rico:<\/strong> Iniciou no teatro em 2000, cursou licenciatura em artes c\u00eanicas pela UFOP. Desenvolveu projetos como arte educadora no ensino formal e n\u00e3o-formal, al\u00e9m de pe\u00e7as, atuando como diretora e atriz. Atualmente tem interesse na pesquisa do ensino de teatro em espa\u00e7os de reclus\u00e3o. <\/p>\n\n\n\n<p>Telefone: (37) 999329957<br> Email: dacamargo@fiemg.com.br<br> Facebook: <a href=\"https:\/\/www.facebook.com\/daniela.moreno.92372446\">D<\/a><a rel=\"noreferrer noopener\" aria-label=\"aniela Moreno (abre numa nova aba)\" href=\"https:\/\/www.facebook.com\/daniela.moreno.92372446\" target=\"_blank\">aniela Moreno<\/a><br> Instagram: dmoreno86<\/p>\n\n\n\n<figure><iframe loading=\"lazy\" width=\"560\" height=\"315\" src=\"https:\/\/www.youtube.com\/embed\/A4LZLdReBqE\" allowfullscreen=\"\"><\/iframe><\/figure>\n\n\n\n<ul class=\"wp-block-gallery columns-2 is-cropped wp-block-gallery-1 is-layout-flex wp-block-gallery-is-layout-flex\"><li class=\"blocks-gallery-item\"><figure><img loading=\"lazy\" decoding=\"async\" width=\"791\" height=\"960\" src=\"https:\/\/mapadadiversidade.com.br\/itauna\/wp-content\/uploads\/2019\/05\/40943277_2177949045612370_7144607981554892800_n.jpg\" alt=\"\" data-id=\"357\" class=\"wp-image-357\" srcset=\"https:\/\/mapadadiversidade.com.br\/itauna\/wp-content\/uploads\/2019\/05\/40943277_2177949045612370_7144607981554892800_n.jpg 791w, https:\/\/mapadadiversidade.com.br\/itauna\/wp-content\/uploads\/2019\/05\/40943277_2177949045612370_7144607981554892800_n-247x300.jpg 247w, https:\/\/mapadadiversidade.com.br\/itauna\/wp-content\/uploads\/2019\/05\/40943277_2177949045612370_7144607981554892800_n-768x932.jpg 768w\" sizes=\"auto, (max-width: 791px) 100vw, 791px\" \/><\/figure><\/li><li class=\"blocks-gallery-item\"><figure><img loading=\"lazy\" decoding=\"async\" width=\"918\" height=\"918\" src=\"https:\/\/mapadadiversidade.com.br\/itauna\/wp-content\/uploads\/2019\/05\/52528690_2511249082282363_2748166027283005440_n.jpg\" alt=\"\" data-id=\"362\" data-link=\"https:\/\/mapadadiversidade.com.br\/itauna\/daniela-moreno\/52528690_2511249082282363_2748166027283005440_n\/\" class=\"wp-image-362\" srcset=\"https:\/\/mapadadiversidade.com.br\/itauna\/wp-content\/uploads\/2019\/05\/52528690_2511249082282363_2748166027283005440_n.jpg 918w, https:\/\/mapadadiversidade.com.br\/itauna\/wp-content\/uploads\/2019\/05\/52528690_2511249082282363_2748166027283005440_n-150x150.jpg 150w, https:\/\/mapadadiversidade.com.br\/itauna\/wp-content\/uploads\/2019\/05\/52528690_2511249082282363_2748166027283005440_n-300x300.jpg 300w, https:\/\/mapadadiversidade.com.br\/itauna\/wp-content\/uploads\/2019\/05\/52528690_2511249082282363_2748166027283005440_n-768x768.jpg 768w\" sizes=\"auto, (max-width: 918px) 100vw, 918px\" \/><\/figure><\/li><\/ul>\n\n\n","protected":false},"excerpt":{"rendered":"<p>Arte educadora e artista pl\u00e1stica.<\/p>\n","protected":false},"author":8,"featured_media":796,"comment_status":"open","ping_status":"open","sticky":false,"template":"","format":"standard","meta":{"footnotes":""},"categories":[52,1],"tags":[26,143,139],"class_list":["post-181","post","type-post","status-publish","format-standard","has-post-thumbnail","hentry","category-arte-educador-educador-social","category-itauna","tag-arte","tag-arte-educacao","tag-linguagens-artisticas","item-wrap"],"_links":{"self":[{"href":"https:\/\/mapadadiversidade.com.br\/itauna\/wp-json\/wp\/v2\/posts\/181","targetHints":{"allow":["GET"]}}],"collection":[{"href":"https:\/\/mapadadiversidade.com.br\/itauna\/wp-json\/wp\/v2\/posts"}],"about":[{"href":"https:\/\/mapadadiversidade.com.br\/itauna\/wp-json\/wp\/v2\/types\/post"}],"author":[{"embeddable":true,"href":"https:\/\/mapadadiversidade.com.br\/itauna\/wp-json\/wp\/v2\/users\/8"}],"replies":[{"embeddable":true,"href":"https:\/\/mapadadiversidade.com.br\/itauna\/wp-json\/wp\/v2\/comments?post=181"}],"version-history":[{"count":7,"href":"https:\/\/mapadadiversidade.com.br\/itauna\/wp-json\/wp\/v2\/posts\/181\/revisions"}],"predecessor-version":[{"id":881,"href":"https:\/\/mapadadiversidade.com.br\/itauna\/wp-json\/wp\/v2\/posts\/181\/revisions\/881"}],"wp:featuredmedia":[{"embeddable":true,"href":"https:\/\/mapadadiversidade.com.br\/itauna\/wp-json\/wp\/v2\/media\/796"}],"wp:attachment":[{"href":"https:\/\/mapadadiversidade.com.br\/itauna\/wp-json\/wp\/v2\/media?parent=181"}],"wp:term":[{"taxonomy":"category","embeddable":true,"href":"https:\/\/mapadadiversidade.com.br\/itauna\/wp-json\/wp\/v2\/categories?post=181"},{"taxonomy":"post_tag","embeddable":true,"href":"https:\/\/mapadadiversidade.com.br\/itauna\/wp-json\/wp\/v2\/tags?post=181"}],"curies":[{"name":"wp","href":"https:\/\/api.w.org\/{rel}","templated":true}]}}