{"id":185,"date":"2019-05-19T14:04:55","date_gmt":"2019-05-19T17:04:55","guid":{"rendered":"https:\/\/mapadadiversidade.com.br\/itauna\/?p=185"},"modified":"2019-06-10T11:34:08","modified_gmt":"2019-06-10T14:34:08","slug":"gabrielle-caline","status":"publish","type":"post","link":"https:\/\/mapadadiversidade.com.br\/itauna\/gabrielle-caline\/","title":{"rendered":"Gabrielle Caline"},"content":{"rendered":"\n<p>Artes\u00e3<\/p>\n\n\n\n<p><strong>Outra atua\u00e7\u00e3o:<\/strong> Atriz<\/p>\n\n\n\n<p><strong>Hist\u00f3rico:<\/strong> Gabrielle Caline, de 23 anos, \u00e9 artes\u00e3. Come\u00e7ou no croch\u00ea em junho de 2017 com aulas com a Maria Beatriz Rodrigues (<a href=\"https:\/\/www.instagram.com\/crochet_da_bia\/\">@crochetdabia<\/a>) e tomou paix\u00e3o.<br> Vem utilizando da arte para realizar express\u00f5es pol\u00edticas e culturais visando uma forma jovial da pr\u00e1tica e a quest\u00e3o ambiental atrav\u00e9s do modo sustent\u00e1vel para a cidade de Ita\u00fana.                                                                                               &#8220;Fa\u00e7o croch\u00ea visando a quest\u00e3o ambiental atrav\u00e9s da moda autossustent\u00e1vel. Uso o croch\u00ea como express\u00e3o pol\u00edtica com o intuito de trazer uma reflex\u00e3o quanto ao consumo consciente e a abordagem jovem de uma arte milenar.&#8221;<\/p>\n\n\n\n<p>Telefone: (37) 99907-5638<br>Email: gabrielleclainefialho@gmail.com<br>Instagram: <a href=\"https:\/\/www.instagram.com\/corescrochet\/\">@corescrochet<\/a><\/p>\n\n\n\n<figure><iframe loading=\"lazy\" width=\"560\" height=\"315\" src=\"https:\/\/www.youtube.com\/embed\/jBEdJ---gfQ\" allowfullscreen=\"\"><\/iframe><\/figure>\n","protected":false},"excerpt":{"rendered":"<p>Artes\u00e3 (croch\u00ea) e atriz.<\/p>\n","protected":false},"author":6,"featured_media":455,"comment_status":"open","ping_status":"open","sticky":false,"template":"","format":"standard","meta":{"footnotes":""},"categories":[22,1],"tags":[26,19,129,128,139,61],"class_list":["post-185","post","type-post","status-publish","format-standard","has-post-thumbnail","hentry","category-artesanato","category-itauna","tag-arte","tag-artesanato","tag-croche","tag-crochet","tag-linguagens-artisticas","tag-teatro","item-wrap"],"_links":{"self":[{"href":"https:\/\/mapadadiversidade.com.br\/itauna\/wp-json\/wp\/v2\/posts\/185","targetHints":{"allow":["GET"]}}],"collection":[{"href":"https:\/\/mapadadiversidade.com.br\/itauna\/wp-json\/wp\/v2\/posts"}],"about":[{"href":"https:\/\/mapadadiversidade.com.br\/itauna\/wp-json\/wp\/v2\/types\/post"}],"author":[{"embeddable":true,"href":"https:\/\/mapadadiversidade.com.br\/itauna\/wp-json\/wp\/v2\/users\/6"}],"replies":[{"embeddable":true,"href":"https:\/\/mapadadiversidade.com.br\/itauna\/wp-json\/wp\/v2\/comments?post=185"}],"version-history":[{"count":5,"href":"https:\/\/mapadadiversidade.com.br\/itauna\/wp-json\/wp\/v2\/posts\/185\/revisions"}],"predecessor-version":[{"id":886,"href":"https:\/\/mapadadiversidade.com.br\/itauna\/wp-json\/wp\/v2\/posts\/185\/revisions\/886"}],"wp:featuredmedia":[{"embeddable":true,"href":"https:\/\/mapadadiversidade.com.br\/itauna\/wp-json\/wp\/v2\/media\/455"}],"wp:attachment":[{"href":"https:\/\/mapadadiversidade.com.br\/itauna\/wp-json\/wp\/v2\/media?parent=185"}],"wp:term":[{"taxonomy":"category","embeddable":true,"href":"https:\/\/mapadadiversidade.com.br\/itauna\/wp-json\/wp\/v2\/categories?post=185"},{"taxonomy":"post_tag","embeddable":true,"href":"https:\/\/mapadadiversidade.com.br\/itauna\/wp-json\/wp\/v2\/tags?post=185"}],"curies":[{"name":"wp","href":"https:\/\/api.w.org\/{rel}","templated":true}]}}