{"id":190,"date":"2019-06-13T13:00:52","date_gmt":"2019-06-13T16:00:52","guid":{"rendered":"https:\/\/mapadadiversidade.com.br\/itauna\/?p=190"},"modified":"2024-03-04T00:47:23","modified_gmt":"2024-03-04T03:47:23","slug":"centro-da-juventude","status":"publish","type":"post","link":"https:\/\/mapadadiversidade.com.br\/itauna\/centro-da-juventude\/","title":{"rendered":"Centro da Juventude"},"content":{"rendered":"\n<p>Equipamentos<\/p>\n\n\n\n<p>Equipamento de Diversidade Cultural<\/p>\n\n\n\n<p><strong>Hist\u00f3rico:<\/strong> O Centro da Juventude \u00e9 um equipamento da Secretaria Municipal de Assist\u00eancia Social de Ita\u00fana, foi efetivado no ano de 2018 atrav\u00e9s da administra\u00e7\u00e3o do prefeito Neider Moreira. At<a href=\"https:\/\/www.nikeairjordan1sale.com\/nike-air-jordan-1-mid-se\/\"><strong>nike air jordan 1 mid se<\/strong><\/a> <a href=\"https:\/\/www.nikeairmax270sale.com\/nike-vapor-max\/\"><strong>nike vapor max<\/strong><\/a> <a href=\"https:\/\/www.nikeairjordan1sale.com\/nike-air-jordan-1-mid-se\/\"><strong>nike air jordan 1 mid se<\/strong><\/a> <a href=\"https:\/\/www.mensairmaxnike.com\/nike-air-max-90\/\"><strong>nike air max 90<\/strong><\/a> <a href=\"https:\/\/www.nikeairmaxwomenscheap.com\/\"><strong>air max 95 sale<\/strong><\/a> <a href=\"https:\/\/www.salenikeairmaxshoe.com\/nike-air-max-270-mens\/\"><strong>nike air max 270 men&#8217;s<\/strong><\/a> <a href=\"https:\/\/www.airjordanmen.com\"><strong>jordan shoes<\/strong><\/a> <a href=\"https:\/\/www.nikeairjordanstoresale.com\/\"><strong>affordable air jordan<\/strong><\/a> <a href=\"https:\/\/www.menairmaxsneaker.com\/air-max-goaterra-2-0\/\"><strong>air max goaterra 2.0<\/strong><\/a> <a href=\"https:\/\/www.airmaxmensshoes.com\/nike-air-max-97-gucci\/\"><strong>nike air max 97 gucci<\/strong><\/a> <a href=\"https:\/\/www.airjordanmen.com\"><strong>jordan shoes<\/strong><\/a> <a href=\"https:\/\/www.salenikeairmaxshoe.com\/wmns-air-max-270\/\"><strong>wmns air max 270<\/strong><\/a> <a href=\"https:\/\/www.menairmaxsneaker.com\/air-max-goaterra-2-0\/\"><strong>air max goaterra 2.0<\/strong><\/a> <a href=\"https:\/\/www.salenikeairjordanshoes.com\/wmns-air-1-mid\/\"><strong>wmns air 1 mid<\/strong><\/a> <a href=\"https:\/\/www.airmaxmensshoes.com\/nike-air-max-97-gucci\/\"><strong>nike air max 97 gucci<\/strong><\/a>ualmente coordenado por Ed\u00eania Alc\u00e2ntara, o espa\u00e7o \u00e9 um equipamento novo e destinado a diversos grupos, seja culturais, religiosos, pol\u00edticos e outros. Para utilizar o espa\u00e7o basta fazer um agendamento pr\u00e9vio. Todo m\u00eas \u00e9 lan\u00e7ada uma agenda mensal com todas atividades e muitas delas fixas.<\/p>\n\n\n\n<p>Endere\u00e7o: Rua Maestro Herm\u00ednio Corradi (Pra\u00e7a de Esportes JK), Cerqueira Lima<br>Telefone: (37) 3242-1787<br>Facebook: <a rel=\"noreferrer noopener\" aria-label=\"Centro da Juventude (abre numa nova aba)\" href=\"https:\/\/www.facebook.com\/colanocj\/\" target=\"_blank\">Centro da Juventude<\/a><br>Instagram: <a href=\"https:\/\/www.instagram.com\/cjitauna\/\">@cjitauna<\/a><\/p>\n\n\n\n<iframe loading=\"lazy\" width=\"560\" height=\"315\" src=\"https:\/\/www.youtube.com\/embed\/G-knMSKUK3w\" frameborder=\"0\" allow=\"accelerometer; autoplay; encrypted-media; gyroscope; picture-in-picture\" allowfullscreen=\"\"><\/iframe>\n\n\n\n<figure class=\"wp-block-gallery has-nested-images columns-2 is-cropped wp-block-gallery-1 is-layout-flex wp-block-gallery-is-layout-flex\">\n<figure class=\"wp-block-image\"><img loading=\"lazy\" decoding=\"async\" width=\"1024\" height=\"576\" data-id=\"243\" src=\"https:\/\/mapadadiversidade.com.br\/itauna\/wp-content\/uploads\/2019\/05\/Centro-da-Juventude-1-1024x576.jpg\" alt=\"\" class=\"wp-image-243\" srcset=\"https:\/\/mapadadiversidade.com.br\/itauna\/wp-content\/uploads\/2019\/05\/Centro-da-Juventude-1-1024x576.jpg 1024w, https:\/\/mapadadiversidade.com.br\/itauna\/wp-content\/uploads\/2019\/05\/Centro-da-Juventude-1-300x169.jpg 300w, https:\/\/mapadadiversidade.com.br\/itauna\/wp-content\/uploads\/2019\/05\/Centro-da-Juventude-1-768x432.jpg 768w, https:\/\/mapadadiversidade.com.br\/itauna\/wp-content\/uploads\/2019\/05\/Centro-da-Juventude-1.jpg 1081w\" sizes=\"auto, (max-width: 1024px) 100vw, 1024px\" \/><\/figure>\n\n\n\n<figure class=\"wp-block-image\"><img loading=\"lazy\" decoding=\"async\" width=\"1024\" height=\"576\" data-id=\"244\" src=\"https:\/\/mapadadiversidade.com.br\/itauna\/wp-content\/uploads\/2019\/05\/Centro-da-Juventude-2-1024x576.jpg\" alt=\"\" class=\"wp-image-244\" srcset=\"https:\/\/mapadadiversidade.com.br\/itauna\/wp-content\/uploads\/2019\/05\/Centro-da-Juventude-2-1024x576.jpg 1024w, https:\/\/mapadadiversidade.com.br\/itauna\/wp-content\/uploads\/2019\/05\/Centro-da-Juventude-2-300x169.jpg 300w, https:\/\/mapadadiversidade.com.br\/itauna\/wp-content\/uploads\/2019\/05\/Centro-da-Juventude-2-768x432.jpg 768w, https:\/\/mapadadiversidade.com.br\/itauna\/wp-content\/uploads\/2019\/05\/Centro-da-Juventude-2.jpg 1081w\" sizes=\"auto, (max-width: 1024px) 100vw, 1024px\" \/><\/figure>\n\n\n\n<figure class=\"wp-block-image\"><img loading=\"lazy\" decoding=\"async\" width=\"1024\" height=\"576\" data-id=\"247\" src=\"https:\/\/mapadadiversidade.com.br\/itauna\/wp-content\/uploads\/2019\/05\/Centro-da-Juventude-3-1024x576.jpg\" alt=\"\" class=\"wp-image-247\" srcset=\"https:\/\/mapadadiversidade.com.br\/itauna\/wp-content\/uploads\/2019\/05\/Centro-da-Juventude-3-1024x576.jpg 1024w, https:\/\/mapadadiversidade.com.br\/itauna\/wp-content\/uploads\/2019\/05\/Centro-da-Juventude-3-300x169.jpg 300w, https:\/\/mapadadiversidade.com.br\/itauna\/wp-content\/uploads\/2019\/05\/Centro-da-Juventude-3-768x432.jpg 768w, https:\/\/mapadadiversidade.com.br\/itauna\/wp-content\/uploads\/2019\/05\/Centro-da-Juventude-3.jpg 1081w\" sizes=\"auto, (max-width: 1024px) 100vw, 1024px\" \/><\/figure>\n\n\n\n<figure class=\"wp-block-image\"><img loading=\"lazy\" decoding=\"async\" width=\"1024\" height=\"576\" data-id=\"249\" src=\"https:\/\/mapadadiversidade.com.br\/itauna\/wp-content\/uploads\/2019\/05\/Centro-da-Juventude-4-1024x576.jpg\" alt=\"\" class=\"wp-image-249\" srcset=\"https:\/\/mapadadiversidade.com.br\/itauna\/wp-content\/uploads\/2019\/05\/Centro-da-Juventude-4-1024x576.jpg 1024w, https:\/\/mapadadiversidade.com.br\/itauna\/wp-content\/uploads\/2019\/05\/Centro-da-Juventude-4-300x169.jpg 300w, https:\/\/mapadadiversidade.com.br\/itauna\/wp-content\/uploads\/2019\/05\/Centro-da-Juventude-4-768x432.jpg 768w, https:\/\/mapadadiversidade.com.br\/itauna\/wp-content\/uploads\/2019\/05\/Centro-da-Juventude-4.jpg 1081w\" sizes=\"auto, (max-width: 1024px) 100vw, 1024px\" \/><\/figure>\n<\/figure>\n","protected":false},"excerpt":{"rendered":"<p>Centro de Conviv\u00eancia para jovens com diversas atividades.<\/p>\n","protected":false},"author":6,"featured_media":0,"comment_status":"open","ping_status":"open","sticky":false,"template":"","format":"standard","meta":{"footnotes":""},"categories":[51,1],"tags":[59,57,58],"class_list":["post-190","post","type-post","status-publish","format-standard","hentry","category-equipamentos","category-itauna","tag-diversidade-cultural","tag-equipamentos-culturais","tag-espacos-culturais","item-wrap"],"_links":{"self":[{"href":"https:\/\/mapadadiversidade.com.br\/itauna\/wp-json\/wp\/v2\/posts\/190","targetHints":{"allow":["GET"]}}],"collection":[{"href":"https:\/\/mapadadiversidade.com.br\/itauna\/wp-json\/wp\/v2\/posts"}],"about":[{"href":"https:\/\/mapadadiversidade.com.br\/itauna\/wp-json\/wp\/v2\/types\/post"}],"author":[{"embeddable":true,"href":"https:\/\/mapadadiversidade.com.br\/itauna\/wp-json\/wp\/v2\/users\/6"}],"replies":[{"embeddable":true,"href":"https:\/\/mapadadiversidade.com.br\/itauna\/wp-json\/wp\/v2\/comments?post=190"}],"version-history":[{"count":11,"href":"https:\/\/mapadadiversidade.com.br\/itauna\/wp-json\/wp\/v2\/posts\/190\/revisions"}],"predecessor-version":[{"id":1238,"href":"https:\/\/mapadadiversidade.com.br\/itauna\/wp-json\/wp\/v2\/posts\/190\/revisions\/1238"}],"wp:attachment":[{"href":"https:\/\/mapadadiversidade.com.br\/itauna\/wp-json\/wp\/v2\/media?parent=190"}],"wp:term":[{"taxonomy":"category","embeddable":true,"href":"https:\/\/mapadadiversidade.com.br\/itauna\/wp-json\/wp\/v2\/categories?post=190"},{"taxonomy":"post_tag","embeddable":true,"href":"https:\/\/mapadadiversidade.com.br\/itauna\/wp-json\/wp\/v2\/tags?post=190"}],"curies":[{"name":"wp","href":"https:\/\/api.w.org\/{rel}","templated":true}]}}