{"id":193,"date":"2019-05-19T13:59:36","date_gmt":"2019-05-19T16:59:36","guid":{"rendered":"https:\/\/mapadadiversidade.com.br\/itauna\/?p=193"},"modified":"2019-06-09T12:12:04","modified_gmt":"2019-06-09T15:12:04","slug":"jerry-magalhaes","status":"publish","type":"post","link":"https:\/\/mapadadiversidade.com.br\/itauna\/jerry-magalhaes\/","title":{"rendered":"Jerry Magalh\u00e3es"},"content":{"rendered":"\n<p>Produtor cultural<\/p>\n\n\n\n<p>Diretor<\/p>\n\n\n\n<p><strong>Outras atua\u00e7\u00f5es:<\/strong> Int\u00e9rprete de teatro<\/p>\n\n\n\n<p><strong>Hist\u00f3rico:<\/strong> Ator profissional desde 1995, participou de in\u00fameros espet\u00e1culos e montagens, como Equus, Nossa Cidade, Urukas Acidentae (As Revolu\u00e7\u00f5es Urukas), O Rei Est\u00e1 Morrendo, Di\u00e1logo no P\u00e2ntano, Sgroft, Her\u00e9tica ou Ningu\u00e9m. No cinema participou em O Batismo de Sangue e v\u00e1rios outros curta-metragens.<\/p>\n\n\n\n<p>Telefone: (37) 988081738<br> Email: jerry.magalhaes@gmail.com<br> Facebook: <a href=\"https:\/\/www.facebook.com\/jerryadriane13123\">Jerry Adriane<\/a><\/p>\n\n\n\n<figure class=\"wp-block-image\"><img loading=\"lazy\" decoding=\"async\" width=\"806\" height=\"810\" src=\"https:\/\/mapadadiversidade.com.br\/itauna\/wp-content\/uploads\/2019\/06\/48373374_2026396300747453_1889185126567378944_n.jpg\" alt=\"\" class=\"wp-image-781\" srcset=\"https:\/\/mapadadiversidade.com.br\/itauna\/wp-content\/uploads\/2019\/06\/48373374_2026396300747453_1889185126567378944_n.jpg 806w, https:\/\/mapadadiversidade.com.br\/itauna\/wp-content\/uploads\/2019\/06\/48373374_2026396300747453_1889185126567378944_n-150x150.jpg 150w, https:\/\/mapadadiversidade.com.br\/itauna\/wp-content\/uploads\/2019\/06\/48373374_2026396300747453_1889185126567378944_n-300x300.jpg 300w, https:\/\/mapadadiversidade.com.br\/itauna\/wp-content\/uploads\/2019\/06\/48373374_2026396300747453_1889185126567378944_n-768x772.jpg 768w\" sizes=\"auto, (max-width: 806px) 100vw, 806px\" \/><\/figure>\n","protected":false},"excerpt":{"rendered":"<p>Produtor cultural e ator profissional.<\/p>\n","protected":false},"author":8,"featured_media":780,"comment_status":"open","ping_status":"open","sticky":false,"template":"","format":"standard","meta":{"footnotes":""},"categories":[1,54,4,99],"tags":[131,139,61],"class_list":["post-193","post","type-post","status-publish","format-standard","has-post-thumbnail","hentry","category-itauna","category-linguagens-artisticas","category-produtor-ou-gestor-cultural","category-teatro","tag-ator","tag-linguagens-artisticas","tag-teatro","item-wrap"],"_links":{"self":[{"href":"https:\/\/mapadadiversidade.com.br\/itauna\/wp-json\/wp\/v2\/posts\/193","targetHints":{"allow":["GET"]}}],"collection":[{"href":"https:\/\/mapadadiversidade.com.br\/itauna\/wp-json\/wp\/v2\/posts"}],"about":[{"href":"https:\/\/mapadadiversidade.com.br\/itauna\/wp-json\/wp\/v2\/types\/post"}],"author":[{"embeddable":true,"href":"https:\/\/mapadadiversidade.com.br\/itauna\/wp-json\/wp\/v2\/users\/8"}],"replies":[{"embeddable":true,"href":"https:\/\/mapadadiversidade.com.br\/itauna\/wp-json\/wp\/v2\/comments?post=193"}],"version-history":[{"count":5,"href":"https:\/\/mapadadiversidade.com.br\/itauna\/wp-json\/wp\/v2\/posts\/193\/revisions"}],"predecessor-version":[{"id":885,"href":"https:\/\/mapadadiversidade.com.br\/itauna\/wp-json\/wp\/v2\/posts\/193\/revisions\/885"}],"wp:featuredmedia":[{"embeddable":true,"href":"https:\/\/mapadadiversidade.com.br\/itauna\/wp-json\/wp\/v2\/media\/780"}],"wp:attachment":[{"href":"https:\/\/mapadadiversidade.com.br\/itauna\/wp-json\/wp\/v2\/media?parent=193"}],"wp:term":[{"taxonomy":"category","embeddable":true,"href":"https:\/\/mapadadiversidade.com.br\/itauna\/wp-json\/wp\/v2\/categories?post=193"},{"taxonomy":"post_tag","embeddable":true,"href":"https:\/\/mapadadiversidade.com.br\/itauna\/wp-json\/wp\/v2\/tags?post=193"}],"curies":[{"name":"wp","href":"https:\/\/api.w.org\/{rel}","templated":true}]}}