{"id":229,"date":"2019-05-19T12:53:41","date_gmt":"2019-05-19T15:53:41","guid":{"rendered":"https:\/\/mapadadiversidade.com.br\/itauna\/?p=229"},"modified":"2019-06-09T12:23:42","modified_gmt":"2019-06-09T15:23:42","slug":"casa-da-esquina","status":"publish","type":"post","link":"https:\/\/mapadadiversidade.com.br\/itauna\/casa-da-esquina\/","title":{"rendered":"Casa da Esquina"},"content":{"rendered":"\n<p>Equipamentos <\/p>\n\n\n\n<p>Centro Cultural <\/p>\n\n\n\n<p><strong>Hist\u00f3rico:<\/strong> A Casa da Esquina deu in\u00edcio as atividades em janeiro de 2019 pelos Produtores Alef Willian e Walmir Dias. A casa possui um evento mensal, um est\u00fadio de ensaio para bandas e biblioteca. Em seu hist\u00f3rico de programa\u00e7\u00e3o j\u00e1 aconteceram Teatros, Exposi\u00e7\u00f5es de Fotos, Exposi\u00e7\u00f5es de Telas, Shows, Comida Vegana e etc. O intuito \u00e9 ter um espa\u00e7o para manifesta\u00e7\u00f5es culturais, aberta para todos.<br><\/p>\n\n\n\n<p> Endere\u00e7o: Rua Safira, 542, Padre Eust\u00e1quio<br> Telefone: (37) 99928-1356<br> Email: casadaesquinamusicaearte@gmail.com<br> Facebook: <a href=\"https:\/\/www.facebook.com\/casadaesquina.musicaearte\/\">Casa da Esquina<\/a><br> Instagram: <a href=\"https:\/\/www.instagram.com\/casa.da.esquina\/?hl=pt-br\">@casa.da.esquina<\/a><\/p>\n\n\n\n<figure class=\"wp-block-embed-youtube wp-block-embed is-type-video is-provider-youtube wp-embed-aspect-16-9 wp-has-aspect-ratio\"><div class=\"wp-block-embed__wrapper\">\n<iframe loading=\"lazy\" title=\"Casa da Esquina - Equipamento Cultural\" width=\"944\" height=\"531\" src=\"https:\/\/www.youtube.com\/embed\/cqTp5C8LvW4?feature=oembed\" frameborder=\"0\" allow=\"accelerometer; autoplay; encrypted-media; gyroscope; picture-in-picture\" allowfullscreen><\/iframe>\n<\/div><\/figure>\n\n\n\n<figure class=\"wp-block-image is-resized\"><img loading=\"lazy\" decoding=\"async\" src=\"https:\/\/mapadadiversidade.com.br\/itauna\/wp-content\/uploads\/2019\/05\/48381470_599908970447357_1363531273280159744_n-1.jpg\" alt=\"\" class=\"wp-image-235\" width=\"676\" height=\"676\" srcset=\"https:\/\/mapadadiversidade.com.br\/itauna\/wp-content\/uploads\/2019\/05\/48381470_599908970447357_1363531273280159744_n-1.jpg 960w, https:\/\/mapadadiversidade.com.br\/itauna\/wp-content\/uploads\/2019\/05\/48381470_599908970447357_1363531273280159744_n-1-150x150.jpg 150w, https:\/\/mapadadiversidade.com.br\/itauna\/wp-content\/uploads\/2019\/05\/48381470_599908970447357_1363531273280159744_n-1-300x300.jpg 300w, https:\/\/mapadadiversidade.com.br\/itauna\/wp-content\/uploads\/2019\/05\/48381470_599908970447357_1363531273280159744_n-1-768x768.jpg 768w\" sizes=\"auto, (max-width: 676px) 100vw, 676px\" \/><\/figure>\n","protected":false},"excerpt":{"rendered":"<p>Uma casa aberta para todo tipo de diversidade cultural. <\/p>\n","protected":false},"author":6,"featured_media":234,"comment_status":"open","ping_status":"open","sticky":false,"template":"","format":"standard","meta":{"footnotes":""},"categories":[51,1],"tags":[144,18,60],"class_list":["post-229","post","type-post","status-publish","format-standard","has-post-thumbnail","hentry","category-equipamentos","category-itauna","tag-centro-cultural","tag-cultura","tag-diversidade","item-wrap"],"_links":{"self":[{"href":"https:\/\/mapadadiversidade.com.br\/itauna\/wp-json\/wp\/v2\/posts\/229","targetHints":{"allow":["GET"]}}],"collection":[{"href":"https:\/\/mapadadiversidade.com.br\/itauna\/wp-json\/wp\/v2\/posts"}],"about":[{"href":"https:\/\/mapadadiversidade.com.br\/itauna\/wp-json\/wp\/v2\/types\/post"}],"author":[{"embeddable":true,"href":"https:\/\/mapadadiversidade.com.br\/itauna\/wp-json\/wp\/v2\/users\/6"}],"replies":[{"embeddable":true,"href":"https:\/\/mapadadiversidade.com.br\/itauna\/wp-json\/wp\/v2\/comments?post=229"}],"version-history":[{"count":6,"href":"https:\/\/mapadadiversidade.com.br\/itauna\/wp-json\/wp\/v2\/posts\/229\/revisions"}],"predecessor-version":[{"id":912,"href":"https:\/\/mapadadiversidade.com.br\/itauna\/wp-json\/wp\/v2\/posts\/229\/revisions\/912"}],"wp:featuredmedia":[{"embeddable":true,"href":"https:\/\/mapadadiversidade.com.br\/itauna\/wp-json\/wp\/v2\/media\/234"}],"wp:attachment":[{"href":"https:\/\/mapadadiversidade.com.br\/itauna\/wp-json\/wp\/v2\/media?parent=229"}],"wp:term":[{"taxonomy":"category","embeddable":true,"href":"https:\/\/mapadadiversidade.com.br\/itauna\/wp-json\/wp\/v2\/categories?post=229"},{"taxonomy":"post_tag","embeddable":true,"href":"https:\/\/mapadadiversidade.com.br\/itauna\/wp-json\/wp\/v2\/tags?post=229"}],"curies":[{"name":"wp","href":"https:\/\/api.w.org\/{rel}","templated":true}]}}