{"id":238,"date":"2019-05-19T13:25:53","date_gmt":"2019-05-19T16:25:53","guid":{"rendered":"https:\/\/mapadadiversidade.com.br\/itauna\/?p=238"},"modified":"2019-06-08T15:30:01","modified_gmt":"2019-06-08T18:30:01","slug":"bruno-nicacio","status":"publish","type":"post","link":"https:\/\/mapadadiversidade.com.br\/itauna\/bruno-nicacio\/","title":{"rendered":"Bruno Nic\u00e1cio"},"content":{"rendered":"\n<p>Fot\u00f3grafo <\/p>\n\n\n\n<p>Linguagem art\u00edstica<\/p>\n\n\n\n<p><strong>Outras atua\u00e7\u00f5es:<\/strong> Ator<\/p>\n\n\n\n<p><strong>Hist\u00f3rico:<\/strong> Fot\u00f3grafo a 2 anos come\u00e7ou atrav\u00e9s do teatro na Cia de Teatro Independente Itinerante no qual j\u00e1 faz parte a mais de 10 anos. O que motivou foi a falta de visibilidade e atrav\u00e9s de seu olhar mostra a Diversidade Cultural em Ita\u00fana. Sente dificuldade na falta de incentivo e espa\u00e7os para come\u00e7ar a atuar na \u00e1rea cultural, na falta de consci\u00eancia em criar redes de ajuda entre a sociedade cultural itaunense. Apesar das dificuldades, Bruno tem a percep\u00e7\u00e3o de que a cena cultural da cidade de Ita\u00fana tem crescido, assim como a vontade de algumas pessoas que si fomente a cultura.<\/p>\n\n\n\n<p>Telefone: (37) 99867-9101                                                                                      <br>E-mail:brunonialli@gmail.com<br>Instagram: <a href=\"https:\/\/www.instagram.com\/_brunonicacio\/\">@_brunonicacio<\/a><br><a href=\"https:\/\/www.flickr.com\/photos\/bnicacio\/\">Flicker: Bruno Nicacio<\/a><\/p>\n\n\n\n<figure><iframe loading=\"lazy\" width=\"560\" height=\"315\" src=\"https:\/\/www.youtube.com\/embed\/UYOK27hngAs\" allowfullscreen=\"\"><\/iframe><\/figure>\n\n\n\n<ul class=\"wp-block-gallery columns-1 is-cropped wp-block-gallery-1 is-layout-flex wp-block-gallery-is-layout-flex\"><li class=\"blocks-gallery-item\"><figure><img loading=\"lazy\" decoding=\"async\" width=\"394\" height=\"380\" src=\"https:\/\/mapadadiversidade.com.br\/itauna\/wp-content\/uploads\/2019\/05\/2a5aae02-55c0-41c7-8f6a-25a39d41d7e7.jpg\" alt=\"\" data-id=\"424\" data-link=\"https:\/\/mapadadiversidade.com.br\/itauna\/bruno-nicacio\/2a5aae02-55c0-41c7-8f6a-25a39d41d7e7\/\" class=\"wp-image-424\" srcset=\"https:\/\/mapadadiversidade.com.br\/itauna\/wp-content\/uploads\/2019\/05\/2a5aae02-55c0-41c7-8f6a-25a39d41d7e7.jpg 394w, https:\/\/mapadadiversidade.com.br\/itauna\/wp-content\/uploads\/2019\/05\/2a5aae02-55c0-41c7-8f6a-25a39d41d7e7-300x289.jpg 300w\" sizes=\"auto, (max-width: 394px) 100vw, 394px\" \/><\/figure><\/li><\/ul>\n\n\n\n<ul class=\"wp-block-gallery columns-2 is-cropped wp-block-gallery-2 is-layout-flex wp-block-gallery-is-layout-flex\"><li class=\"blocks-gallery-item\"><figure><img loading=\"lazy\" decoding=\"async\" width=\"480\" height=\"461\" src=\"https:\/\/mapadadiversidade.com.br\/itauna\/wp-content\/uploads\/2019\/05\/2bcfd0af-dbb1-4c6b-89e6-2c53a07bcf12.jpg\" alt=\"\" data-id=\"425\" data-link=\"https:\/\/mapadadiversidade.com.br\/itauna\/bruno-nicacio\/2bcfd0af-dbb1-4c6b-89e6-2c53a07bcf12\/\" class=\"wp-image-425\" srcset=\"https:\/\/mapadadiversidade.com.br\/itauna\/wp-content\/uploads\/2019\/05\/2bcfd0af-dbb1-4c6b-89e6-2c53a07bcf12.jpg 480w, https:\/\/mapadadiversidade.com.br\/itauna\/wp-content\/uploads\/2019\/05\/2bcfd0af-dbb1-4c6b-89e6-2c53a07bcf12-300x288.jpg 300w\" sizes=\"auto, (max-width: 480px) 100vw, 480px\" \/><\/figure><\/li><li class=\"blocks-gallery-item\"><figure><img loading=\"lazy\" decoding=\"async\" width=\"480\" height=\"598\" src=\"https:\/\/mapadadiversidade.com.br\/itauna\/wp-content\/uploads\/2019\/05\/aa3a9de0-68d1-40b5-8669-56e0f74bc379.jpg\" alt=\"\" data-id=\"426\" data-link=\"https:\/\/mapadadiversidade.com.br\/itauna\/bruno-nicacio\/aa3a9de0-68d1-40b5-8669-56e0f74bc379\/\" class=\"wp-image-426\" srcset=\"https:\/\/mapadadiversidade.com.br\/itauna\/wp-content\/uploads\/2019\/05\/aa3a9de0-68d1-40b5-8669-56e0f74bc379.jpg 480w, https:\/\/mapadadiversidade.com.br\/itauna\/wp-content\/uploads\/2019\/05\/aa3a9de0-68d1-40b5-8669-56e0f74bc379-241x300.jpg 241w\" sizes=\"auto, (max-width: 480px) 100vw, 480px\" \/><\/figure><\/li><\/ul>\n","protected":false},"excerpt":{"rendered":"<p>Fot\u00f3grafo de eventos art\u00edsticos e culturais.<\/p>\n","protected":false},"author":6,"featured_media":0,"comment_status":"open","ping_status":"open","sticky":false,"template":"","format":"standard","meta":{"footnotes":""},"categories":[46,1],"tags":[127,125,123,124,126],"class_list":["post-238","post","type-post","status-publish","format-standard","hentry","category-comunicacao-e-midia","category-itauna","tag-artes-visuais","tag-comunicacao-e-midia","tag-fotografia","tag-fotografos","tag-linguagens-visuais","item-wrap"],"_links":{"self":[{"href":"https:\/\/mapadadiversidade.com.br\/itauna\/wp-json\/wp\/v2\/posts\/238","targetHints":{"allow":["GET"]}}],"collection":[{"href":"https:\/\/mapadadiversidade.com.br\/itauna\/wp-json\/wp\/v2\/posts"}],"about":[{"href":"https:\/\/mapadadiversidade.com.br\/itauna\/wp-json\/wp\/v2\/types\/post"}],"author":[{"embeddable":true,"href":"https:\/\/mapadadiversidade.com.br\/itauna\/wp-json\/wp\/v2\/users\/6"}],"replies":[{"embeddable":true,"href":"https:\/\/mapadadiversidade.com.br\/itauna\/wp-json\/wp\/v2\/comments?post=238"}],"version-history":[{"count":11,"href":"https:\/\/mapadadiversidade.com.br\/itauna\/wp-json\/wp\/v2\/posts\/238\/revisions"}],"predecessor-version":[{"id":754,"href":"https:\/\/mapadadiversidade.com.br\/itauna\/wp-json\/wp\/v2\/posts\/238\/revisions\/754"}],"wp:attachment":[{"href":"https:\/\/mapadadiversidade.com.br\/itauna\/wp-json\/wp\/v2\/media?parent=238"}],"wp:term":[{"taxonomy":"category","embeddable":true,"href":"https:\/\/mapadadiversidade.com.br\/itauna\/wp-json\/wp\/v2\/categories?post=238"},{"taxonomy":"post_tag","embeddable":true,"href":"https:\/\/mapadadiversidade.com.br\/itauna\/wp-json\/wp\/v2\/tags?post=238"}],"curies":[{"name":"wp","href":"https:\/\/api.w.org\/{rel}","templated":true}]}}