{"id":253,"date":"2019-05-19T13:22:37","date_gmt":"2019-05-19T16:22:37","guid":{"rendered":"https:\/\/mapadadiversidade.com.br\/itauna\/?p=253"},"modified":"2019-06-10T10:41:36","modified_gmt":"2019-06-10T13:41:36","slug":"edenia-ribeiro","status":"publish","type":"post","link":"https:\/\/mapadadiversidade.com.br\/itauna\/edenia-ribeiro\/","title":{"rendered":"Ed\u00eania Ribeiro"},"content":{"rendered":"\n<p>Educadora Social<\/p>\n\n\n\n<p><strong>Outra Atua\u00e7\u00e3o:<\/strong> Produtora Cultural <\/p>\n\n\n\n<p><strong>Hist\u00f3rico:<\/strong> Ed\u00eania Alc\u00e2ntara atualmente coordenadora do Centro da Juventude de Ita\u00fana tamb\u00e9m Produtora Cultural e Educadora Social. Come\u00e7ou com projetos sociais com crian\u00e7as, jovens e adolescentes desde os 14 anos j\u00e1 atuava como volunt\u00e1ria e desde ent\u00e3o vem assumindo v\u00e1rios projetos e a\u00e7\u00f5es culturais e sociais.<br><br>Telefone: <br>E-mail: edeniaera@gmail.com<br>Facebook: <a rel=\"noreferrer noopener\" aria-label=\"Ed\u00eania Alc\u00e2ntara (abre numa nova aba)\" href=\"https:\/\/www.facebook.com\/profile.php?id=100001264204282\" target=\"_blank\">Ed\u00eania Alc\u00e2ntara<\/a><br>Instagram: <a rel=\"noreferrer noopener\" aria-label=\"@edenia.ribeiroalcantara (abre numa nova aba)\" href=\"https:\/\/www.instagram.com\/EDENIA.RIBEIROALCANTARA\/\" target=\"_blank\">@edenia.ribeiroalcantara<\/a><\/p>\n\n\n\n<figure><iframe loading=\"lazy\" src=\"https:\/\/www.youtube.com\/embed\/S48WQADCo6I\" allowfullscreen=\"\" width=\"560\" height=\"315\"><\/iframe><\/figure>\n\n\n\n<ul class=\"wp-block-gallery columns-3 is-cropped wp-block-gallery-1 is-layout-flex wp-block-gallery-is-layout-flex\"><li class=\"blocks-gallery-item\"><figure><img loading=\"lazy\" decoding=\"async\" width=\"1024\" height=\"576\" src=\"https:\/\/mapadadiversidade.com.br\/itauna\/wp-content\/uploads\/2019\/05\/Edenia-Ribeiro-1-1024x576.jpg\" alt=\"\" data-id=\"389\" data-link=\"https:\/\/mapadadiversidade.com.br\/itauna\/edenia-ribeiro\/edenia-ribeiro-1\/\" class=\"wp-image-389\" srcset=\"https:\/\/mapadadiversidade.com.br\/itauna\/wp-content\/uploads\/2019\/05\/Edenia-Ribeiro-1-1024x576.jpg 1024w, https:\/\/mapadadiversidade.com.br\/itauna\/wp-content\/uploads\/2019\/05\/Edenia-Ribeiro-1-300x169.jpg 300w, https:\/\/mapadadiversidade.com.br\/itauna\/wp-content\/uploads\/2019\/05\/Edenia-Ribeiro-1-768x432.jpg 768w, https:\/\/mapadadiversidade.com.br\/itauna\/wp-content\/uploads\/2019\/05\/Edenia-Ribeiro-1.jpg 1081w\" sizes=\"auto, (max-width: 1024px) 100vw, 1024px\" \/><\/figure><\/li><li class=\"blocks-gallery-item\"><figure><img loading=\"lazy\" decoding=\"async\" width=\"429\" height=\"241\" src=\"https:\/\/mapadadiversidade.com.br\/itauna\/wp-content\/uploads\/2019\/05\/Edenia-Ribeiro-2.jpg\" alt=\"\" data-id=\"390\" data-link=\"https:\/\/mapadadiversidade.com.br\/itauna\/edenia-ribeiro\/edenia-ribeiro-2\/\" class=\"wp-image-390\" srcset=\"https:\/\/mapadadiversidade.com.br\/itauna\/wp-content\/uploads\/2019\/05\/Edenia-Ribeiro-2.jpg 429w, https:\/\/mapadadiversidade.com.br\/itauna\/wp-content\/uploads\/2019\/05\/Edenia-Ribeiro-2-300x169.jpg 300w\" sizes=\"auto, (max-width: 429px) 100vw, 429px\" \/><\/figure><\/li><li class=\"blocks-gallery-item\"><figure><img loading=\"lazy\" decoding=\"async\" width=\"1024\" height=\"576\" src=\"https:\/\/mapadadiversidade.com.br\/itauna\/wp-content\/uploads\/2019\/05\/Edenia-Ribeiro-3-1024x576.jpg\" alt=\"\" data-id=\"391\" data-link=\"https:\/\/mapadadiversidade.com.br\/itauna\/edenia-ribeiro\/edenia-ribeiro-3\/\" class=\"wp-image-391\" srcset=\"https:\/\/mapadadiversidade.com.br\/itauna\/wp-content\/uploads\/2019\/05\/Edenia-Ribeiro-3-1024x576.jpg 1024w, https:\/\/mapadadiversidade.com.br\/itauna\/wp-content\/uploads\/2019\/05\/Edenia-Ribeiro-3-300x169.jpg 300w, https:\/\/mapadadiversidade.com.br\/itauna\/wp-content\/uploads\/2019\/05\/Edenia-Ribeiro-3-768x432.jpg 768w, https:\/\/mapadadiversidade.com.br\/itauna\/wp-content\/uploads\/2019\/05\/Edenia-Ribeiro-3.jpg 1081w\" sizes=\"auto, (max-width: 1024px) 100vw, 1024px\" \/><\/figure><\/li><li class=\"blocks-gallery-item\"><figure><img loading=\"lazy\" decoding=\"async\" width=\"1024\" height=\"576\" src=\"https:\/\/mapadadiversidade.com.br\/itauna\/wp-content\/uploads\/2019\/05\/Edenia-Ribeiro-4-1024x576.jpg\" alt=\"\" data-id=\"394\" data-link=\"https:\/\/mapadadiversidade.com.br\/itauna\/edenia-ribeiro\/edenia-ribeiro-4\/\" class=\"wp-image-394\" srcset=\"https:\/\/mapadadiversidade.com.br\/itauna\/wp-content\/uploads\/2019\/05\/Edenia-Ribeiro-4-1024x576.jpg 1024w, https:\/\/mapadadiversidade.com.br\/itauna\/wp-content\/uploads\/2019\/05\/Edenia-Ribeiro-4-300x169.jpg 300w, https:\/\/mapadadiversidade.com.br\/itauna\/wp-content\/uploads\/2019\/05\/Edenia-Ribeiro-4-768x432.jpg 768w, https:\/\/mapadadiversidade.com.br\/itauna\/wp-content\/uploads\/2019\/05\/Edenia-Ribeiro-4.jpg 1081w\" sizes=\"auto, (max-width: 1024px) 100vw, 1024px\" \/><\/figure><\/li><li class=\"blocks-gallery-item\"><figure><img loading=\"lazy\" decoding=\"async\" width=\"1024\" height=\"576\" src=\"https:\/\/mapadadiversidade.com.br\/itauna\/wp-content\/uploads\/2019\/05\/Edenia-Ribeiro-5-1024x576.jpg\" alt=\"\" data-id=\"395\" data-link=\"https:\/\/mapadadiversidade.com.br\/itauna\/edenia-ribeiro\/edenia-ribeiro-5\/\" class=\"wp-image-395\" srcset=\"https:\/\/mapadadiversidade.com.br\/itauna\/wp-content\/uploads\/2019\/05\/Edenia-Ribeiro-5-1024x576.jpg 1024w, https:\/\/mapadadiversidade.com.br\/itauna\/wp-content\/uploads\/2019\/05\/Edenia-Ribeiro-5-300x169.jpg 300w, https:\/\/mapadadiversidade.com.br\/itauna\/wp-content\/uploads\/2019\/05\/Edenia-Ribeiro-5-768x432.jpg 768w, https:\/\/mapadadiversidade.com.br\/itauna\/wp-content\/uploads\/2019\/05\/Edenia-Ribeiro-5.jpg 1081w\" sizes=\"auto, (max-width: 1024px) 100vw, 1024px\" \/><\/figure><\/li><li class=\"blocks-gallery-item\"><figure><img loading=\"lazy\" decoding=\"async\" width=\"811\" height=\"608\" src=\"https:\/\/mapadadiversidade.com.br\/itauna\/wp-content\/uploads\/2019\/05\/Edenia-Ribeiro-6.jpg\" alt=\"\" data-id=\"396\" data-link=\"https:\/\/mapadadiversidade.com.br\/itauna\/edenia-ribeiro\/edenia-ribeiro-6\/\" class=\"wp-image-396\" srcset=\"https:\/\/mapadadiversidade.com.br\/itauna\/wp-content\/uploads\/2019\/05\/Edenia-Ribeiro-6.jpg 811w, https:\/\/mapadadiversidade.com.br\/itauna\/wp-content\/uploads\/2019\/05\/Edenia-Ribeiro-6-300x225.jpg 300w, https:\/\/mapadadiversidade.com.br\/itauna\/wp-content\/uploads\/2019\/05\/Edenia-Ribeiro-6-768x576.jpg 768w\" sizes=\"auto, (max-width: 811px) 100vw, 811px\" \/><\/figure><\/li><li class=\"blocks-gallery-item\"><figure><img loading=\"lazy\" decoding=\"async\" width=\"321\" height=\"241\" src=\"https:\/\/mapadadiversidade.com.br\/itauna\/wp-content\/uploads\/2019\/05\/Edenia-Ribeiro-7.jpg\" alt=\"\" data-id=\"397\" data-link=\"https:\/\/mapadadiversidade.com.br\/itauna\/edenia-ribeiro\/edenia-ribeiro-7\/\" class=\"wp-image-397\" srcset=\"https:\/\/mapadadiversidade.com.br\/itauna\/wp-content\/uploads\/2019\/05\/Edenia-Ribeiro-7.jpg 321w, https:\/\/mapadadiversidade.com.br\/itauna\/wp-content\/uploads\/2019\/05\/Edenia-Ribeiro-7-300x225.jpg 300w\" sizes=\"auto, (max-width: 321px) 100vw, 321px\" \/><\/figure><\/li><li class=\"blocks-gallery-item\"><figure><img loading=\"lazy\" decoding=\"async\" width=\"811\" height=\"608\" src=\"https:\/\/mapadadiversidade.com.br\/itauna\/wp-content\/uploads\/2019\/05\/Edenia-Ribeiro-8.jpg\" alt=\"\" data-id=\"398\" data-link=\"https:\/\/mapadadiversidade.com.br\/itauna\/edenia-ribeiro\/edenia-ribeiro-8\/\" class=\"wp-image-398\" srcset=\"https:\/\/mapadadiversidade.com.br\/itauna\/wp-content\/uploads\/2019\/05\/Edenia-Ribeiro-8.jpg 811w, https:\/\/mapadadiversidade.com.br\/itauna\/wp-content\/uploads\/2019\/05\/Edenia-Ribeiro-8-300x225.jpg 300w, https:\/\/mapadadiversidade.com.br\/itauna\/wp-content\/uploads\/2019\/05\/Edenia-Ribeiro-8-768x576.jpg 768w\" sizes=\"auto, (max-width: 811px) 100vw, 811px\" \/><\/figure><\/li><li class=\"blocks-gallery-item\"><figure><img loading=\"lazy\" decoding=\"async\" width=\"456\" height=\"608\" src=\"https:\/\/mapadadiversidade.com.br\/itauna\/wp-content\/uploads\/2019\/05\/Edenia-Ribeiro-9.jpg\" alt=\"\" data-id=\"399\" data-link=\"https:\/\/mapadadiversidade.com.br\/itauna\/edenia-ribeiro\/edenia-ribeiro-9\/\" class=\"wp-image-399\" srcset=\"https:\/\/mapadadiversidade.com.br\/itauna\/wp-content\/uploads\/2019\/05\/Edenia-Ribeiro-9.jpg 456w, https:\/\/mapadadiversidade.com.br\/itauna\/wp-content\/uploads\/2019\/05\/Edenia-Ribeiro-9-225x300.jpg 225w\" sizes=\"auto, (max-width: 456px) 100vw, 456px\" \/><\/figure><\/li><li class=\"blocks-gallery-item\"><figure><img loading=\"lazy\" decoding=\"async\" width=\"811\" height=\"608\" src=\"https:\/\/mapadadiversidade.com.br\/itauna\/wp-content\/uploads\/2019\/05\/Edenia-Ribeiro-10.jpg\" alt=\"\" data-id=\"400\" data-link=\"https:\/\/mapadadiversidade.com.br\/itauna\/edenia-ribeiro\/edenia-ribeiro-10\/\" class=\"wp-image-400\" srcset=\"https:\/\/mapadadiversidade.com.br\/itauna\/wp-content\/uploads\/2019\/05\/Edenia-Ribeiro-10.jpg 811w, https:\/\/mapadadiversidade.com.br\/itauna\/wp-content\/uploads\/2019\/05\/Edenia-Ribeiro-10-300x225.jpg 300w, https:\/\/mapadadiversidade.com.br\/itauna\/wp-content\/uploads\/2019\/05\/Edenia-Ribeiro-10-768x576.jpg 768w\" sizes=\"auto, (max-width: 811px) 100vw, 811px\" \/><\/figure><\/li><li class=\"blocks-gallery-item\"><figure><img loading=\"lazy\" decoding=\"async\" width=\"811\" height=\"608\" src=\"https:\/\/mapadadiversidade.com.br\/itauna\/wp-content\/uploads\/2019\/05\/Edenia-Ribeiro-11.jpg\" alt=\"\" data-id=\"402\" data-link=\"https:\/\/mapadadiversidade.com.br\/itauna\/edenia-ribeiro\/edenia-ribeiro-11\/\" class=\"wp-image-402\" srcset=\"https:\/\/mapadadiversidade.com.br\/itauna\/wp-content\/uploads\/2019\/05\/Edenia-Ribeiro-11.jpg 811w, https:\/\/mapadadiversidade.com.br\/itauna\/wp-content\/uploads\/2019\/05\/Edenia-Ribeiro-11-300x225.jpg 300w, https:\/\/mapadadiversidade.com.br\/itauna\/wp-content\/uploads\/2019\/05\/Edenia-Ribeiro-11-768x576.jpg 768w\" sizes=\"auto, (max-width: 811px) 100vw, 811px\" \/><\/figure><\/li><\/ul>\n","protected":false},"excerpt":{"rendered":"<p>Coordenadora do Centro da Juventude de Ita\u00fana tamb\u00e9m Produtora Cultural e Educadora Social. <\/p>\n","protected":false},"author":6,"featured_media":412,"comment_status":"open","ping_status":"open","sticky":false,"template":"","format":"standard","meta":{"footnotes":""},"categories":[52,1],"tags":[122,121,120],"class_list":["post-253","post","type-post","status-publish","format-standard","has-post-thumbnail","hentry","category-arte-educador-educador-social","category-itauna","tag-acoes-sociais","tag-evento","tag-produtora-cultural","item-wrap"],"_links":{"self":[{"href":"https:\/\/mapadadiversidade.com.br\/itauna\/wp-json\/wp\/v2\/posts\/253","targetHints":{"allow":["GET"]}}],"collection":[{"href":"https:\/\/mapadadiversidade.com.br\/itauna\/wp-json\/wp\/v2\/posts"}],"about":[{"href":"https:\/\/mapadadiversidade.com.br\/itauna\/wp-json\/wp\/v2\/types\/post"}],"author":[{"embeddable":true,"href":"https:\/\/mapadadiversidade.com.br\/itauna\/wp-json\/wp\/v2\/users\/6"}],"replies":[{"embeddable":true,"href":"https:\/\/mapadadiversidade.com.br\/itauna\/wp-json\/wp\/v2\/comments?post=253"}],"version-history":[{"count":11,"href":"https:\/\/mapadadiversidade.com.br\/itauna\/wp-json\/wp\/v2\/posts\/253\/revisions"}],"predecessor-version":[{"id":958,"href":"https:\/\/mapadadiversidade.com.br\/itauna\/wp-json\/wp\/v2\/posts\/253\/revisions\/958"}],"wp:featuredmedia":[{"embeddable":true,"href":"https:\/\/mapadadiversidade.com.br\/itauna\/wp-json\/wp\/v2\/media\/412"}],"wp:attachment":[{"href":"https:\/\/mapadadiversidade.com.br\/itauna\/wp-json\/wp\/v2\/media?parent=253"}],"wp:term":[{"taxonomy":"category","embeddable":true,"href":"https:\/\/mapadadiversidade.com.br\/itauna\/wp-json\/wp\/v2\/categories?post=253"},{"taxonomy":"post_tag","embeddable":true,"href":"https:\/\/mapadadiversidade.com.br\/itauna\/wp-json\/wp\/v2\/tags?post=253"}],"curies":[{"name":"wp","href":"https:\/\/api.w.org\/{rel}","templated":true}]}}