{"id":260,"date":"2019-06-13T08:00:02","date_gmt":"2019-06-13T11:00:02","guid":{"rendered":"https:\/\/mapadadiversidade.com.br\/itauna\/?p=260"},"modified":"2024-03-04T00:48:12","modified_gmt":"2024-03-04T03:48:12","slug":"filipe-correa","status":"publish","type":"post","link":"https:\/\/mapadadiversidade.com.br\/itauna\/filipe-correa\/","title":{"rendered":"Filipe Corr\u00eaa"},"content":{"rendered":"\n<p>Produtor Cultural do Circuito Belgo Bekaert<\/p>\n\n\n\n<p>Ator<\/p>\n\n\n\n<p>Diretor teatral<\/p>\n\n\n\n<p><strong>Outra atua\u00e7\u00e3o:<\/strong> Arte educador<\/p>\n\n\n\n<p><strong>Hist\u00f3rico:<\/strong> Felipe Corr\u00eaa, 29 anos, de Ita\u00fana, iniciou como ator e pisou nos palcos aos 12<br> anos, atualmente \u00e9 ator, diretor da CIA Descarga de Com\u00e9dia e Produtor Cultural<\/p>\n\n\n\n<p>Nascido em Ita\u00fana, Filipe Corr\u00eaa completa em 2019, seus 17 anos de teatro. Ator, Diretor, e Figurinista profissional pelo Sated Bh, j\u00e1 recebeu diversos trof\u00e9us em Ita\u00fana e regi\u00e3o, em 2017 foi homenageado pela C\u00e2mara Municipal de Ita\u00fana pelo trabalho\u00a0desenvolvido.<a href=\"https:\/\/www.jordannikeairshoes.com\/nike-air-force-jordan\/\"><strong>nike  air force jordan<\/strong><\/a> <a href=\"https:\/\/www.nikeairmax270sale.com\/nike-vapor-max\/\"><strong>nike vapor  max<\/strong><\/a> <a href=\"https:\/\/www.airmaxmennike.com\/\"><strong>nike air max  270<\/strong><\/a> <a href=\"https:\/\/www.mensnikeairmaxoutlet.com\/\"><strong>nike  air max 270 women&#8217;s sale<\/strong><\/a> <a href=\"https:\/\/www.nikeairjordanstoresale.com\/\"><strong>cheap cheap  jordans<\/strong><\/a> <a href=\"https:\/\/www.mensairmaxnike.com\/nike-air-max-90\/\"><strong>nike air max  90<\/strong><\/a> <a href=\"https:\/\/www.airjordanmensshoes.com\/nike-air-jordan-14\/\"><strong>nike air  jordan 14<\/strong><\/a> <a href=\"https:\/\/www.airmaxmensshoes.com\/nike-air-max-97-gucci\/\"><strong>nike air  max 97 gucci<\/strong><\/a> <a href=\"https:\/\/www.airjordanmensshoes.com\/nike-air-jordan-mid\/\"><strong>nike air  jordan mid<\/strong><\/a> <a href=\"https:\/\/www.nikeairjordanstoresale.com\/\"><strong>cheap cheap  jordans<\/strong><\/a> <a href=\"https:\/\/www.salenikeairmaxshoe.com\/wmns-air-max-270\/\"><strong>wmns air max  270<\/strong><\/a> <a href=\"https:\/\/www.iairjordansneakers.com\/\"><strong>air  jordan 1<\/strong><\/a> <a href=\"https:\/\/www.airmaxmenssneakers.com\"><strong>air  max 95<\/strong><\/a> <a href=\"https:\/\/www.airmaxmensshoes.com\/nike-air-max-97-gucci\/\"><strong>nike air  max 97 gucci<\/strong><\/a> <a href=\"https:\/\/www.menairmaxsneaker.com\/air-max-goaterra-2-0\/\"><strong>air max  goaterra 2.0<\/strong><\/a> <\/p>\n\n\n\n<p>Atualmente \u00e9 instrutor de teatro, produtor cultural, criador dos projetos &#8220;Nosso Palco \u00e9 a Rua e Tardezinha Cultural, tamb\u00e9m \u00e9 Diretor da Cia. Descarga de Com\u00e9dia.<\/p>\n\n\n\n<p>Trabalha com Teatro Educativo, atuando em dezenas de escolas de Ita\u00fana e regi\u00e3o. Levando assuntos importantes como dengue, tr\u00e2nsito, meio ambiente, entre outros assuntos. Buscando levar informa\u00e7\u00e3o, cultura e divers\u00e3o, e inserir os alunos nos movimentos culturais.<\/p>\n\n\n\n<p>Em seu curr\u00edculo, s\u00e3o mais de 200 espet\u00e1culos, entre dire\u00e7\u00e3o e atua\u00e7\u00e3o.  J\u00e1 participou de cursos, workshops e oficinas com grandes nomes nacionais e internacionais.<\/p>\n\n\n\n<p>Telefone:    (31) 99888-0433<br> Email:        filipe_nc@hotmail.com<br> Facebook: <a href=\"https:\/\/www.facebook.com\/filipe.correa.5\">Filipe Correa<br> <\/a>Instagram: <a href=\"https:\/\/www.instagram.com\/filipecorrea.oficial\/\">@Filipecorreia.oficial<\/a><br> Youtube:    <a href=\"https:\/\/www.youtube.com\/channel\/UCCE0mDH4MQfBrgX25iHUlmQ\">M\u00e3ezonaTV<\/a><\/p>\n\n\n\n<figure><iframe loading=\"lazy\" width=\"560\" height=\"315\" src=\"https:\/\/www.youtube.com\/embed\/OvMhJ0GK0XA\" allowfullscreen=\"\"><\/iframe><\/figure>\n\n\n\n<figure class=\"wp-block-gallery has-nested-images columns-default is-cropped wp-block-gallery-1 is-layout-flex wp-block-gallery-is-layout-flex\">\n<figure class=\"wp-block-image\"><img loading=\"lazy\" decoding=\"async\" width=\"913\" height=\"1024\" data-id=\"1087\" src=\"https:\/\/mapadadiversidade.com.br\/itauna\/wp-content\/uploads\/2019\/06\/Filipe-Correa-2-913x1024.jpg\" alt=\"\" class=\"wp-image-1087\" srcset=\"https:\/\/mapadadiversidade.com.br\/itauna\/wp-content\/uploads\/2019\/06\/Filipe-Correa-2-913x1024.jpg 913w, https:\/\/mapadadiversidade.com.br\/itauna\/wp-content\/uploads\/2019\/06\/Filipe-Correa-2-267x300.jpg 267w, https:\/\/mapadadiversidade.com.br\/itauna\/wp-content\/uploads\/2019\/06\/Filipe-Correa-2-768x862.jpg 768w, https:\/\/mapadadiversidade.com.br\/itauna\/wp-content\/uploads\/2019\/06\/Filipe-Correa-2.jpg 1141w\" sizes=\"auto, (max-width: 913px) 100vw, 913px\" \/><\/figure>\n\n\n\n<figure class=\"wp-block-image\"><img loading=\"lazy\" decoding=\"async\" width=\"1024\" height=\"890\" data-id=\"1088\" src=\"https:\/\/mapadadiversidade.com.br\/itauna\/wp-content\/uploads\/2019\/06\/Filipe-Correa-3-1024x890.jpg\" alt=\"\" class=\"wp-image-1088\" srcset=\"https:\/\/mapadadiversidade.com.br\/itauna\/wp-content\/uploads\/2019\/06\/Filipe-Correa-3-1024x890.jpg 1024w, https:\/\/mapadadiversidade.com.br\/itauna\/wp-content\/uploads\/2019\/06\/Filipe-Correa-3-300x261.jpg 300w, https:\/\/mapadadiversidade.com.br\/itauna\/wp-content\/uploads\/2019\/06\/Filipe-Correa-3-768x667.jpg 768w, https:\/\/mapadadiversidade.com.br\/itauna\/wp-content\/uploads\/2019\/06\/Filipe-Correa-3.jpg 1280w\" sizes=\"auto, (max-width: 1024px) 100vw, 1024px\" \/><\/figure>\n\n\n\n<figure class=\"wp-block-image\"><img loading=\"lazy\" decoding=\"async\" width=\"682\" height=\"1024\" data-id=\"1089\" src=\"https:\/\/mapadadiversidade.com.br\/itauna\/wp-content\/uploads\/2019\/06\/Filipe-Correa-4-682x1024.jpg\" alt=\"\" class=\"wp-image-1089\" srcset=\"https:\/\/mapadadiversidade.com.br\/itauna\/wp-content\/uploads\/2019\/06\/Filipe-Correa-4-682x1024.jpg 682w, https:\/\/mapadadiversidade.com.br\/itauna\/wp-content\/uploads\/2019\/06\/Filipe-Correa-4-200x300.jpg 200w, https:\/\/mapadadiversidade.com.br\/itauna\/wp-content\/uploads\/2019\/06\/Filipe-Correa-4-768x1152.jpg 768w, https:\/\/mapadadiversidade.com.br\/itauna\/wp-content\/uploads\/2019\/06\/Filipe-Correa-4.jpg 853w\" sizes=\"auto, (max-width: 682px) 100vw, 682px\" \/><\/figure>\n\n\n\n<figure class=\"wp-block-image\"><img loading=\"lazy\" decoding=\"async\" width=\"698\" height=\"1024\" data-id=\"1090\" src=\"https:\/\/mapadadiversidade.com.br\/itauna\/wp-content\/uploads\/2019\/06\/Filipe-Correa-5-698x1024.jpg\" alt=\"\" class=\"wp-image-1090\" srcset=\"https:\/\/mapadadiversidade.com.br\/itauna\/wp-content\/uploads\/2019\/06\/Filipe-Correa-5-698x1024.jpg 698w, https:\/\/mapadadiversidade.com.br\/itauna\/wp-content\/uploads\/2019\/06\/Filipe-Correa-5-205x300.jpg 205w, https:\/\/mapadadiversidade.com.br\/itauna\/wp-content\/uploads\/2019\/06\/Filipe-Correa-5-768x1126.jpg 768w, https:\/\/mapadadiversidade.com.br\/itauna\/wp-content\/uploads\/2019\/06\/Filipe-Correa-5.jpg 873w\" sizes=\"auto, (max-width: 698px) 100vw, 698px\" \/><\/figure>\n\n\n\n<figure class=\"wp-block-image\"><img loading=\"lazy\" decoding=\"async\" width=\"786\" height=\"787\" data-id=\"1091\" src=\"https:\/\/mapadadiversidade.com.br\/itauna\/wp-content\/uploads\/2019\/06\/Filipe-Correa-6-7.jpg\" alt=\"\" class=\"wp-image-1091\" srcset=\"https:\/\/mapadadiversidade.com.br\/itauna\/wp-content\/uploads\/2019\/06\/Filipe-Correa-6-7.jpg 786w, https:\/\/mapadadiversidade.com.br\/itauna\/wp-content\/uploads\/2019\/06\/Filipe-Correa-6-7-150x150.jpg 150w, https:\/\/mapadadiversidade.com.br\/itauna\/wp-content\/uploads\/2019\/06\/Filipe-Correa-6-7-300x300.jpg 300w, https:\/\/mapadadiversidade.com.br\/itauna\/wp-content\/uploads\/2019\/06\/Filipe-Correa-6-7-768x769.jpg 768w\" sizes=\"auto, (max-width: 786px) 100vw, 786px\" \/><\/figure>\n\n\n\n<figure class=\"wp-block-image\"><img loading=\"lazy\" decoding=\"async\" width=\"695\" height=\"1024\" data-id=\"1092\" src=\"https:\/\/mapadadiversidade.com.br\/itauna\/wp-content\/uploads\/2019\/06\/Filipe-Correa-6-695x1024.jpg\" alt=\"\" class=\"wp-image-1092\" srcset=\"https:\/\/mapadadiversidade.com.br\/itauna\/wp-content\/uploads\/2019\/06\/Filipe-Correa-6-695x1024.jpg 695w, https:\/\/mapadadiversidade.com.br\/itauna\/wp-content\/uploads\/2019\/06\/Filipe-Correa-6-204x300.jpg 204w, https:\/\/mapadadiversidade.com.br\/itauna\/wp-content\/uploads\/2019\/06\/Filipe-Correa-6-768x1131.jpg 768w, https:\/\/mapadadiversidade.com.br\/itauna\/wp-content\/uploads\/2019\/06\/Filipe-Correa-6.jpg 869w\" sizes=\"auto, (max-width: 695px) 100vw, 695px\" \/><\/figure>\n\n\n\n<figure class=\"wp-block-image\"><img loading=\"lazy\" decoding=\"async\" width=\"1024\" height=\"890\" data-id=\"1093\" src=\"https:\/\/mapadadiversidade.com.br\/itauna\/wp-content\/uploads\/2019\/06\/Filipe-Correa-7-1024x890.jpg\" alt=\"\" class=\"wp-image-1093\" srcset=\"https:\/\/mapadadiversidade.com.br\/itauna\/wp-content\/uploads\/2019\/06\/Filipe-Correa-7-1024x890.jpg 1024w, https:\/\/mapadadiversidade.com.br\/itauna\/wp-content\/uploads\/2019\/06\/Filipe-Correa-7-300x261.jpg 300w, https:\/\/mapadadiversidade.com.br\/itauna\/wp-content\/uploads\/2019\/06\/Filipe-Correa-7-768x667.jpg 768w, https:\/\/mapadadiversidade.com.br\/itauna\/wp-content\/uploads\/2019\/06\/Filipe-Correa-7.jpg 1280w\" sizes=\"auto, (max-width: 1024px) 100vw, 1024px\" \/><\/figure>\n\n\n\n<figure class=\"wp-block-image\"><img loading=\"lazy\" decoding=\"async\" width=\"768\" height=\"1024\" data-id=\"1094\" src=\"https:\/\/mapadadiversidade.com.br\/itauna\/wp-content\/uploads\/2019\/06\/Filipe-Correa-8-768x1024.jpg\" alt=\"\" class=\"wp-image-1094\" srcset=\"https:\/\/mapadadiversidade.com.br\/itauna\/wp-content\/uploads\/2019\/06\/Filipe-Correa-8-768x1024.jpg 768w, https:\/\/mapadadiversidade.com.br\/itauna\/wp-content\/uploads\/2019\/06\/Filipe-Correa-8-225x300.jpg 225w, https:\/\/mapadadiversidade.com.br\/itauna\/wp-content\/uploads\/2019\/06\/Filipe-Correa-8.jpg 960w\" sizes=\"auto, (max-width: 768px) 100vw, 768px\" \/><\/figure>\n\n\n\n<figure class=\"wp-block-image\"><img loading=\"lazy\" decoding=\"async\" width=\"735\" height=\"1024\" data-id=\"1095\" src=\"https:\/\/mapadadiversidade.com.br\/itauna\/wp-content\/uploads\/2019\/06\/Filipe-Correa-9-735x1024.jpg\" alt=\"\" class=\"wp-image-1095\" srcset=\"https:\/\/mapadadiversidade.com.br\/itauna\/wp-content\/uploads\/2019\/06\/Filipe-Correa-9-735x1024.jpg 735w, https:\/\/mapadadiversidade.com.br\/itauna\/wp-content\/uploads\/2019\/06\/Filipe-Correa-9-215x300.jpg 215w, https:\/\/mapadadiversidade.com.br\/itauna\/wp-content\/uploads\/2019\/06\/Filipe-Correa-9-768x1069.jpg 768w, https:\/\/mapadadiversidade.com.br\/itauna\/wp-content\/uploads\/2019\/06\/Filipe-Correa-9.jpg 859w\" sizes=\"auto, (max-width: 735px) 100vw, 735px\" \/><\/figure>\n\n\n\n<figure class=\"wp-block-image\"><img loading=\"lazy\" decoding=\"async\" width=\"1024\" height=\"884\" data-id=\"1096\" src=\"https:\/\/mapadadiversidade.com.br\/itauna\/wp-content\/uploads\/2019\/06\/Filipe-Correa-1024x884.jpg\" alt=\"\" class=\"wp-image-1096\" srcset=\"https:\/\/mapadadiversidade.com.br\/itauna\/wp-content\/uploads\/2019\/06\/Filipe-Correa-1024x884.jpg 1024w, https:\/\/mapadadiversidade.com.br\/itauna\/wp-content\/uploads\/2019\/06\/Filipe-Correa-300x259.jpg 300w, https:\/\/mapadadiversidade.com.br\/itauna\/wp-content\/uploads\/2019\/06\/Filipe-Correa-768x663.jpg 768w, https:\/\/mapadadiversidade.com.br\/itauna\/wp-content\/uploads\/2019\/06\/Filipe-Correa.jpg 1280w\" sizes=\"auto, (max-width: 1024px) 100vw, 1024px\" \/><\/figure>\n<\/figure>\n","protected":false},"excerpt":{"rendered":"<p>Produtor Cultural e Diretor de Teatro.<\/p>\n","protected":false},"author":6,"featured_media":449,"comment_status":"open","ping_status":"open","sticky":false,"template":"","format":"standard","meta":{"footnotes":""},"categories":[1,4],"tags":[132,131,130,117],"class_list":["post-260","post","type-post","status-publish","format-standard","has-post-thumbnail","hentry","category-itauna","category-produtor-ou-gestor-cultural","tag-arte-educador","tag-ator","tag-diretor-teatral","tag-produtor","item-wrap"],"_links":{"self":[{"href":"https:\/\/mapadadiversidade.com.br\/itauna\/wp-json\/wp\/v2\/posts\/260","targetHints":{"allow":["GET"]}}],"collection":[{"href":"https:\/\/mapadadiversidade.com.br\/itauna\/wp-json\/wp\/v2\/posts"}],"about":[{"href":"https:\/\/mapadadiversidade.com.br\/itauna\/wp-json\/wp\/v2\/types\/post"}],"author":[{"embeddable":true,"href":"https:\/\/mapadadiversidade.com.br\/itauna\/wp-json\/wp\/v2\/users\/6"}],"replies":[{"embeddable":true,"href":"https:\/\/mapadadiversidade.com.br\/itauna\/wp-json\/wp\/v2\/comments?post=260"}],"version-history":[{"count":9,"href":"https:\/\/mapadadiversidade.com.br\/itauna\/wp-json\/wp\/v2\/posts\/260\/revisions"}],"predecessor-version":[{"id":1244,"href":"https:\/\/mapadadiversidade.com.br\/itauna\/wp-json\/wp\/v2\/posts\/260\/revisions\/1244"}],"wp:featuredmedia":[{"embeddable":true,"href":"https:\/\/mapadadiversidade.com.br\/itauna\/wp-json\/wp\/v2\/media\/449"}],"wp:attachment":[{"href":"https:\/\/mapadadiversidade.com.br\/itauna\/wp-json\/wp\/v2\/media?parent=260"}],"wp:term":[{"taxonomy":"category","embeddable":true,"href":"https:\/\/mapadadiversidade.com.br\/itauna\/wp-json\/wp\/v2\/categories?post=260"},{"taxonomy":"post_tag","embeddable":true,"href":"https:\/\/mapadadiversidade.com.br\/itauna\/wp-json\/wp\/v2\/tags?post=260"}],"curies":[{"name":"wp","href":"https:\/\/api.w.org\/{rel}","templated":true}]}}