{"id":277,"date":"2019-05-19T13:35:12","date_gmt":"2019-05-19T16:35:12","guid":{"rendered":"https:\/\/mapadadiversidade.com.br\/itauna\/?p=277"},"modified":"2019-06-19T11:31:02","modified_gmt":"2019-06-19T14:31:02","slug":"isaac-sander","status":"publish","type":"post","link":"https:\/\/mapadadiversidade.com.br\/itauna\/isaac-sander\/","title":{"rendered":"Isaac Sander"},"content":{"rendered":"\n<p>Linguagens Art\u00edsticas <\/p>\n\n\n\n<p>M\u00fasico<\/p>\n\n\n\n<p>Comunica\u00e7\u00e3o e m\u00eddia<\/p>\n\n\n\n<p>Radialista<\/p>\n\n\n\n<p><strong>Hist\u00f3rico: <\/strong>Isaac Sander (tamb\u00e9m conhecido como Bully) \u00e9 m\u00fasico\/compositor, vocalista da banda Tangerines e produtor da festa Radiola. Come\u00e7ou como amador em Ita\u00fana a cerca de 15 anos atr\u00e1s e desde ent\u00e3o vem se aperfei\u00e7oando na \u00e1rea que atua at\u00e9 hoje e tamb\u00e9m \u00e9 radialista\/locutor que iniciou no ano de 2019 na \u201cConex\u00e3o FM\u201d de Ita\u00fana.<br><\/p>\n\n\n\n<p> Email: isaac.sander@yahoo.com.br<br> Facebook: <a href=\"https:\/\/www.facebook.com\/descansaria\">Isaac Sander<\/a><br> Instagram: <a href=\"https:\/\/www.instagram.com\/descansaria\/?hl=pt-br\">@descansaria<\/a><\/p>\n\n\n\n<figure class=\"wp-block-image\"><img loading=\"lazy\" decoding=\"async\" width=\"960\" height=\"960\" src=\"https:\/\/mapadadiversidade.com.br\/itauna\/wp-content\/uploads\/2019\/05\/60459410_2468484203171251_9127064769700823040_n-1.jpg\" alt=\"\" class=\"wp-image-291\" srcset=\"https:\/\/mapadadiversidade.com.br\/itauna\/wp-content\/uploads\/2019\/05\/60459410_2468484203171251_9127064769700823040_n-1.jpg 960w, https:\/\/mapadadiversidade.com.br\/itauna\/wp-content\/uploads\/2019\/05\/60459410_2468484203171251_9127064769700823040_n-1-150x150.jpg 150w, https:\/\/mapadadiversidade.com.br\/itauna\/wp-content\/uploads\/2019\/05\/60459410_2468484203171251_9127064769700823040_n-1-300x300.jpg 300w, https:\/\/mapadadiversidade.com.br\/itauna\/wp-content\/uploads\/2019\/05\/60459410_2468484203171251_9127064769700823040_n-1-768x768.jpg 768w\" sizes=\"auto, (max-width: 960px) 100vw, 960px\" \/><\/figure>\n","protected":false},"excerpt":{"rendered":"<p>M\u00fasico e radialista.<\/p>\n","protected":false},"author":6,"featured_media":290,"comment_status":"open","ping_status":"open","sticky":false,"template":"","format":"standard","meta":{"footnotes":""},"categories":[1,54,100],"tags":[125,5,117,66,65],"class_list":["post-277","post","type-post","status-publish","format-standard","has-post-thumbnail","hentry","category-itauna","category-linguagens-artisticas","category-musica","tag-comunicacao-e-midia","tag-musico","tag-produtor","tag-radialista","tag-radio","item-wrap"],"_links":{"self":[{"href":"https:\/\/mapadadiversidade.com.br\/itauna\/wp-json\/wp\/v2\/posts\/277","targetHints":{"allow":["GET"]}}],"collection":[{"href":"https:\/\/mapadadiversidade.com.br\/itauna\/wp-json\/wp\/v2\/posts"}],"about":[{"href":"https:\/\/mapadadiversidade.com.br\/itauna\/wp-json\/wp\/v2\/types\/post"}],"author":[{"embeddable":true,"href":"https:\/\/mapadadiversidade.com.br\/itauna\/wp-json\/wp\/v2\/users\/6"}],"replies":[{"embeddable":true,"href":"https:\/\/mapadadiversidade.com.br\/itauna\/wp-json\/wp\/v2\/comments?post=277"}],"version-history":[{"count":4,"href":"https:\/\/mapadadiversidade.com.br\/itauna\/wp-json\/wp\/v2\/posts\/277\/revisions"}],"predecessor-version":[{"id":1150,"href":"https:\/\/mapadadiversidade.com.br\/itauna\/wp-json\/wp\/v2\/posts\/277\/revisions\/1150"}],"wp:featuredmedia":[{"embeddable":true,"href":"https:\/\/mapadadiversidade.com.br\/itauna\/wp-json\/wp\/v2\/media\/290"}],"wp:attachment":[{"href":"https:\/\/mapadadiversidade.com.br\/itauna\/wp-json\/wp\/v2\/media?parent=277"}],"wp:term":[{"taxonomy":"category","embeddable":true,"href":"https:\/\/mapadadiversidade.com.br\/itauna\/wp-json\/wp\/v2\/categories?post=277"},{"taxonomy":"post_tag","embeddable":true,"href":"https:\/\/mapadadiversidade.com.br\/itauna\/wp-json\/wp\/v2\/tags?post=277"}],"curies":[{"name":"wp","href":"https:\/\/api.w.org\/{rel}","templated":true}]}}