{"id":295,"date":"2019-05-19T13:40:57","date_gmt":"2019-05-19T16:40:57","guid":{"rendered":"https:\/\/mapadadiversidade.com.br\/itauna\/?p=295"},"modified":"2019-06-10T11:35:48","modified_gmt":"2019-06-10T14:35:48","slug":"heli-maia","status":"publish","type":"post","link":"https:\/\/mapadadiversidade.com.br\/itauna\/heli-maia\/","title":{"rendered":"Heli Maia"},"content":{"rendered":"\n<p>Pr\u00e1ticas Socioambientais<\/p>\n\n\n\n<p>Produ\u00e7\u00e3o liter\u00e1ria na \u00e1rea ambiental<\/p>\n\n\n\n<p>Arte Educador\/Educador Social<\/p>\n\n\n\n<p><strong>Hist\u00f3rico: <\/strong>Heli Maia, itaunense, 59 anos de idade \u00e9 professor na \u00e1rea de humanas e diversificou a sua forma\u00e7\u00e3o e escreveu em \u00e1reas aparentemente distintas, escreveu livros sobre bullyng, livro sobre o meio ambiente (desenvolvimento sustent\u00e1vel com atividade empres\u00e1ria) e possui tamb\u00e9m obras coletivas com escritores dentro fora de Ita\u00fana. Atualmente atua na \u00e1rea pol\u00edtica e social fazendo palestras. <br><\/p>\n\n\n\n<p>Telefone: (37) 99926-2277<br> Email:  helismaia@yahoo.com.br<br> Facebook:<a href=\"https:\/\/www.facebook.com\/heli.maia\"> Heli Maia<\/a><\/p>\n\n\n\n<figure><iframe loading=\"lazy\" width=\"560\" height=\"315\" src=\"https:\/\/www.youtube.com\/embed\/u6EN3DHGbr8\" allowfullscreen=\"\"><\/iframe><\/figure>\n\n\n\n<figure class=\"wp-block-image\"><img loading=\"lazy\" decoding=\"async\" width=\"215\" height=\"215\" src=\"https:\/\/mapadadiversidade.com.br\/itauna\/wp-content\/uploads\/2019\/05\/13592447_993196960793447_1167571273045148798_n-1.jpg\" alt=\"\" class=\"wp-image-304\" srcset=\"https:\/\/mapadadiversidade.com.br\/itauna\/wp-content\/uploads\/2019\/05\/13592447_993196960793447_1167571273045148798_n-1.jpg 215w, https:\/\/mapadadiversidade.com.br\/itauna\/wp-content\/uploads\/2019\/05\/13592447_993196960793447_1167571273045148798_n-1-150x150.jpg 150w\" sizes=\"auto, (max-width: 215px) 100vw, 215px\" \/><\/figure>\n","protected":false},"excerpt":{"rendered":"<p>Escritor e Educador Social.<\/p>\n","protected":false},"author":6,"featured_media":303,"comment_status":"open","ping_status":"open","sticky":false,"template":"","format":"standard","meta":{"footnotes":""},"categories":[52,1],"tags":[26,132,72,145],"class_list":["post-295","post","type-post","status-publish","format-standard","has-post-thumbnail","hentry","category-arte-educador-educador-social","category-itauna","tag-arte","tag-arte-educador","tag-literatura","tag-praticas-socioambientais","item-wrap"],"_links":{"self":[{"href":"https:\/\/mapadadiversidade.com.br\/itauna\/wp-json\/wp\/v2\/posts\/295","targetHints":{"allow":["GET"]}}],"collection":[{"href":"https:\/\/mapadadiversidade.com.br\/itauna\/wp-json\/wp\/v2\/posts"}],"about":[{"href":"https:\/\/mapadadiversidade.com.br\/itauna\/wp-json\/wp\/v2\/types\/post"}],"author":[{"embeddable":true,"href":"https:\/\/mapadadiversidade.com.br\/itauna\/wp-json\/wp\/v2\/users\/6"}],"replies":[{"embeddable":true,"href":"https:\/\/mapadadiversidade.com.br\/itauna\/wp-json\/wp\/v2\/comments?post=295"}],"version-history":[{"count":5,"href":"https:\/\/mapadadiversidade.com.br\/itauna\/wp-json\/wp\/v2\/posts\/295\/revisions"}],"predecessor-version":[{"id":910,"href":"https:\/\/mapadadiversidade.com.br\/itauna\/wp-json\/wp\/v2\/posts\/295\/revisions\/910"}],"wp:featuredmedia":[{"embeddable":true,"href":"https:\/\/mapadadiversidade.com.br\/itauna\/wp-json\/wp\/v2\/media\/303"}],"wp:attachment":[{"href":"https:\/\/mapadadiversidade.com.br\/itauna\/wp-json\/wp\/v2\/media?parent=295"}],"wp:term":[{"taxonomy":"category","embeddable":true,"href":"https:\/\/mapadadiversidade.com.br\/itauna\/wp-json\/wp\/v2\/categories?post=295"},{"taxonomy":"post_tag","embeddable":true,"href":"https:\/\/mapadadiversidade.com.br\/itauna\/wp-json\/wp\/v2\/tags?post=295"}],"curies":[{"name":"wp","href":"https:\/\/api.w.org\/{rel}","templated":true}]}}