{"id":296,"date":"2019-05-19T14:24:06","date_gmt":"2019-05-19T17:24:06","guid":{"rendered":"https:\/\/mapadadiversidade.com.br\/itauna\/?p=296"},"modified":"2019-06-08T16:12:13","modified_gmt":"2019-06-08T19:12:13","slug":"vitoria-ventura","status":"publish","type":"post","link":"https:\/\/mapadadiversidade.com.br\/itauna\/vitoria-ventura\/","title":{"rendered":"Vit\u00f3ria Ventura"},"content":{"rendered":"\n<p>Linguagens Art\u00edsticas<\/p>\n\n\n\n<p>Cantora<\/p>\n\n\n\n<p><strong>Outra atua\u00e7\u00e3o:<\/strong> Atriz<\/p>\n\n\n\n<p><strong>Hist\u00f3rico:<\/strong> Atuou em espet\u00e1culos como N\u00e3o Conta Pra Minha M\u00e3e e Maria Maria, e colaborou em produ\u00e7\u00f5es musicais como Raro Tempo com T1m\u00e3o e apresenta\u00e7\u00f5es com Bernardo Odel\u00e1rio.<\/p>\n\n\n\n<p>Telefone:   (37) 99322719<br>E-mail: vitoriaventur@gmail.com<br>Facebook: <a rel=\"noreferrer noopener\" aria-label=\"Vit\u00f3ria Ventura (abre numa nova aba)\" href=\"https:\/\/www.facebook.com\/viventuraa\" target=\"_blank\">Vit\u00f3ria Ventura<\/a><br>Instagram: <a rel=\"noreferrer noopener\" aria-label=\"viviventur (abre numa nova aba)\" href=\"https:\/\/www.instagram.com\/viventur\/\" target=\"_blank\">viviventur<\/a><\/p>\n\n\n\n<figure class=\"wp-block-image is-resized\"><img loading=\"lazy\" decoding=\"async\" src=\"https:\/\/mapadadiversidade.com.br\/itauna\/wp-content\/uploads\/2019\/05\/Vitoria-Ventura.jpg\" alt=\"\" class=\"wp-image-435\" width=\"443\" height=\"590\" srcset=\"https:\/\/mapadadiversidade.com.br\/itauna\/wp-content\/uploads\/2019\/05\/Vitoria-Ventura.jpg 720w, https:\/\/mapadadiversidade.com.br\/itauna\/wp-content\/uploads\/2019\/05\/Vitoria-Ventura-225x300.jpg 225w\" sizes=\"auto, (max-width: 443px) 100vw, 443px\" \/><\/figure>\n","protected":false},"excerpt":{"rendered":"<p>Atua em espet\u00e1culos de teatro e em produ\u00e7\u00f5es musicais. <\/p>\n","protected":false},"author":8,"featured_media":435,"comment_status":"open","ping_status":"open","sticky":false,"template":"","format":"standard","meta":{"footnotes":""},"categories":[1,54,100,99],"tags":[139,61],"class_list":["post-296","post","type-post","status-publish","format-standard","has-post-thumbnail","hentry","category-itauna","category-linguagens-artisticas","category-musica","category-teatro","tag-linguagens-artisticas","tag-teatro","item-wrap"],"_links":{"self":[{"href":"https:\/\/mapadadiversidade.com.br\/itauna\/wp-json\/wp\/v2\/posts\/296","targetHints":{"allow":["GET"]}}],"collection":[{"href":"https:\/\/mapadadiversidade.com.br\/itauna\/wp-json\/wp\/v2\/posts"}],"about":[{"href":"https:\/\/mapadadiversidade.com.br\/itauna\/wp-json\/wp\/v2\/types\/post"}],"author":[{"embeddable":true,"href":"https:\/\/mapadadiversidade.com.br\/itauna\/wp-json\/wp\/v2\/users\/8"}],"replies":[{"embeddable":true,"href":"https:\/\/mapadadiversidade.com.br\/itauna\/wp-json\/wp\/v2\/comments?post=296"}],"version-history":[{"count":4,"href":"https:\/\/mapadadiversidade.com.br\/itauna\/wp-json\/wp\/v2\/posts\/296\/revisions"}],"predecessor-version":[{"id":801,"href":"https:\/\/mapadadiversidade.com.br\/itauna\/wp-json\/wp\/v2\/posts\/296\/revisions\/801"}],"wp:featuredmedia":[{"embeddable":true,"href":"https:\/\/mapadadiversidade.com.br\/itauna\/wp-json\/wp\/v2\/media\/435"}],"wp:attachment":[{"href":"https:\/\/mapadadiversidade.com.br\/itauna\/wp-json\/wp\/v2\/media?parent=296"}],"wp:term":[{"taxonomy":"category","embeddable":true,"href":"https:\/\/mapadadiversidade.com.br\/itauna\/wp-json\/wp\/v2\/categories?post=296"},{"taxonomy":"post_tag","embeddable":true,"href":"https:\/\/mapadadiversidade.com.br\/itauna\/wp-json\/wp\/v2\/tags?post=296"}],"curies":[{"name":"wp","href":"https:\/\/api.w.org\/{rel}","templated":true}]}}