{"id":307,"date":"2019-05-19T14:11:47","date_gmt":"2019-05-19T17:11:47","guid":{"rendered":"https:\/\/mapadadiversidade.com.br\/itauna\/?p=307"},"modified":"2019-06-09T12:11:18","modified_gmt":"2019-06-09T15:11:18","slug":"maira-caroline","status":"publish","type":"post","link":"https:\/\/mapadadiversidade.com.br\/itauna\/maira-caroline\/","title":{"rendered":"M\u00e1ira Caroline"},"content":{"rendered":"\n<p>Cantora<\/p>\n\n\n\n<p>Linguagens art\u00edsticas<\/p>\n\n\n\n<p><strong>Outra atua\u00e7\u00e3o:<\/strong> Int\u00e9rprete<\/p>\n\n\n\n<p>Cantora amadora, canta m\u00fasicas ligadas no que acredita, relacionadas \u00e0s mensagens positivas. Trabalha como solo, e \u00e0s vezes com parcerias, em pequenos eventos.<\/p>\n\n\n\n<p><strong>Hist\u00f3rico:<\/strong> Acabou de come\u00e7ar na carreira como cantora, tem uma paix\u00e3o enorme por m\u00fasicas que condizem com seu sentimento e tamb\u00e9m sobre assuntos em que acredita. \u00c9 interprete, f\u00e3 de MPB, realiza pequenos shows em eventos com sua maioria ligadas \u00e0 cultura e a arte. Seu objetivo \u00e9 poder escrever suas pr\u00f3prias m\u00fasicas, levando sua viv\u00eancia como ser, e falar principalmente sobre amor, quer levar \u00e0s pessoas a chegarem ao estado de esp\u00edrito semelhante ao que ela tem quando escuta m\u00fasicas que tocam seu cora\u00e7\u00e3o.<\/p>\n\n\n\n<p>Email: maairacaroline@outlook.com<br>Facebook: <a href=\"https:\/\/www.facebook.com\/maah.carol.1\">M\u00e1ira Caroline<\/a><br>Instagram: <a href=\"https:\/\/www.instagram.com\/maaira_caroline\/?hl=pt-br\">@maaira_caroline<\/a><br>Youtube:<a href=\"https:\/\/www.youtube.com\/channel\/UCpCrbsLSULE1Y1GWgZR5ALQ\"> M\u00e1ira Caroline<\/a><\/p>\n\n\n\n<figure class=\"wp-block-image\"><img loading=\"lazy\" decoding=\"async\" width=\"663\" height=\"829\" src=\"https:\/\/mapadadiversidade.com.br\/itauna\/wp-content\/uploads\/2019\/05\/16708509_976116605852503_3543387401175149502_n.jpg\" alt=\"\" class=\"wp-image-432\" srcset=\"https:\/\/mapadadiversidade.com.br\/itauna\/wp-content\/uploads\/2019\/05\/16708509_976116605852503_3543387401175149502_n.jpg 663w, https:\/\/mapadadiversidade.com.br\/itauna\/wp-content\/uploads\/2019\/05\/16708509_976116605852503_3543387401175149502_n-240x300.jpg 240w\" sizes=\"auto, (max-width: 663px) 100vw, 663px\" \/><\/figure>\n","protected":false},"excerpt":{"rendered":"<p>Cantora e Int\u00e9rprete. <\/p>\n","protected":false},"author":11,"featured_media":433,"comment_status":"open","ping_status":"open","sticky":false,"template":"","format":"standard","meta":{"footnotes":""},"categories":[1,54,100],"tags":[18,139,11],"class_list":["post-307","post","type-post","status-publish","format-standard","has-post-thumbnail","hentry","category-itauna","category-linguagens-artisticas","category-musica","tag-cultura","tag-linguagens-artisticas","tag-musica","item-wrap"],"_links":{"self":[{"href":"https:\/\/mapadadiversidade.com.br\/itauna\/wp-json\/wp\/v2\/posts\/307","targetHints":{"allow":["GET"]}}],"collection":[{"href":"https:\/\/mapadadiversidade.com.br\/itauna\/wp-json\/wp\/v2\/posts"}],"about":[{"href":"https:\/\/mapadadiversidade.com.br\/itauna\/wp-json\/wp\/v2\/types\/post"}],"author":[{"embeddable":true,"href":"https:\/\/mapadadiversidade.com.br\/itauna\/wp-json\/wp\/v2\/users\/11"}],"replies":[{"embeddable":true,"href":"https:\/\/mapadadiversidade.com.br\/itauna\/wp-json\/wp\/v2\/comments?post=307"}],"version-history":[{"count":8,"href":"https:\/\/mapadadiversidade.com.br\/itauna\/wp-json\/wp\/v2\/posts\/307\/revisions"}],"predecessor-version":[{"id":884,"href":"https:\/\/mapadadiversidade.com.br\/itauna\/wp-json\/wp\/v2\/posts\/307\/revisions\/884"}],"wp:featuredmedia":[{"embeddable":true,"href":"https:\/\/mapadadiversidade.com.br\/itauna\/wp-json\/wp\/v2\/media\/433"}],"wp:attachment":[{"href":"https:\/\/mapadadiversidade.com.br\/itauna\/wp-json\/wp\/v2\/media?parent=307"}],"wp:term":[{"taxonomy":"category","embeddable":true,"href":"https:\/\/mapadadiversidade.com.br\/itauna\/wp-json\/wp\/v2\/categories?post=307"},{"taxonomy":"post_tag","embeddable":true,"href":"https:\/\/mapadadiversidade.com.br\/itauna\/wp-json\/wp\/v2\/tags?post=307"}],"curies":[{"name":"wp","href":"https:\/\/api.w.org\/{rel}","templated":true}]}}