{"id":333,"date":"2019-05-19T14:16:43","date_gmt":"2019-05-19T17:16:43","guid":{"rendered":"https:\/\/mapadadiversidade.com.br\/itauna\/?p=333"},"modified":"2019-06-09T12:10:31","modified_gmt":"2019-06-09T15:10:31","slug":"bombom","status":"publish","type":"post","link":"https:\/\/mapadadiversidade.com.br\/itauna\/bombom\/","title":{"rendered":"Bombom"},"content":{"rendered":"\n<p>Arte educador\/educador social<\/p>\n\n\n\n<p>Capoeira<\/p>\n\n\n\n<p>Culturas \u00e9tnicas, tradicionais e populares<\/p>\n\n\n\n<p><strong>Hist\u00f3rico: <\/strong>Poliana de Assis \u00e9 monitora de capoeira conhecida como Bombom, desenvolve<br>trabalho com a capoeira no Centro da Juventude tamb\u00e9m trabalha como cabeleireira (@studioafrostyle) na parte afro e tran\u00e7as, come\u00e7ou a dar aula na capoeira a 3 anos e j\u00e1 est\u00e1 no meio a 15 anos como cabeleireira j\u00e1 fazem 3 anos e meio. V\u00ea como um problema a falta e insufici\u00eancia de recursos na sua \u00e1rea cultural e o que a inspira \u00e9 a felicidade de ensinar e passar a mensagem para a vida.<\/p>\n\n\n\n<p> Sal\u00e3o: Rua Z\u00e9 Cavaquinho, 922 , Aeroporto<br> Aulas de Capoeira: Quartas e Sextas (19:00 as 20:00)<br> Telefone: (37) 99926-2064<br> Email: poliassis56@gmail.com<br> Instagram: <a href=\"https:\/\/www.instagram.com\/studioafrostyle\/?hl=pt-br\">@studioafrostyle<\/a><br><\/p>\n\n\n\n<figure><iframe loading=\"lazy\" width=\"560\" height=\"315\" src=\"https:\/\/www.youtube.com\/embed\/ttWXbH9dGQM\" allowfullscreen=\"\"><\/iframe><\/figure>\n","protected":false},"excerpt":{"rendered":"<p>Instrutora de Capoeira e cabeleireira especializada em cabelos afro. <\/p>\n","protected":false},"author":6,"featured_media":444,"comment_status":"open","ping_status":"open","sticky":false,"template":"","format":"standard","meta":{"footnotes":""},"categories":[52,1],"tags":[26,95],"class_list":["post-333","post","type-post","status-publish","format-standard","has-post-thumbnail","hentry","category-arte-educador-educador-social","category-itauna","tag-arte","tag-capoeira","item-wrap"],"_links":{"self":[{"href":"https:\/\/mapadadiversidade.com.br\/itauna\/wp-json\/wp\/v2\/posts\/333","targetHints":{"allow":["GET"]}}],"collection":[{"href":"https:\/\/mapadadiversidade.com.br\/itauna\/wp-json\/wp\/v2\/posts"}],"about":[{"href":"https:\/\/mapadadiversidade.com.br\/itauna\/wp-json\/wp\/v2\/types\/post"}],"author":[{"embeddable":true,"href":"https:\/\/mapadadiversidade.com.br\/itauna\/wp-json\/wp\/v2\/users\/6"}],"replies":[{"embeddable":true,"href":"https:\/\/mapadadiversidade.com.br\/itauna\/wp-json\/wp\/v2\/comments?post=333"}],"version-history":[{"count":6,"href":"https:\/\/mapadadiversidade.com.br\/itauna\/wp-json\/wp\/v2\/posts\/333\/revisions"}],"predecessor-version":[{"id":883,"href":"https:\/\/mapadadiversidade.com.br\/itauna\/wp-json\/wp\/v2\/posts\/333\/revisions\/883"}],"wp:featuredmedia":[{"embeddable":true,"href":"https:\/\/mapadadiversidade.com.br\/itauna\/wp-json\/wp\/v2\/media\/444"}],"wp:attachment":[{"href":"https:\/\/mapadadiversidade.com.br\/itauna\/wp-json\/wp\/v2\/media?parent=333"}],"wp:term":[{"taxonomy":"category","embeddable":true,"href":"https:\/\/mapadadiversidade.com.br\/itauna\/wp-json\/wp\/v2\/categories?post=333"},{"taxonomy":"post_tag","embeddable":true,"href":"https:\/\/mapadadiversidade.com.br\/itauna\/wp-json\/wp\/v2\/tags?post=333"}],"curies":[{"name":"wp","href":"https:\/\/api.w.org\/{rel}","templated":true}]}}