{"id":340,"date":"2019-05-19T16:12:26","date_gmt":"2019-05-19T19:12:26","guid":{"rendered":"https:\/\/mapadadiversidade.com.br\/itauna\/?p=340"},"modified":"2019-06-08T17:17:28","modified_gmt":"2019-06-08T20:17:28","slug":"imperio-studio","status":"publish","type":"post","link":"https:\/\/mapadadiversidade.com.br\/itauna\/imperio-studio\/","title":{"rendered":"Imp\u00e9rio Studio"},"content":{"rendered":"\n<p>Produtor\/Gestor cultural<\/p>\n\n\n\n<p>Produtor musical e artista<\/p>\n\n\n\n<p><strong>Outras atua\u00e7\u00f5es:<\/strong> Produz m\u00fasicas, v\u00eddeo clipes, eventos, e tamb\u00e9m atua como compositor e cantor, conhecido como P\u00ea Mc.<\/p>\n\n\n\n<p><strong>Hist\u00f3rico:<\/strong> Pedro Augusto, mais conhecido como P\u00ea Mc, ao conhecer o  Dj Gui teve a oportunidade de estar no palco, desde j\u00e1 se descobriu na m\u00fasica e ganhou paix\u00e3o, come\u00e7ando a ingressar no caminho musical. Criou o Imp\u00e9rio Studio para limitar suas dificuldades e como auto ajuda, sendo assim aos artistas que n\u00e3o tem condi\u00e7\u00f5es nem facilidade em acesso com outras gravadoras. Seu trabalho tem caminhado bem e ao decorrer do seu processo tem ganhado reconhecimento local e de cidades vizinhas.<\/p>\n\n\n\n<p>Telefone: (37) 9 99580075<br>E-mail: imperiostudio037@gmail.com<br>Instagram: <a rel=\"noreferrer noopener\" aria-label=\"@imperiostudio037 (abre numa nova aba)\" href=\"https:\/\/www.instagram.com\/imperiostudio037\/\" target=\"_blank\">@imperiostudio037<\/a><br>Youtube:<a href=\"\/channel\/UCpC9mERhyw3kVZydtlTHIHA\/featured\"> Imp\u00e9rio Studio<\/a><\/p>\n\n\n\n<figure><iframe loading=\"lazy\" width=\"560\" height=\"315\" src=\"https:\/\/www.youtube.com\/embed\/JXgN_ETg-og\" allowfullscreen=\"\"><\/iframe><\/figure>\n\n\n\n<ul class=\"wp-block-gallery columns-2 is-cropped wp-block-gallery-1 is-layout-flex wp-block-gallery-is-layout-flex\"><li class=\"blocks-gallery-item\"><figure><img loading=\"lazy\" decoding=\"async\" width=\"592\" height=\"588\" src=\"https:\/\/mapadadiversidade.com.br\/itauna\/wp-content\/uploads\/2019\/06\/imprerio-studio-02.jpg\" alt=\"\" data-id=\"733\" data-link=\"https:\/\/mapadadiversidade.com.br\/itauna\/imperio-studio\/imprerio-studio-02\/\" class=\"wp-image-733\" srcset=\"https:\/\/mapadadiversidade.com.br\/itauna\/wp-content\/uploads\/2019\/06\/imprerio-studio-02.jpg 592w, https:\/\/mapadadiversidade.com.br\/itauna\/wp-content\/uploads\/2019\/06\/imprerio-studio-02-150x150.jpg 150w, https:\/\/mapadadiversidade.com.br\/itauna\/wp-content\/uploads\/2019\/06\/imprerio-studio-02-300x298.jpg 300w\" sizes=\"auto, (max-width: 592px) 100vw, 592px\" \/><\/figure><\/li><li class=\"blocks-gallery-item\"><figure><img loading=\"lazy\" decoding=\"async\" width=\"592\" height=\"588\" src=\"https:\/\/mapadadiversidade.com.br\/itauna\/wp-content\/uploads\/2019\/06\/imprerio-studio-01.jpg\" alt=\"\" data-id=\"732\" data-link=\"https:\/\/mapadadiversidade.com.br\/itauna\/imperio-studio\/imprerio-studio-01\/\" class=\"wp-image-732\" srcset=\"https:\/\/mapadadiversidade.com.br\/itauna\/wp-content\/uploads\/2019\/06\/imprerio-studio-01.jpg 592w, https:\/\/mapadadiversidade.com.br\/itauna\/wp-content\/uploads\/2019\/06\/imprerio-studio-01-150x150.jpg 150w, https:\/\/mapadadiversidade.com.br\/itauna\/wp-content\/uploads\/2019\/06\/imprerio-studio-01-300x298.jpg 300w\" sizes=\"auto, (max-width: 592px) 100vw, 592px\" \/><\/figure><\/li><\/ul>\n","protected":false},"excerpt":{"rendered":"<p>Pedro Augusto, produtor cultura e criador do Imp\u00e9rio Studio.<\/p>\n","protected":false},"author":11,"featured_media":732,"comment_status":"open","ping_status":"open","sticky":false,"template":"","format":"standard","meta":{"footnotes":""},"categories":[1,4],"tags":[],"class_list":["post-340","post","type-post","status-publish","format-standard","has-post-thumbnail","hentry","category-itauna","category-produtor-ou-gestor-cultural","item-wrap"],"_links":{"self":[{"href":"https:\/\/mapadadiversidade.com.br\/itauna\/wp-json\/wp\/v2\/posts\/340","targetHints":{"allow":["GET"]}}],"collection":[{"href":"https:\/\/mapadadiversidade.com.br\/itauna\/wp-json\/wp\/v2\/posts"}],"about":[{"href":"https:\/\/mapadadiversidade.com.br\/itauna\/wp-json\/wp\/v2\/types\/post"}],"author":[{"embeddable":true,"href":"https:\/\/mapadadiversidade.com.br\/itauna\/wp-json\/wp\/v2\/users\/11"}],"replies":[{"embeddable":true,"href":"https:\/\/mapadadiversidade.com.br\/itauna\/wp-json\/wp\/v2\/comments?post=340"}],"version-history":[{"count":8,"href":"https:\/\/mapadadiversidade.com.br\/itauna\/wp-json\/wp\/v2\/posts\/340\/revisions"}],"predecessor-version":[{"id":822,"href":"https:\/\/mapadadiversidade.com.br\/itauna\/wp-json\/wp\/v2\/posts\/340\/revisions\/822"}],"wp:featuredmedia":[{"embeddable":true,"href":"https:\/\/mapadadiversidade.com.br\/itauna\/wp-json\/wp\/v2\/media\/732"}],"wp:attachment":[{"href":"https:\/\/mapadadiversidade.com.br\/itauna\/wp-json\/wp\/v2\/media?parent=340"}],"wp:term":[{"taxonomy":"category","embeddable":true,"href":"https:\/\/mapadadiversidade.com.br\/itauna\/wp-json\/wp\/v2\/categories?post=340"},{"taxonomy":"post_tag","embeddable":true,"href":"https:\/\/mapadadiversidade.com.br\/itauna\/wp-json\/wp\/v2\/tags?post=340"}],"curies":[{"name":"wp","href":"https:\/\/api.w.org\/{rel}","templated":true}]}}