{"id":351,"date":"2019-05-19T16:13:25","date_gmt":"2019-05-19T19:13:25","guid":{"rendered":"https:\/\/mapadadiversidade.com.br\/itauna\/?p=351"},"modified":"2019-06-10T09:52:52","modified_gmt":"2019-06-10T12:52:52","slug":"lidianara-lima-nacao-hip-hop","status":"publish","type":"post","link":"https:\/\/mapadadiversidade.com.br\/itauna\/lidianara-lima-nacao-hip-hop\/","title":{"rendered":"Lidianara Lima"},"content":{"rendered":"\n<p>Ativista Cultural<\/p>\n\n\n\n<p>Representante do movimento Na\u00e7\u00e3o Hip Hop<\/p>\n\n\n\n<p>Linguagens art\u00edsticas<\/p>\n\n\n\n<p>Dan\u00e7a<\/p>\n\n\n\n<p><strong>Hist\u00f3rico:<\/strong> Militante de causas sociais e raciais, que est\u00e1 se desenvolvendo como artista, e na \u00e1rea de comunica\u00e7\u00e3o, hoje representante da Na\u00e7\u00e3o hip hop\/Na\u00e7\u00e3o Mulher Ita\u00fana, apoiadora de movimentos.<\/p>\n\n\n\n<p> Email: lidianara.lima13@gmail.com<br> Facebook: <a rel=\"noreferrer noopener\" aria-label=\"Lidianara Lima Laender (abre numa nova aba)\" href=\"https:\/\/www.facebook.com\/lidianara.limalaender\" target=\"_blank\">Lidianara Lima Laender<\/a><br> Instagram: <a rel=\"noreferrer noopener\" aria-label=\"@lidianara13 (abre numa nova aba)\" href=\"https:\/\/www.instagram.com\/lidianara13\/?hl=pt-br\" target=\"_blank\">@lidianara13<\/a><\/p>\n\n\n\n<figure><iframe loading=\"lazy\" width=\"560\" height=\"315\" src=\"https:\/\/www.youtube.com\/embed\/g0e1QklNrD0\" allowfullscreen=\"\"><\/iframe><\/figure>\n\n\n\n<figure class=\"wp-block-image\"><img loading=\"lazy\" decoding=\"async\" width=\"604\" height=\"604\" src=\"https:\/\/mapadadiversidade.com.br\/itauna\/wp-content\/uploads\/2019\/05\/31171437_1225755024227270_6477452367661891584_n-1.jpg\" alt=\"\" class=\"wp-image-358\" srcset=\"https:\/\/mapadadiversidade.com.br\/itauna\/wp-content\/uploads\/2019\/05\/31171437_1225755024227270_6477452367661891584_n-1.jpg 604w, https:\/\/mapadadiversidade.com.br\/itauna\/wp-content\/uploads\/2019\/05\/31171437_1225755024227270_6477452367661891584_n-1-150x150.jpg 150w, https:\/\/mapadadiversidade.com.br\/itauna\/wp-content\/uploads\/2019\/05\/31171437_1225755024227270_6477452367661891584_n-1-300x300.jpg 300w\" sizes=\"auto, (max-width: 604px) 100vw, 604px\" \/><\/figure>\n","protected":false},"excerpt":{"rendered":"<p>Ativista cultural representante do movimento na\u00e7\u00e3o hip hop Brasil.<\/p>\n","protected":false},"author":11,"featured_media":356,"comment_status":"open","ping_status":"open","sticky":false,"template":"","format":"standard","meta":{"footnotes":""},"categories":[22,116,1,54],"tags":[19,149,56,7],"class_list":["post-351","post","type-post","status-publish","format-standard","has-post-thumbnail","hentry","category-artesanato","category-danca","category-itauna","category-linguagens-artisticas","tag-artesanato","tag-ativista-cultural","tag-danca","tag-hip-hop","item-wrap"],"_links":{"self":[{"href":"https:\/\/mapadadiversidade.com.br\/itauna\/wp-json\/wp\/v2\/posts\/351","targetHints":{"allow":["GET"]}}],"collection":[{"href":"https:\/\/mapadadiversidade.com.br\/itauna\/wp-json\/wp\/v2\/posts"}],"about":[{"href":"https:\/\/mapadadiversidade.com.br\/itauna\/wp-json\/wp\/v2\/types\/post"}],"author":[{"embeddable":true,"href":"https:\/\/mapadadiversidade.com.br\/itauna\/wp-json\/wp\/v2\/users\/11"}],"replies":[{"embeddable":true,"href":"https:\/\/mapadadiversidade.com.br\/itauna\/wp-json\/wp\/v2\/comments?post=351"}],"version-history":[{"count":6,"href":"https:\/\/mapadadiversidade.com.br\/itauna\/wp-json\/wp\/v2\/posts\/351\/revisions"}],"predecessor-version":[{"id":954,"href":"https:\/\/mapadadiversidade.com.br\/itauna\/wp-json\/wp\/v2\/posts\/351\/revisions\/954"}],"wp:featuredmedia":[{"embeddable":true,"href":"https:\/\/mapadadiversidade.com.br\/itauna\/wp-json\/wp\/v2\/media\/356"}],"wp:attachment":[{"href":"https:\/\/mapadadiversidade.com.br\/itauna\/wp-json\/wp\/v2\/media?parent=351"}],"wp:term":[{"taxonomy":"category","embeddable":true,"href":"https:\/\/mapadadiversidade.com.br\/itauna\/wp-json\/wp\/v2\/categories?post=351"},{"taxonomy":"post_tag","embeddable":true,"href":"https:\/\/mapadadiversidade.com.br\/itauna\/wp-json\/wp\/v2\/tags?post=351"}],"curies":[{"name":"wp","href":"https:\/\/api.w.org\/{rel}","templated":true}]}}