{"id":387,"date":"2019-06-13T07:00:48","date_gmt":"2019-06-13T10:00:48","guid":{"rendered":"https:\/\/mapadadiversidade.com.br\/itauna\/?p=387"},"modified":"2024-03-04T00:48:24","modified_gmt":"2024-03-04T03:48:24","slug":"levy-vargas","status":"publish","type":"post","link":"https:\/\/mapadadiversidade.com.br\/itauna\/levy-vargas\/","title":{"rendered":"Levy Vargas"},"content":{"rendered":"\n<p>Artes Visuais<\/p>\n\n\n\n<p>Linguagens art\u00edsticas<\/p>\n\n\n\n<p>M\u00fasico<\/p>\n\n\n\n<p><strong>Outra atua\u00e7\u00e3o: <\/strong>Arte educador<\/p>\n\n\n\n<p><strong>Hist\u00f3rico: <\/strong>Realiza desenhos e pintura desenvolvendo poesia visual e express\u00f5es de vida. V\u00ea a arte como forma de auto conhecimento. \u00c9 professor de arte, realiza oficinas, exibi\u00e7\u00e3o de document\u00e1ri<a href=\"https:\/\/www.nikeairjordanstoresale.com\/\"><strong>cheap cheap  jordans<\/strong><\/a> <a href=\"https:\/\/www.jordannikeairshoes.com\/nike-air-force-jordan\/\"><strong>nike  air force jordan<\/strong><\/a> <a href=\"https:\/\/www.airjordanmensshoes.com\/nike-air-jordan-mid\/\"><strong>nike air  jordan mid<\/strong><\/a> <a href=\"https:\/\/www.nikeairjordanwomenstore.com\/air-jordan-4-military-black\/\"><strong>air  jordan 4 military black<\/strong><\/a> <a href=\"https:\/\/www.airjordanmenssneakers.com\/nike-jordan-series-06\/\"><strong>nike  jordan series 06<\/strong><\/a> <a href=\"https:\/\/www.mensairmaxnike.com\/nike-air-max-pre-day\/\"><strong>nike air max  pre day<\/strong><\/a> <a href=\"https:\/\/www.nikeairjordanwomenstore.com\/air-jordan-4-retro-military-black\/\"><strong>air  jordan 4 retro military black<\/strong><\/a> <a href=\"https:\/\/www.nikeairmax270sale.com\/max-white-shoes\/\"><strong>max white  shoes<\/strong><\/a> <a href=\"https:\/\/www.iairjordansneakers.com\/\"><strong>air  jordan 1<\/strong><\/a> <a href=\"https:\/\/www.airjordanmensshoes.com\/nike-air-jordan-14\/\"><strong>nike air  jordan 14<\/strong><\/a> <a href=\"https:\/\/www.nikeairmax270sale.com\/max-white-shoes\/\"><strong>max white  shoes<\/strong><\/a> <a href=\"https:\/\/www.salenikeairmaxshoe.com\/nike-air-max-270-mens\/\"><strong>nike  air max 270 men&#8217;s<\/strong><\/a> <a href=\"https:\/\/www.nikeairmaxwomenscheap.com\/\"><strong>air max 97  sale<\/strong><\/a> <a href=\"https:\/\/www.nikeairmaxsalemens.com\/air-max-goaterra-2-0\/\"><strong>air max  goaterra 2.0<\/strong><\/a> <a href=\"https:\/\/www.airmaxmenssneakers.com\"><strong>nike air max  womens<\/strong><\/a> os em rela\u00e7\u00e3o \u00e0 arte e participa da banda The Bluekers, \u00e9 baterista da banda atuando tamb\u00e9m como percussionista.<\/p>\n\n\n\n<p>Come\u00e7ou na \u00e1rea cultural ap\u00f3s se envolver com a arte da cidade, antes de se graduar produzia apenas oficinas, e no decorrer do curso encontrou a possibilidade de ser educador e acrescentou \u00e0 dar aulas, logo em seguida se p\u00f3s graduou em arte terapia, no todo s\u00e3o 25 anos atuando como arte educador. Seu objetivo \u00e9 de consolidar a cultura na cidade, passar experi\u00eancias para espalhar arte e apoiar os talentos.<\/p>\n\n\n\n<p>Contato:<br>E-mail: levyvargas@outlook.com<br>Facebook: <a href=\"https:\/\/www.facebook.com\/levy.vargas.7\">L<\/a><a rel=\"noreferrer noopener\" aria-label=\"evy Vargas (abre numa nova aba)\" href=\"https:\/\/www.facebook.com\/levy.vargas.7\" target=\"_blank\">evy Vargas<\/a><br>Instagram: <a href=\"https:\/\/www.instagram.com\/levyvargas\/\">@<\/a><a rel=\"noreferrer noopener\" aria-label=\"levyvargas (abre numa nova aba)\" href=\"https:\/\/www.instagram.com\/levyvargas\/\" target=\"_blank\">levyvargas<\/a><\/p>\n\n\n\n<figure class=\"wp-block-gallery has-nested-images columns-default is-cropped wp-block-gallery-1 is-layout-flex wp-block-gallery-is-layout-flex\">\n<figure class=\"wp-block-image\"><img loading=\"lazy\" decoding=\"async\" width=\"427\" height=\"427\" data-id=\"924\" src=\"https:\/\/mapadadiversidade.com.br\/itauna\/wp-content\/uploads\/2019\/06\/13239910_500593576810315_5372236721026535745_n.jpg\" alt=\"\" class=\"wp-image-924\" srcset=\"https:\/\/mapadadiversidade.com.br\/itauna\/wp-content\/uploads\/2019\/06\/13239910_500593576810315_5372236721026535745_n.jpg 427w, https:\/\/mapadadiversidade.com.br\/itauna\/wp-content\/uploads\/2019\/06\/13239910_500593576810315_5372236721026535745_n-150x150.jpg 150w, https:\/\/mapadadiversidade.com.br\/itauna\/wp-content\/uploads\/2019\/06\/13239910_500593576810315_5372236721026535745_n-300x300.jpg 300w\" sizes=\"auto, (max-width: 427px) 100vw, 427px\" \/><\/figure>\n\n\n\n<figure class=\"wp-block-image\"><img loading=\"lazy\" decoding=\"async\" width=\"720\" height=\"720\" data-id=\"925\" src=\"https:\/\/mapadadiversidade.com.br\/itauna\/wp-content\/uploads\/2019\/06\/15823104_595550660647939_2772840470788388489_n.jpg\" alt=\"\" class=\"wp-image-925\" srcset=\"https:\/\/mapadadiversidade.com.br\/itauna\/wp-content\/uploads\/2019\/06\/15823104_595550660647939_2772840470788388489_n.jpg 720w, https:\/\/mapadadiversidade.com.br\/itauna\/wp-content\/uploads\/2019\/06\/15823104_595550660647939_2772840470788388489_n-150x150.jpg 150w, https:\/\/mapadadiversidade.com.br\/itauna\/wp-content\/uploads\/2019\/06\/15823104_595550660647939_2772840470788388489_n-300x300.jpg 300w\" sizes=\"auto, (max-width: 720px) 100vw, 720px\" \/><\/figure>\n<\/figure>\n","protected":false},"excerpt":{"rendered":"<p>Realiza desenhos e pintura desenvolvendo poesia visual e express\u00f5es de vida.<\/p>\n","protected":false},"author":11,"featured_media":429,"comment_status":"open","ping_status":"open","sticky":false,"template":"","format":"standard","meta":{"footnotes":""},"categories":[52,1],"tags":[133,16,5,142,148],"class_list":["post-387","post","type-post","status-publish","format-standard","has-post-thumbnail","hentry","category-arte-educador-educador-social","category-itauna","tag-baterista","tag-desenho","tag-musico","tag-pintura","tag-professor","item-wrap"],"_links":{"self":[{"href":"https:\/\/mapadadiversidade.com.br\/itauna\/wp-json\/wp\/v2\/posts\/387","targetHints":{"allow":["GET"]}}],"collection":[{"href":"https:\/\/mapadadiversidade.com.br\/itauna\/wp-json\/wp\/v2\/posts"}],"about":[{"href":"https:\/\/mapadadiversidade.com.br\/itauna\/wp-json\/wp\/v2\/types\/post"}],"author":[{"embeddable":true,"href":"https:\/\/mapadadiversidade.com.br\/itauna\/wp-json\/wp\/v2\/users\/11"}],"replies":[{"embeddable":true,"href":"https:\/\/mapadadiversidade.com.br\/itauna\/wp-json\/wp\/v2\/comments?post=387"}],"version-history":[{"count":8,"href":"https:\/\/mapadadiversidade.com.br\/itauna\/wp-json\/wp\/v2\/posts\/387\/revisions"}],"predecessor-version":[{"id":1245,"href":"https:\/\/mapadadiversidade.com.br\/itauna\/wp-json\/wp\/v2\/posts\/387\/revisions\/1245"}],"wp:featuredmedia":[{"embeddable":true,"href":"https:\/\/mapadadiversidade.com.br\/itauna\/wp-json\/wp\/v2\/media\/429"}],"wp:attachment":[{"href":"https:\/\/mapadadiversidade.com.br\/itauna\/wp-json\/wp\/v2\/media?parent=387"}],"wp:term":[{"taxonomy":"category","embeddable":true,"href":"https:\/\/mapadadiversidade.com.br\/itauna\/wp-json\/wp\/v2\/categories?post=387"},{"taxonomy":"post_tag","embeddable":true,"href":"https:\/\/mapadadiversidade.com.br\/itauna\/wp-json\/wp\/v2\/tags?post=387"}],"curies":[{"name":"wp","href":"https:\/\/api.w.org\/{rel}","templated":true}]}}