{"id":393,"date":"2019-05-19T17:59:44","date_gmt":"2019-05-19T20:59:44","guid":{"rendered":"https:\/\/mapadadiversidade.com.br\/itauna\/?p=393"},"modified":"2019-06-09T12:18:33","modified_gmt":"2019-06-09T15:18:33","slug":"pablo-juan","status":"publish","type":"post","link":"https:\/\/mapadadiversidade.com.br\/itauna\/pablo-juan\/","title":{"rendered":"Pablo Juan"},"content":{"rendered":"\n<p>Designer gr\u00e1fico<\/p>\n\n\n\n<p>Comunica\u00e7\u00e3o e m\u00eddia<\/p>\n\n\n\n<p><strong>Outras atividades:<\/strong> Fotografia, v\u00eddeo, marketing e propaganda de eventos.<\/p>\n\n\n\n<p><strong>Hist\u00f3rico:<\/strong> Aos 24 anos atua com a cria\u00e7\u00e3o de m\u00eddias, desenvolve a comunica\u00e7\u00e3o geral de marketing e promo\u00e7\u00f5es de eventos. J\u00e1 atuou por v\u00e1rias vertentes dentro do cen\u00e1rio do marketing, adquirindo assim um conhecimento variado e um apre\u00e7o especial pela fotografia. Pablo acredita que a fotografia captada com sensibilidade \u00e9 a melhor forma de preservar com riqueza de detalhes os momentos e emo\u00e7\u00f5es mais importantes da vida de uma pessoa.<\/p>\n\n\n\n<p>E-mail: criacao@agenciapleno.com.br<br>P\u00e1gina: <a href=\"https:\/\/www.behance.net\/agenciapleno\" target=\"_blank\" rel=\"noreferrer noopener\" aria-label=\"www.behance\/agenciapleno (abre numa nova aba)\">www.behance\/agenciapleno<\/a><br>Facebook: <a rel=\"noreferrer noopener\" aria-label=\" (abre numa nova aba)\" href=\"https:\/\/www.facebook.com\/ppablojuan\" target=\"_blank\">Pablo Juan<\/a><br>Instagram: <a rel=\"noreferrer noopener\" aria-label=\" (abre numa nova aba)\" href=\"https:\/\/www.instagram.com\/pablojuan.m\/\" target=\"_blank\">pablojuan.m<\/a><\/p>\n\n\n\n<figure class=\"wp-block-image\"><img loading=\"lazy\" decoding=\"async\" width=\"480\" height=\"589\" src=\"https:\/\/mapadadiversidade.com.br\/itauna\/wp-content\/uploads\/2019\/05\/b1bf0100-09ed-4977-9edf-e0a79e142bda.jpg\" alt=\"\" class=\"wp-image-463\" srcset=\"https:\/\/mapadadiversidade.com.br\/itauna\/wp-content\/uploads\/2019\/05\/b1bf0100-09ed-4977-9edf-e0a79e142bda.jpg 480w, https:\/\/mapadadiversidade.com.br\/itauna\/wp-content\/uploads\/2019\/05\/b1bf0100-09ed-4977-9edf-e0a79e142bda-244x300.jpg 244w\" sizes=\"auto, (max-width: 480px) 100vw, 480px\" \/><\/figure>\n\n\n\n<ul class=\"wp-block-gallery columns-2 is-cropped wp-block-gallery-1 is-layout-flex wp-block-gallery-is-layout-flex\"><li class=\"blocks-gallery-item\"><figure><img loading=\"lazy\" decoding=\"async\" width=\"1024\" height=\"792\" src=\"https:\/\/mapadadiversidade.com.br\/itauna\/wp-content\/uploads\/2019\/06\/pj-1-1024x792.jpg\" alt=\"\" data-id=\"804\" data-link=\"https:\/\/mapadadiversidade.com.br\/itauna\/pablo-juan\/pj-1\/\" class=\"wp-image-804\" srcset=\"https:\/\/mapadadiversidade.com.br\/itauna\/wp-content\/uploads\/2019\/06\/pj-1-1024x792.jpg 1024w, https:\/\/mapadadiversidade.com.br\/itauna\/wp-content\/uploads\/2019\/06\/pj-1-300x232.jpg 300w, https:\/\/mapadadiversidade.com.br\/itauna\/wp-content\/uploads\/2019\/06\/pj-1-768x594.jpg 768w, https:\/\/mapadadiversidade.com.br\/itauna\/wp-content\/uploads\/2019\/06\/pj-1.jpg 1280w\" sizes=\"auto, (max-width: 1024px) 100vw, 1024px\" \/><\/figure><\/li><li class=\"blocks-gallery-item\"><figure><img loading=\"lazy\" decoding=\"async\" width=\"594\" height=\"631\" src=\"https:\/\/mapadadiversidade.com.br\/itauna\/wp-content\/uploads\/2019\/06\/pj-2.jpg\" alt=\"\" data-id=\"805\" data-link=\"https:\/\/mapadadiversidade.com.br\/itauna\/pablo-juan\/pj-2\/\" class=\"wp-image-805\" srcset=\"https:\/\/mapadadiversidade.com.br\/itauna\/wp-content\/uploads\/2019\/06\/pj-2.jpg 594w, https:\/\/mapadadiversidade.com.br\/itauna\/wp-content\/uploads\/2019\/06\/pj-2-282x300.jpg 282w\" sizes=\"auto, (max-width: 594px) 100vw, 594px\" \/><\/figure><\/li><\/ul>\n","protected":false},"excerpt":{"rendered":"<p>Designer gr\u00e1fico que atua com a cria\u00e7\u00e3o de m\u00eddias, desenvolve a comunica\u00e7\u00e3o geral de marketing e promo\u00e7\u00f5es de eventos.<\/p>\n","protected":false},"author":9,"featured_media":463,"comment_status":"open","ping_status":"open","sticky":false,"template":"","format":"standard","meta":{"footnotes":""},"categories":[46,1],"tags":[],"class_list":["post-393","post","type-post","status-publish","format-standard","has-post-thumbnail","hentry","category-comunicacao-e-midia","category-itauna","item-wrap"],"_links":{"self":[{"href":"https:\/\/mapadadiversidade.com.br\/itauna\/wp-json\/wp\/v2\/posts\/393","targetHints":{"allow":["GET"]}}],"collection":[{"href":"https:\/\/mapadadiversidade.com.br\/itauna\/wp-json\/wp\/v2\/posts"}],"about":[{"href":"https:\/\/mapadadiversidade.com.br\/itauna\/wp-json\/wp\/v2\/types\/post"}],"author":[{"embeddable":true,"href":"https:\/\/mapadadiversidade.com.br\/itauna\/wp-json\/wp\/v2\/users\/9"}],"replies":[{"embeddable":true,"href":"https:\/\/mapadadiversidade.com.br\/itauna\/wp-json\/wp\/v2\/comments?post=393"}],"version-history":[{"count":9,"href":"https:\/\/mapadadiversidade.com.br\/itauna\/wp-json\/wp\/v2\/posts\/393\/revisions"}],"predecessor-version":[{"id":902,"href":"https:\/\/mapadadiversidade.com.br\/itauna\/wp-json\/wp\/v2\/posts\/393\/revisions\/902"}],"wp:featuredmedia":[{"embeddable":true,"href":"https:\/\/mapadadiversidade.com.br\/itauna\/wp-json\/wp\/v2\/media\/463"}],"wp:attachment":[{"href":"https:\/\/mapadadiversidade.com.br\/itauna\/wp-json\/wp\/v2\/media?parent=393"}],"wp:term":[{"taxonomy":"category","embeddable":true,"href":"https:\/\/mapadadiversidade.com.br\/itauna\/wp-json\/wp\/v2\/categories?post=393"},{"taxonomy":"post_tag","embeddable":true,"href":"https:\/\/mapadadiversidade.com.br\/itauna\/wp-json\/wp\/v2\/tags?post=393"}],"curies":[{"name":"wp","href":"https:\/\/api.w.org\/{rel}","templated":true}]}}