{"id":420,"date":"2019-05-19T17:32:53","date_gmt":"2019-05-19T20:32:53","guid":{"rendered":"https:\/\/mapadadiversidade.com.br\/itauna\/?p=420"},"modified":"2019-06-12T14:35:26","modified_gmt":"2019-06-12T17:35:26","slug":"associacao-escambo-cultural","status":"publish","type":"post","link":"https:\/\/mapadadiversidade.com.br\/itauna\/associacao-escambo-cultural\/","title":{"rendered":"Associa\u00e7\u00e3o Escambo Cultural"},"content":{"rendered":"\n<p>Produ\u00e7\u00e3o e Gest\u00e3o Cultural<\/p>\n\n\n\n<p>Produ\u00e7\u00e3o e Gest\u00e3o de Projetos Culturais Pr\u00f3prios<br><br><strong>Hist\u00f3rico:<\/strong> A ASSOCIA\u00c7\u00c3O ESCAMBO CULTURAL, foi fundada em maio de 2010 que tem por objetivo, basicamente a realiza\u00e7\u00e3o de a\u00e7\u00f5es em prol do resgate, valoriza\u00e7\u00e3o, incentivo, reconhecimento, fomento, divulga\u00e7\u00e3o, viabiliza\u00e7\u00e3o e desenvolvimento das manifesta\u00e7\u00f5es culturais em seus mais diversos segmentos; promove e viabiliza o resgate de bens culturais tang\u00edveis e intang\u00edveis atrav\u00e9s de pesquisa, documenta\u00e7\u00e3o, diagn\u00f3stico e a\u00e7\u00f5es de manuten\u00e7\u00e3o das atividades. Essas a\u00e7\u00f5es geram interc\u00e2mbio cultural; capacita\u00e7\u00e3o e incentivo \u00e0s pessoas envolvidas na cadeia da produ\u00e7\u00e3o cultural; promove a circula\u00e7\u00e3o de bens culturais e a realiza\u00e7\u00e3o de produ\u00e7\u00f5es culturais dando acessibilidade \u00e0 bens culturais. Al\u00e9m disso, promove e viabiliza a realiza\u00e7\u00e3o de f\u00f3runs, festivais, feiras, espet\u00e1culos, mostras, oficinas, dentre outras a\u00e7\u00f5es afins, focadas no fomento \u00e0 cultura, a\u00e7\u00f5es de inser\u00e7\u00e3o s\u00f3cio-cultural focadas na informa\u00e7\u00e3o, educa\u00e7\u00e3o e forma\u00e7\u00e3o de p\u00fablico.<\/p>\n\n\n\n<ul class=\"wp-block-list\"><li>Primeira Edi\u00e7\u00e3o do Livro Cento Oeste Mineiro Hist\u00f3ria e Cultura em 2006. *<\/li><li>Segunda edi\u00e7\u00e3o do Livro Centro Oeste Mineiro hist\u00f3ria e Cultura 2008. <\/li><li>Edi\u00e7\u00e3o do Livro Centro Oeste Mineiro M\u00e3os e Obras em 2012. <\/li><li>Edi\u00e7\u00e3o do Livro Cento Oeste Mineiro Festas em 2015 Edi\u00e7\u00e3o do Livro O Mundo em Minas 2015. <\/li><li>Produ\u00e7\u00e3o do projeto Escambo Cultural em Par\u00e1 de Minas <\/li><li>Produ\u00e7\u00e3o do Projeto Escambo Cultural Centro Oeste de Minas nas cidades de: Nova Serrana (2010), Ita\u00fana (2010) e Itatiaiu\u00e7u (2011); <\/li><li>Produ\u00e7\u00e3o Escambo Cultural em Nova Serrana 2012 Produ\u00e7\u00e3o Escambo em Ita\u00fana e Nova Serrana em 2015 <\/li><li>Produ\u00e7\u00e3o de oficina de gastronomia no 1\u00ba Festival Gastron\u00f4mico e Cultural de Nova Serrana; <\/li><li>Apoio a IV Mostra Coletiva Delirarte &#8211; exposi\u00e7\u00e3o de trabalhos dos artistas e artes\u00e3os que freq\u00fcentam as Oficinas do Centro de Conviv\u00eancia de Sa\u00fade Mental Dr. Peri Tupinamb\u00e1s; <\/li><li>Produ\u00e7\u00e3o do projeto Giragirando em Nova Serrana em 2011; <\/li><li>Produ\u00e7\u00e3o do Projeto Giragirando em Nova Serrana 2012 <\/li><li>Produ\u00e7\u00e3o do projeto Giragirando em Nova Serrana 2014 <\/li><li>Produ\u00e7\u00e3o de palestra de apresenta\u00e7\u00e3o e esclarecimento sobre a Lei Estadual de Incentivo \u00e0 Cultura e seus mecanismos de financiamentos a projetos culturais atrav\u00e9s de ren\u00fancia fiscal do ICMS \u00e0 empres\u00e1rios e contabilistas da cidade de Nova Serrana (MG) em maio e setembro de 2010 em parceria com a Secretaria de Estado de Cultura de Minas Gerais e Secretaria Municipal de Cultura de Nova Serrana; <\/li><li>Produ\u00e7\u00e3o do Projeto Escambo Cultural Centro Oeste de Minas na cidade de Ita\u00fana 2016 <\/li><li>Produ\u00e7\u00e3o do Projeto Giragirando nas cidades de Ita\u00fana e Nova Serrana 2016 <\/li><li>Produ\u00e7\u00e3o do Projeto Giragirando nas cidades de Ita\u00fana e Nova Serrana 2017 <\/li><li>Produ\u00e7\u00e3o do Projeto Giragirando nas cidades de Ita\u00fana e Nova Serrana 2018<\/li><\/ul>\n\n\n\n<p>Telefone: (37) 3243 7172<br>E-mail: contato@totem.art.br <\/p>\n\n\n\n<figure><iframe loading=\"lazy\" width=\"560\" height=\"315\" src=\"https:\/\/www.youtube.com\/embed\/MNnBoE8LAVE\" allowfullscreen=\"\"><\/iframe><\/figure>\n\n\n\n<ul class=\"wp-block-gallery columns-3 is-cropped wp-block-gallery-1 is-layout-flex wp-block-gallery-is-layout-flex\"><li class=\"blocks-gallery-item\"><figure><img loading=\"lazy\" decoding=\"async\" width=\"1024\" height=\"768\" src=\"https:\/\/mapadadiversidade.com.br\/itauna\/wp-content\/uploads\/2019\/06\/WhatsApp-Image-2019-06-12-at-10.55.04-1-2-1024x768.jpeg\" alt=\"\" data-id=\"1009\" data-link=\"https:\/\/mapadadiversidade.com.br\/itauna\/associacao-escambo-cultural\/whatsapp-image-2019-06-12-at-10-55-04-1-2\/\" class=\"wp-image-1009\" srcset=\"https:\/\/mapadadiversidade.com.br\/itauna\/wp-content\/uploads\/2019\/06\/WhatsApp-Image-2019-06-12-at-10.55.04-1-2.jpeg 1024w, https:\/\/mapadadiversidade.com.br\/itauna\/wp-content\/uploads\/2019\/06\/WhatsApp-Image-2019-06-12-at-10.55.04-1-2-300x225.jpeg 300w, https:\/\/mapadadiversidade.com.br\/itauna\/wp-content\/uploads\/2019\/06\/WhatsApp-Image-2019-06-12-at-10.55.04-1-2-768x576.jpeg 768w\" sizes=\"auto, (max-width: 1024px) 100vw, 1024px\" \/><\/figure><\/li><li class=\"blocks-gallery-item\"><figure><img loading=\"lazy\" decoding=\"async\" width=\"768\" height=\"1024\" src=\"https:\/\/mapadadiversidade.com.br\/itauna\/wp-content\/uploads\/2019\/06\/WhatsApp-Image-2019-06-12-at-10.55.04-2-e1560348092102-768x1024.jpeg\" alt=\"\" data-id=\"1008\" data-link=\"https:\/\/mapadadiversidade.com.br\/itauna\/associacao-escambo-cultural\/whatsapp-image-2019-06-12-at-10-55-04-2\/\" class=\"wp-image-1008\" srcset=\"https:\/\/mapadadiversidade.com.br\/itauna\/wp-content\/uploads\/2019\/06\/WhatsApp-Image-2019-06-12-at-10.55.04-2-e1560348092102.jpeg 768w, https:\/\/mapadadiversidade.com.br\/itauna\/wp-content\/uploads\/2019\/06\/WhatsApp-Image-2019-06-12-at-10.55.04-2-e1560348092102-225x300.jpeg 225w\" sizes=\"auto, (max-width: 768px) 100vw, 768px\" \/><\/figure><\/li><li class=\"blocks-gallery-item\"><figure><img loading=\"lazy\" decoding=\"async\" width=\"724\" height=\"1024\" src=\"https:\/\/mapadadiversidade.com.br\/itauna\/wp-content\/uploads\/2019\/06\/0001-4-min-724x1024.jpg\" alt=\"\" data-id=\"983\" data-link=\"https:\/\/mapadadiversidade.com.br\/itauna\/associacao-escambo-cultural\/0001-4-min\/\" class=\"wp-image-983\" srcset=\"https:\/\/mapadadiversidade.com.br\/itauna\/wp-content\/uploads\/2019\/06\/0001-4-min-724x1024.jpg 724w, https:\/\/mapadadiversidade.com.br\/itauna\/wp-content\/uploads\/2019\/06\/0001-4-min-212x300.jpg 212w, https:\/\/mapadadiversidade.com.br\/itauna\/wp-content\/uploads\/2019\/06\/0001-4-min-768x1086.jpg 768w\" sizes=\"auto, (max-width: 724px) 100vw, 724px\" \/><\/figure><\/li><li class=\"blocks-gallery-item\"><figure><img loading=\"lazy\" decoding=\"async\" width=\"724\" height=\"1024\" src=\"https:\/\/mapadadiversidade.com.br\/itauna\/wp-content\/uploads\/2019\/06\/0001-6-min-724x1024.jpg\" alt=\"\" data-id=\"984\" data-link=\"https:\/\/mapadadiversidade.com.br\/itauna\/associacao-escambo-cultural\/0001-6-min\/\" class=\"wp-image-984\" srcset=\"https:\/\/mapadadiversidade.com.br\/itauna\/wp-content\/uploads\/2019\/06\/0001-6-min-724x1024.jpg 724w, https:\/\/mapadadiversidade.com.br\/itauna\/wp-content\/uploads\/2019\/06\/0001-6-min-212x300.jpg 212w, https:\/\/mapadadiversidade.com.br\/itauna\/wp-content\/uploads\/2019\/06\/0001-6-min-768x1086.jpg 768w\" sizes=\"auto, (max-width: 724px) 100vw, 724px\" \/><\/figure><\/li><li class=\"blocks-gallery-item\"><figure><img loading=\"lazy\" decoding=\"async\" width=\"724\" height=\"1024\" src=\"https:\/\/mapadadiversidade.com.br\/itauna\/wp-content\/uploads\/2019\/06\/0001-8-min-724x1024.jpg\" alt=\"\" data-id=\"986\" data-link=\"https:\/\/mapadadiversidade.com.br\/itauna\/associacao-escambo-cultural\/0001-8-min\/\" class=\"wp-image-986\" srcset=\"https:\/\/mapadadiversidade.com.br\/itauna\/wp-content\/uploads\/2019\/06\/0001-8-min-724x1024.jpg 724w, https:\/\/mapadadiversidade.com.br\/itauna\/wp-content\/uploads\/2019\/06\/0001-8-min-212x300.jpg 212w, https:\/\/mapadadiversidade.com.br\/itauna\/wp-content\/uploads\/2019\/06\/0001-8-min-768x1086.jpg 768w\" sizes=\"auto, (max-width: 724px) 100vw, 724px\" \/><\/figure><\/li><li class=\"blocks-gallery-item\"><figure><img loading=\"lazy\" decoding=\"async\" width=\"724\" height=\"1024\" src=\"https:\/\/mapadadiversidade.com.br\/itauna\/wp-content\/uploads\/2019\/06\/0001-9-min-724x1024.jpg\" alt=\"\" data-id=\"987\" data-link=\"https:\/\/mapadadiversidade.com.br\/itauna\/associacao-escambo-cultural\/0001-9-min\/\" class=\"wp-image-987\" srcset=\"https:\/\/mapadadiversidade.com.br\/itauna\/wp-content\/uploads\/2019\/06\/0001-9-min-724x1024.jpg 724w, https:\/\/mapadadiversidade.com.br\/itauna\/wp-content\/uploads\/2019\/06\/0001-9-min-212x300.jpg 212w, https:\/\/mapadadiversidade.com.br\/itauna\/wp-content\/uploads\/2019\/06\/0001-9-min-768x1086.jpg 768w\" sizes=\"auto, (max-width: 724px) 100vw, 724px\" \/><\/figure><\/li><li class=\"blocks-gallery-item\"><figure><img loading=\"lazy\" decoding=\"async\" width=\"724\" height=\"1024\" src=\"https:\/\/mapadadiversidade.com.br\/itauna\/wp-content\/uploads\/2019\/06\/0001-12-min-724x1024.jpg\" alt=\"\" data-id=\"990\" data-link=\"https:\/\/mapadadiversidade.com.br\/itauna\/associacao-escambo-cultural\/0001-12-min\/\" class=\"wp-image-990\" srcset=\"https:\/\/mapadadiversidade.com.br\/itauna\/wp-content\/uploads\/2019\/06\/0001-12-min-724x1024.jpg 724w, https:\/\/mapadadiversidade.com.br\/itauna\/wp-content\/uploads\/2019\/06\/0001-12-min-212x300.jpg 212w, https:\/\/mapadadiversidade.com.br\/itauna\/wp-content\/uploads\/2019\/06\/0001-12-min-768x1086.jpg 768w\" sizes=\"auto, (max-width: 724px) 100vw, 724px\" \/><\/figure><\/li><li class=\"blocks-gallery-item\"><figure><img loading=\"lazy\" decoding=\"async\" width=\"724\" height=\"1024\" src=\"https:\/\/mapadadiversidade.com.br\/itauna\/wp-content\/uploads\/2019\/06\/0001-13-min-724x1024.jpg\" alt=\"\" data-id=\"991\" data-link=\"https:\/\/mapadadiversidade.com.br\/itauna\/associacao-escambo-cultural\/0001-13-min\/\" class=\"wp-image-991\" srcset=\"https:\/\/mapadadiversidade.com.br\/itauna\/wp-content\/uploads\/2019\/06\/0001-13-min-724x1024.jpg 724w, https:\/\/mapadadiversidade.com.br\/itauna\/wp-content\/uploads\/2019\/06\/0001-13-min-212x300.jpg 212w, https:\/\/mapadadiversidade.com.br\/itauna\/wp-content\/uploads\/2019\/06\/0001-13-min-768x1086.jpg 768w\" sizes=\"auto, (max-width: 724px) 100vw, 724px\" \/><\/figure><\/li><li class=\"blocks-gallery-item\"><figure><img loading=\"lazy\" decoding=\"async\" width=\"724\" height=\"1024\" src=\"https:\/\/mapadadiversidade.com.br\/itauna\/wp-content\/uploads\/2019\/06\/0002-min-724x1024.jpg\" alt=\"\" data-id=\"993\" data-link=\"https:\/\/mapadadiversidade.com.br\/itauna\/associacao-escambo-cultural\/0002-min\/\" class=\"wp-image-993\" srcset=\"https:\/\/mapadadiversidade.com.br\/itauna\/wp-content\/uploads\/2019\/06\/0002-min-724x1024.jpg 724w, https:\/\/mapadadiversidade.com.br\/itauna\/wp-content\/uploads\/2019\/06\/0002-min-212x300.jpg 212w, https:\/\/mapadadiversidade.com.br\/itauna\/wp-content\/uploads\/2019\/06\/0002-min-768x1086.jpg 768w\" sizes=\"auto, (max-width: 724px) 100vw, 724px\" \/><\/figure><\/li><li class=\"blocks-gallery-item\"><figure><img loading=\"lazy\" decoding=\"async\" width=\"725\" height=\"1024\" src=\"https:\/\/mapadadiversidade.com.br\/itauna\/wp-content\/uploads\/2019\/06\/Cartaz-Kaquim-e-Kadiquim-725x1024.jpg\" alt=\"\" data-id=\"994\" data-link=\"https:\/\/mapadadiversidade.com.br\/itauna\/associacao-escambo-cultural\/cartaz-kaquim-e-kadiquim\/\" class=\"wp-image-994\" srcset=\"https:\/\/mapadadiversidade.com.br\/itauna\/wp-content\/uploads\/2019\/06\/Cartaz-Kaquim-e-Kadiquim-725x1024.jpg 725w, https:\/\/mapadadiversidade.com.br\/itauna\/wp-content\/uploads\/2019\/06\/Cartaz-Kaquim-e-Kadiquim-212x300.jpg 212w, https:\/\/mapadadiversidade.com.br\/itauna\/wp-content\/uploads\/2019\/06\/Cartaz-Kaquim-e-Kadiquim-768x1085.jpg 768w\" sizes=\"auto, (max-width: 725px) 100vw, 725px\" \/><\/figure><\/li><li class=\"blocks-gallery-item\"><figure><img loading=\"lazy\" decoding=\"async\" width=\"724\" height=\"1024\" src=\"https:\/\/mapadadiversidade.com.br\/itauna\/wp-content\/uploads\/2019\/06\/Projeto-Giragirando-Espa\u00e7o-Sindinova-Cartaz-Dia-dos-Namorados-CURVAS-724x1024.jpg\" alt=\"\" data-id=\"995\" data-link=\"https:\/\/mapadadiversidade.com.br\/itauna\/associacao-escambo-cultural\/projeto-giragirando-espaco-sindinova-cartaz-dia-dos-namorados-curvas\/\" class=\"wp-image-995\" srcset=\"https:\/\/mapadadiversidade.com.br\/itauna\/wp-content\/uploads\/2019\/06\/Projeto-Giragirando-Espa\u00e7o-Sindinova-Cartaz-Dia-dos-Namorados-CURVAS-724x1024.jpg 724w, https:\/\/mapadadiversidade.com.br\/itauna\/wp-content\/uploads\/2019\/06\/Projeto-Giragirando-Espa\u00e7o-Sindinova-Cartaz-Dia-dos-Namorados-CURVAS-212x300.jpg 212w, https:\/\/mapadadiversidade.com.br\/itauna\/wp-content\/uploads\/2019\/06\/Projeto-Giragirando-Espa\u00e7o-Sindinova-Cartaz-Dia-dos-Namorados-CURVAS-768x1086.jpg 768w\" sizes=\"auto, (max-width: 724px) 100vw, 724px\" \/><\/figure><\/li><li class=\"blocks-gallery-item\"><figure><img loading=\"lazy\" decoding=\"async\" width=\"724\" height=\"1024\" src=\"https:\/\/mapadadiversidade.com.br\/itauna\/wp-content\/uploads\/2019\/06\/Cartaz-Institucional-Escambo-Nova-Serrana-A3-Em-Curva-724x1024.jpg\" alt=\"\" data-id=\"996\" data-link=\"https:\/\/mapadadiversidade.com.br\/itauna\/associacao-escambo-cultural\/cartaz-institucional-escambo-nova-serrana-a3-em-curva\/\" class=\"wp-image-996\" srcset=\"https:\/\/mapadadiversidade.com.br\/itauna\/wp-content\/uploads\/2019\/06\/Cartaz-Institucional-Escambo-Nova-Serrana-A3-Em-Curva-724x1024.jpg 724w, https:\/\/mapadadiversidade.com.br\/itauna\/wp-content\/uploads\/2019\/06\/Cartaz-Institucional-Escambo-Nova-Serrana-A3-Em-Curva-212x300.jpg 212w, https:\/\/mapadadiversidade.com.br\/itauna\/wp-content\/uploads\/2019\/06\/Cartaz-Institucional-Escambo-Nova-Serrana-A3-Em-Curva-768x1086.jpg 768w\" sizes=\"auto, (max-width: 724px) 100vw, 724px\" \/><\/figure><\/li><li class=\"blocks-gallery-item\"><figure><img loading=\"lazy\" decoding=\"async\" width=\"366\" height=\"1024\" src=\"https:\/\/mapadadiversidade.com.br\/itauna\/wp-content\/uploads\/2019\/06\/Cartaz-Escambo-Cultural-Ita\u00fana-2016-div-net-366x1024.jpg\" alt=\"\" data-id=\"998\" data-link=\"https:\/\/mapadadiversidade.com.br\/itauna\/associacao-escambo-cultural\/cartaz-escambo-cultural-itauna-2016-div-net\/\" class=\"wp-image-998\" srcset=\"https:\/\/mapadadiversidade.com.br\/itauna\/wp-content\/uploads\/2019\/06\/Cartaz-Escambo-Cultural-Ita\u00fana-2016-div-net-366x1024.jpg 366w, https:\/\/mapadadiversidade.com.br\/itauna\/wp-content\/uploads\/2019\/06\/Cartaz-Escambo-Cultural-Ita\u00fana-2016-div-net-107x300.jpg 107w, https:\/\/mapadadiversidade.com.br\/itauna\/wp-content\/uploads\/2019\/06\/Cartaz-Escambo-Cultural-Ita\u00fana-2016-div-net-768x2150.jpg 768w\" sizes=\"auto, (max-width: 366px) 100vw, 366px\" \/><\/figure><\/li><\/ul>\n\n\n\n<figure class=\"wp-block-image\"><img loading=\"lazy\" decoding=\"async\" width=\"1024\" height=\"420\" src=\"https:\/\/mapadadiversidade.com.br\/itauna\/wp-content\/uploads\/2019\/06\/logos-totem-e-assoc-escambo-1024x420.jpg\" alt=\"\" class=\"wp-image-1000\" srcset=\"https:\/\/mapadadiversidade.com.br\/itauna\/wp-content\/uploads\/2019\/06\/logos-totem-e-assoc-escambo-1024x420.jpg 1024w, https:\/\/mapadadiversidade.com.br\/itauna\/wp-content\/uploads\/2019\/06\/logos-totem-e-assoc-escambo-300x123.jpg 300w, https:\/\/mapadadiversidade.com.br\/itauna\/wp-content\/uploads\/2019\/06\/logos-totem-e-assoc-escambo-768x315.jpg 768w, https:\/\/mapadadiversidade.com.br\/itauna\/wp-content\/uploads\/2019\/06\/logos-totem-e-assoc-escambo.jpg 1210w\" sizes=\"auto, (max-width: 1024px) 100vw, 1024px\" \/><\/figure>\n","protected":false},"excerpt":{"rendered":"<p>A Associa\u00e7\u00e3o Escambo Cultural, foi fundada em maio de 2010 que tem por objetivo, basicamente a realiza\u00e7\u00e3o de a\u00e7\u00f5es em prol do resgate, valoriza\u00e7\u00e3o, incentivo, reconhecimento, fomento, divulga\u00e7\u00e3o, viabiliza\u00e7\u00e3o e desenvolvimento das manifesta\u00e7\u00f5es culturais em seus mais diversos segmentos; promove e viabiliza o resgate de bens culturais tang\u00edveis e intang\u00edveis atrav\u00e9s de pesquisa, documenta\u00e7\u00e3o, diagn\u00f3stico e a\u00e7\u00f5es de manuten\u00e7\u00e3o das atividades.<\/p>\n","protected":false},"author":4,"featured_media":1002,"comment_status":"open","ping_status":"open","sticky":false,"template":"","format":"standard","meta":{"footnotes":""},"categories":[1,4],"tags":[26,111,155,32,11,61],"class_list":["post-420","post","type-post","status-publish","format-standard","has-post-thumbnail","hentry","category-itauna","category-produtor-ou-gestor-cultural","tag-arte","tag-cultura-de-itauna","tag-eventos-culturais","tag-itauna","tag-musica","tag-teatro","item-wrap"],"_links":{"self":[{"href":"https:\/\/mapadadiversidade.com.br\/itauna\/wp-json\/wp\/v2\/posts\/420","targetHints":{"allow":["GET"]}}],"collection":[{"href":"https:\/\/mapadadiversidade.com.br\/itauna\/wp-json\/wp\/v2\/posts"}],"about":[{"href":"https:\/\/mapadadiversidade.com.br\/itauna\/wp-json\/wp\/v2\/types\/post"}],"author":[{"embeddable":true,"href":"https:\/\/mapadadiversidade.com.br\/itauna\/wp-json\/wp\/v2\/users\/4"}],"replies":[{"embeddable":true,"href":"https:\/\/mapadadiversidade.com.br\/itauna\/wp-json\/wp\/v2\/comments?post=420"}],"version-history":[{"count":9,"href":"https:\/\/mapadadiversidade.com.br\/itauna\/wp-json\/wp\/v2\/posts\/420\/revisions"}],"predecessor-version":[{"id":1014,"href":"https:\/\/mapadadiversidade.com.br\/itauna\/wp-json\/wp\/v2\/posts\/420\/revisions\/1014"}],"wp:featuredmedia":[{"embeddable":true,"href":"https:\/\/mapadadiversidade.com.br\/itauna\/wp-json\/wp\/v2\/media\/1002"}],"wp:attachment":[{"href":"https:\/\/mapadadiversidade.com.br\/itauna\/wp-json\/wp\/v2\/media?parent=420"}],"wp:term":[{"taxonomy":"category","embeddable":true,"href":"https:\/\/mapadadiversidade.com.br\/itauna\/wp-json\/wp\/v2\/categories?post=420"},{"taxonomy":"post_tag","embeddable":true,"href":"https:\/\/mapadadiversidade.com.br\/itauna\/wp-json\/wp\/v2\/tags?post=420"}],"curies":[{"name":"wp","href":"https:\/\/api.w.org\/{rel}","templated":true}]}}