{"id":494,"date":"2019-06-06T19:48:02","date_gmt":"2019-06-06T22:48:02","guid":{"rendered":"https:\/\/mapadadiversidade.com.br\/itauna\/?p=494"},"modified":"2019-06-09T11:42:26","modified_gmt":"2019-06-09T14:42:26","slug":"casa-dos-engenheiros-da-rffsa","status":"publish","type":"post","link":"https:\/\/mapadadiversidade.com.br\/itauna\/casa-dos-engenheiros-da-rffsa\/","title":{"rendered":"Casa dos Engenheiros da RFFSA"},"content":{"rendered":"\n<p>Mem\u00f3ria Patrim\u00f4nio e hist\u00f3ria local<\/p>\n\n\n\n<p><strong>Hist\u00f3rico: <\/strong>&#8220;A hist\u00f3ria da Casa dos Engenheiros da RFFSA est\u00e1 ligada ao plano de expans\u00e3o da Ferrovia. Sua constru\u00e7\u00e3o data de 1917. Sob a responsabilidade do Dr. Abrah\u00e3o Leite, a casa foi constru\u00edda para servir como resid\u00eancia dos Agentes de Esta\u00e7\u00e3o e Engenheiros da Rede Ferrovi\u00e1ria. Dr. Abrah\u00e3o Leite foi o primeiro Engenheiro a residir na casa, sendo seguido por outros engenheiros que trabalharam no processo de expans\u00e3o da malha ferrovi\u00e1ria na regi\u00e3o. <\/p>\n\n\n\n<p>Sua arquitetura segue uma linha atualizada e elaborada para a \u00e9poca, refletindo o positivismo e a modernidade o movimento ecl\u00e9tico, que se difundira, tamb\u00e9m, pelo interior de Minas Gerais. Chamam aten\u00e7\u00e3o os recuos frontais, posterior e laterais. Constru\u00edda em alvenaria de tijolos, com reboco de argamassa em estilo ecl\u00e9tico e com tra\u00e7os evidentes da renascen\u00e7a francesa e italiana, onde se destaca a simetria e o alpendre central, ladeado por dois volumes encimados com front\u00e3o reto e beiral com fechamento de madeira. <br>\nO conjunto \u00e9 completado pela bela escada frontal de acesso duplo e central, decorado com guarda-corpo de ferro onde destacam o bel\u00edssimo acabamento feito em grade de ferro e corrim\u00e3o em madeira. Ainda comp\u00f5e \u00e0 sua frente o muro que traz em destaque a entrada com um port\u00e3o de ferro ao centro, trabalhado e ladeado por dois pilaretes. <\/p>\n\n\n\n<p>O casario ainda \u00e9 ladeado por jardins e possui uma garagem \u00e0 frente com terra\u00e7o superior, \u00e1rea de lazer ao fundo com churrasqueira, piscina e deck \u2013 prov\u00e1vel constru\u00e7\u00e3o posterior \u2013 e um barrac\u00e3o para servi\u00e7os gerais. Com a desativa\u00e7\u00e3o da Esta\u00e7\u00e3o Ferrovi\u00e1ria, a casa que estava ocupado por um funcion\u00e1rio da extinta RFFSA que, mesmo depois de aposentado continua residindo na casa e est\u00e1 com uma a\u00e7\u00e3o de lit\u00edgio com o DNIT, requerendo o usucapi\u00e3o da casa. E enquanto isso n\u00e3o se resolve a casa est\u00e1 em processo de deteriora\u00e7\u00e3o e n\u00e3o vem sendo preservada.&#8221;<\/p>\n\n\n\n<p>Texto retirado do Caderno do Patrim\u00f4nio Cultural de Ita\u00fana: Bens Patrimoniais Tombados e Registrados. Edi\u00e7\u00e3o 01, Ita\u00fana: Codempace, 2017. <\/p>\n\n\n\n<ul class=\"wp-block-gallery columns-2 is-cropped wp-block-gallery-1 is-layout-flex wp-block-gallery-is-layout-flex\"><li class=\"blocks-gallery-item\"><figure><img loading=\"lazy\" decoding=\"async\" width=\"522\" height=\"307\" src=\"https:\/\/mapadadiversidade.com.br\/itauna\/wp-content\/uploads\/2019\/06\/Casar\u00e3o-dos-Engenheiros-1.jpg\" alt=\"\" data-id=\"497\" class=\"wp-image-497\" srcset=\"https:\/\/mapadadiversidade.com.br\/itauna\/wp-content\/uploads\/2019\/06\/Casar\u00e3o-dos-Engenheiros-1.jpg 522w, https:\/\/mapadadiversidade.com.br\/itauna\/wp-content\/uploads\/2019\/06\/Casar\u00e3o-dos-Engenheiros-1-300x176.jpg 300w\" sizes=\"auto, (max-width: 522px) 100vw, 522px\" \/><\/figure><\/li><li class=\"blocks-gallery-item\"><figure><img loading=\"lazy\" decoding=\"async\" width=\"257\" height=\"196\" src=\"https:\/\/mapadadiversidade.com.br\/itauna\/wp-content\/uploads\/2019\/06\/Casar\u00e3o-dos-Engenheiros-2-1.jpg\" alt=\"\" data-id=\"498\" data-link=\"https:\/\/mapadadiversidade.com.br\/itauna\/?attachment_id=498\" class=\"wp-image-498\"\/><\/figure><\/li><\/ul>\n","protected":false},"excerpt":{"rendered":"<p>Casar\u00e3o antigo dos Engenheiros da RFFSA, atualmente ocupada por um antigo funcion\u00e1rio da empresa.<\/p>\n","protected":false},"author":6,"featured_media":497,"comment_status":"open","ping_status":"open","sticky":false,"template":"","format":"standard","meta":{"footnotes":""},"categories":[1,48],"tags":[104,18,103,101,102],"class_list":["post-494","post","type-post","status-publish","format-standard","has-post-thumbnail","hentry","category-itauna","category-memoria-patrimonio-e-historia-local","tag-arquitetura","tag-cultura","tag-historia-de-itauna","tag-patrimonio-cultural","tag-patrimonio-historico","item-wrap"],"_links":{"self":[{"href":"https:\/\/mapadadiversidade.com.br\/itauna\/wp-json\/wp\/v2\/posts\/494","targetHints":{"allow":["GET"]}}],"collection":[{"href":"https:\/\/mapadadiversidade.com.br\/itauna\/wp-json\/wp\/v2\/posts"}],"about":[{"href":"https:\/\/mapadadiversidade.com.br\/itauna\/wp-json\/wp\/v2\/types\/post"}],"author":[{"embeddable":true,"href":"https:\/\/mapadadiversidade.com.br\/itauna\/wp-json\/wp\/v2\/users\/6"}],"replies":[{"embeddable":true,"href":"https:\/\/mapadadiversidade.com.br\/itauna\/wp-json\/wp\/v2\/comments?post=494"}],"version-history":[{"count":5,"href":"https:\/\/mapadadiversidade.com.br\/itauna\/wp-json\/wp\/v2\/posts\/494\/revisions"}],"predecessor-version":[{"id":854,"href":"https:\/\/mapadadiversidade.com.br\/itauna\/wp-json\/wp\/v2\/posts\/494\/revisions\/854"}],"wp:featuredmedia":[{"embeddable":true,"href":"https:\/\/mapadadiversidade.com.br\/itauna\/wp-json\/wp\/v2\/media\/497"}],"wp:attachment":[{"href":"https:\/\/mapadadiversidade.com.br\/itauna\/wp-json\/wp\/v2\/media?parent=494"}],"wp:term":[{"taxonomy":"category","embeddable":true,"href":"https:\/\/mapadadiversidade.com.br\/itauna\/wp-json\/wp\/v2\/categories?post=494"},{"taxonomy":"post_tag","embeddable":true,"href":"https:\/\/mapadadiversidade.com.br\/itauna\/wp-json\/wp\/v2\/tags?post=494"}],"curies":[{"name":"wp","href":"https:\/\/api.w.org\/{rel}","templated":true}]}}