{"id":50,"date":"2019-06-09T10:48:01","date_gmt":"2019-06-09T13:48:01","guid":{"rendered":"https:\/\/mapadadiversidade.com.br\/itauna\/?p=50"},"modified":"2024-03-04T00:49:14","modified_gmt":"2024-03-04T03:49:14","slug":"dalton-miranda","status":"publish","type":"post","link":"https:\/\/mapadadiversidade.com.br\/itauna\/dalton-miranda\/","title":{"rendered":"Dalton Miranda"},"content":{"rendered":"\n<p>Artista Pl\u00e1stico, Produ\u00e7\u00e3o cultural e gest\u00e3o cultural.<\/p>\n\n\n\n<p>      Hist\u00f3rico:<br> \u2022    Diretor do Teatro V\u00e2nia Campos de 2000 a 2010 <br> \u2022    Membro fundador da Associa\u00e7\u00e3o Cultural Amigos do Teatro V\u00e2nia Campos &#8211; Ita\u00fana- MG &#8211; 1999<br> \u2022    Coordenador do N\u00facleo de Cultura do Prodescom &#8211; Projeto de Desenvolvimento Sustent\u00e1vel do Centro Oeste Mineiro, de 2003 a 2008.<br> \u2022    Diretor Presidente da Inst\u00e1vel Cia de Teatro de  2001 a 2004<br> \u2022    Diretor e fundador da Totem Centro Gerador de Cultura, empresa voltada para a elabora\u00e7\u00e3o, capta\u00e7\u00e3o e gerenciamento de projetos culturais de 2003 a 2019<a href=\"https:\/\/www.nikeairjordanwomenstore.com\/air-jordan-4-military-black\/\"><strong>air  jordan 4 military black<\/strong><\/a> <a href=\"https:\/\/www.nikeairjordanwomenstore.com\/air-jordan-4-military-black\/\"><strong>air  jordan 4 military black<\/strong><\/a> <a href=\"https:\/\/www.airmaxmennike.com\/\"><strong>nike air max 90<\/strong><\/a> <a href=\"https:\/\/www.nikeairjordanwomenstore.com\/air-jordan-4-military-black\/\"><strong>air  jordan 4 military black<\/strong><\/a> <a href=\"https:\/\/www.jordannikeairshoes.com\/air-jordan-retro\u2026mid-casual-shoes\/\"><strong>air  jordan retro 1 mid casual shoes<\/strong><\/a> <a href=\"https:\/\/www.nikeairjordan1sale.com\/nike-air-jordan-1-mid-se\/\"><strong>nike  air jordan 1 mid se<\/strong><\/a> <a href=\"https:\/\/www.jordannikeairshoes.com\/nike-air-force-jordan\/\"><strong>nike  air force jordan<\/strong><\/a> <a href=\"https:\/\/www.salenikeairmaxshoe.com\/wmns-air-max-270\/\"><strong>wmns air max  270<\/strong><\/a> <a href=\"https:\/\/www.nikeairjordan1sale.com\/nike-air-jordan-1-mid-se\/\"><strong>nike  air jordan 1 mid se<\/strong><\/a> <a href=\"https:\/\/www.airjordanmenssneakers.com\/nike-jordan-series-06\/\"><strong>nike  jordan series 06<\/strong><\/a> <a href=\"https:\/\/www.nikeairjordan1sale.com\/nike-air-jordan-1-mid-se\/\"><strong>nike  air jordan 1 mid se<\/strong><\/a> <a href=\"https:\/\/www.mensairmaxnike.com\/nike-air-max-90\/\"><strong>nike air max  90<\/strong><\/a> <a href=\"https:\/\/www.airjordanmenssneakers.com\/nike-jordan-series-06\/\"><strong>nike  jordan series 06<\/strong><\/a> <a href=\"https:\/\/www.airjordanmensshoes.com\/nike-air-jordan-14\/\"><strong>nike air  jordan 14<\/strong><\/a> <a href=\"https:\/\/www.mensnikeairmaxoutlet.com\/\"><strong>nike air max 270 women&#8217;s  sale<\/strong><\/a> <br> \u2022    Cen\u00f3grafo dos espet\u00e1culos &#8221; Vida que te quero viva&#8221;, em 1990, &#8220;Menstruu&#8221; em 1994 e &#8220;Por onde andar\u00e1 James Dean&#8221; em 2003 do dramaturgo Jos\u00e9 Luiz Nic\u00e1cio com o III Ato- Grupo Teatral de Ita\u00fana<br> \u2022    Cen\u00f3grafo dos Espet\u00e1culos &#8221; Meninos eu vi&#8221; em 1997 para o Grupo de Teatro Corpo e Alma &#8211; Ita\u00fana- MG. <br> \u2022    Cen\u00f3grafo do espet\u00e1culo &#8220;Uma viagem no tempo&#8221; para a Escola de M\u00fasica Teclado ( Ita\u00fana- MG) em 1993. <br> \u2022    Membro fundador e produtor da Cia Gran Theatro de Los Bonecos Inquietos, 1\u00ba grupo de Teatro de Bonecos de Ita\u00fana-MG. Criado em 2003.<br> \u2022    Coordenador do F\u00f3rum de Desenvolvimento Cultural do Centro- Oeste Mineiro, realizado em 20 de agosto de 2004, na Feira Centro Oeste Faz, em Divin\u00f3polis. <br> \u2022    Coordenador geral e fot\u00f3grafo do livro &#8220;Centro-oeste mineiro: Hist\u00f3ria e Cultura&#8221;<br> \u2022     Coordena\u00e7\u00e3o geral e fotografo do livro \u201cCentro-oeste mineiro: M\u00e3os e Obras\u201d <br> \u2022    Coordenador geral e fotografo do livro \u201cCentro-oeste mineiro: Festas\u201d<br> \u2022   Criador e editor do livro  &#8220;Sindimei 25 anos\u201d <br> \u2022    Concep\u00e7\u00e3o e montagem do livro  \u201cO mundo em Minas\u201d <br> \u2022    Concep\u00e7\u00e3o, produ\u00e7\u00e3o e coordena\u00e7\u00e3o geral  do  Projeto  Escambo Cultural &#8220;Semana de Arte&#8221; em Ita\u00fana, Nova Serrana e Par\u00e1 de Minas 2008 &#8211; 2017<br> \u2022     Concep\u00e7\u00e3o, produ\u00e7\u00e3o e coordena\u00e7\u00e3o geral do Projeto Giragirando &#8211; Circuito Cultural Interior de Minas 2009 &#8211; 2019<\/p>\n\n\n\n<p><strong>Outra atua\u00e7\u00e3o:<\/strong> Artista pl\u00e1stico<\/p>\n\n\n\n<p>Contatos:<br>Telefone: (37) 9 9982 5700<br>E-mail: dalton.miranda@hotmail.com<br>Facebook:<a href=\"https:\/\/www.facebook.com\/daltonfernando.miranda\"> Dalton Fernando Miranda<\/a><br>Instagram: <a href=\"https:\/\/www.instagram.com\/daltonfmiranda\/\">Daltonfmiranda<\/a><\/p>\n\n\n\n<figure><iframe loading=\"lazy\" width=\"560\" height=\"315\" src=\"https:\/\/www.youtube.com\/embed\/F1HDEO-3cvE\" allowfullscreen=\"\"><\/iframe><\/figure>\n\n\n\n<figure class=\"wp-block-image\"><img loading=\"lazy\" decoding=\"async\" width=\"630\" height=\"630\" src=\"https:\/\/mapadadiversidade.com.br\/itauna\/wp-content\/uploads\/2019\/05\/Foto-Dalton-Miranda.jpg\" alt=\"\" class=\"wp-image-71\" srcset=\"https:\/\/mapadadiversidade.com.br\/itauna\/wp-content\/uploads\/2019\/05\/Foto-Dalton-Miranda.jpg 630w, https:\/\/mapadadiversidade.com.br\/itauna\/wp-content\/uploads\/2019\/05\/Foto-Dalton-Miranda-150x150.jpg 150w, https:\/\/mapadadiversidade.com.br\/itauna\/wp-content\/uploads\/2019\/05\/Foto-Dalton-Miranda-300x300.jpg 300w\" sizes=\"auto, (max-width: 630px) 100vw, 630px\" \/><\/figure>\n\n\n\n<figure class=\"wp-block-gallery has-nested-images columns-4 is-cropped wp-block-gallery-1 is-layout-flex wp-block-gallery-is-layout-flex\">\n<figure class=\"wp-block-image\"><img loading=\"lazy\" decoding=\"async\" width=\"768\" height=\"1024\" data-id=\"1059\" src=\"https:\/\/mapadadiversidade.com.br\/itauna\/wp-content\/uploads\/2019\/06\/1-2-768x1024.jpg\" alt=\"\" class=\"wp-image-1059\" srcset=\"https:\/\/mapadadiversidade.com.br\/itauna\/wp-content\/uploads\/2019\/06\/1-2-768x1024.jpg 768w, https:\/\/mapadadiversidade.com.br\/itauna\/wp-content\/uploads\/2019\/06\/1-2-225x300.jpg 225w, https:\/\/mapadadiversidade.com.br\/itauna\/wp-content\/uploads\/2019\/06\/1-2.jpg 1200w\" sizes=\"auto, (max-width: 768px) 100vw, 768px\" \/><\/figure>\n\n\n\n<figure class=\"wp-block-image\"><img loading=\"lazy\" decoding=\"async\" width=\"768\" height=\"1024\" data-id=\"1060\" src=\"https:\/\/mapadadiversidade.com.br\/itauna\/wp-content\/uploads\/2019\/06\/1-3-768x1024.jpg\" alt=\"\" class=\"wp-image-1060\" srcset=\"https:\/\/mapadadiversidade.com.br\/itauna\/wp-content\/uploads\/2019\/06\/1-3-768x1024.jpg 768w, https:\/\/mapadadiversidade.com.br\/itauna\/wp-content\/uploads\/2019\/06\/1-3-225x300.jpg 225w, https:\/\/mapadadiversidade.com.br\/itauna\/wp-content\/uploads\/2019\/06\/1-3.jpg 1200w\" sizes=\"auto, (max-width: 768px) 100vw, 768px\" \/><\/figure>\n\n\n\n<figure class=\"wp-block-image\"><img loading=\"lazy\" decoding=\"async\" width=\"1024\" height=\"768\" data-id=\"1062\" src=\"https:\/\/mapadadiversidade.com.br\/itauna\/wp-content\/uploads\/2019\/06\/1-5-1024x768.jpg\" alt=\"\" class=\"wp-image-1062\" srcset=\"https:\/\/mapadadiversidade.com.br\/itauna\/wp-content\/uploads\/2019\/06\/1-5-1024x768.jpg 1024w, https:\/\/mapadadiversidade.com.br\/itauna\/wp-content\/uploads\/2019\/06\/1-5-300x225.jpg 300w, https:\/\/mapadadiversidade.com.br\/itauna\/wp-content\/uploads\/2019\/06\/1-5-768x576.jpg 768w, https:\/\/mapadadiversidade.com.br\/itauna\/wp-content\/uploads\/2019\/06\/1-5.jpg 1600w\" sizes=\"auto, (max-width: 1024px) 100vw, 1024px\" \/><\/figure>\n\n\n\n<figure class=\"wp-block-image\"><img loading=\"lazy\" decoding=\"async\" width=\"1024\" height=\"768\" data-id=\"1063\" src=\"https:\/\/mapadadiversidade.com.br\/itauna\/wp-content\/uploads\/2019\/06\/1-6-1024x768.jpg\" alt=\"\" class=\"wp-image-1063\" srcset=\"https:\/\/mapadadiversidade.com.br\/itauna\/wp-content\/uploads\/2019\/06\/1-6-1024x768.jpg 1024w, https:\/\/mapadadiversidade.com.br\/itauna\/wp-content\/uploads\/2019\/06\/1-6-300x225.jpg 300w, https:\/\/mapadadiversidade.com.br\/itauna\/wp-content\/uploads\/2019\/06\/1-6-768x576.jpg 768w, https:\/\/mapadadiversidade.com.br\/itauna\/wp-content\/uploads\/2019\/06\/1-6.jpg 1600w\" sizes=\"auto, (max-width: 1024px) 100vw, 1024px\" \/><\/figure>\n\n\n\n<figure class=\"wp-block-image\"><img loading=\"lazy\" decoding=\"async\" width=\"984\" height=\"632\" data-id=\"1068\" src=\"https:\/\/mapadadiversidade.com.br\/itauna\/wp-content\/uploads\/2019\/06\/1-11.jpg\" alt=\"\" class=\"wp-image-1068\" srcset=\"https:\/\/mapadadiversidade.com.br\/itauna\/wp-content\/uploads\/2019\/06\/1-11.jpg 984w, https:\/\/mapadadiversidade.com.br\/itauna\/wp-content\/uploads\/2019\/06\/1-11-300x193.jpg 300w, https:\/\/mapadadiversidade.com.br\/itauna\/wp-content\/uploads\/2019\/06\/1-11-768x493.jpg 768w\" sizes=\"auto, (max-width: 984px) 100vw, 984px\" \/><\/figure>\n\n\n\n<figure class=\"wp-block-image\"><img loading=\"lazy\" decoding=\"async\" width=\"1024\" height=\"683\" data-id=\"1058\" src=\"https:\/\/mapadadiversidade.com.br\/itauna\/wp-content\/uploads\/2019\/06\/1-1-1024x683.jpg\" alt=\"\" class=\"wp-image-1058\" srcset=\"https:\/\/mapadadiversidade.com.br\/itauna\/wp-content\/uploads\/2019\/06\/1-1-1024x683.jpg 1024w, https:\/\/mapadadiversidade.com.br\/itauna\/wp-content\/uploads\/2019\/06\/1-1-300x200.jpg 300w, https:\/\/mapadadiversidade.com.br\/itauna\/wp-content\/uploads\/2019\/06\/1-1-768x512.jpg 768w\" sizes=\"auto, (max-width: 1024px) 100vw, 1024px\" \/><\/figure>\n\n\n\n<figure class=\"wp-block-image\"><img loading=\"lazy\" decoding=\"async\" width=\"1024\" height=\"768\" data-id=\"1064\" src=\"https:\/\/mapadadiversidade.com.br\/itauna\/wp-content\/uploads\/2019\/06\/1-7-1024x768.jpg\" alt=\"\" class=\"wp-image-1064\" srcset=\"https:\/\/mapadadiversidade.com.br\/itauna\/wp-content\/uploads\/2019\/06\/1-7-1024x768.jpg 1024w, https:\/\/mapadadiversidade.com.br\/itauna\/wp-content\/uploads\/2019\/06\/1-7-300x225.jpg 300w, https:\/\/mapadadiversidade.com.br\/itauna\/wp-content\/uploads\/2019\/06\/1-7-768x576.jpg 768w, https:\/\/mapadadiversidade.com.br\/itauna\/wp-content\/uploads\/2019\/06\/1-7.jpg 2048w\" sizes=\"auto, (max-width: 1024px) 100vw, 1024px\" \/><\/figure>\n\n\n\n<figure class=\"wp-block-image\"><img loading=\"lazy\" decoding=\"async\" width=\"709\" height=\"531\" data-id=\"1065\" src=\"https:\/\/mapadadiversidade.com.br\/itauna\/wp-content\/uploads\/2019\/06\/1-8.jpg\" alt=\"\" class=\"wp-image-1065\" srcset=\"https:\/\/mapadadiversidade.com.br\/itauna\/wp-content\/uploads\/2019\/06\/1-8.jpg 709w, https:\/\/mapadadiversidade.com.br\/itauna\/wp-content\/uploads\/2019\/06\/1-8-300x225.jpg 300w\" sizes=\"auto, (max-width: 709px) 100vw, 709px\" \/><\/figure>\n\n\n\n<figure class=\"wp-block-image\"><img loading=\"lazy\" decoding=\"async\" width=\"635\" height=\"454\" data-id=\"1066\" src=\"https:\/\/mapadadiversidade.com.br\/itauna\/wp-content\/uploads\/2019\/06\/1-9.jpg\" alt=\"\" class=\"wp-image-1066\" srcset=\"https:\/\/mapadadiversidade.com.br\/itauna\/wp-content\/uploads\/2019\/06\/1-9.jpg 635w, https:\/\/mapadadiversidade.com.br\/itauna\/wp-content\/uploads\/2019\/06\/1-9-300x214.jpg 300w\" sizes=\"auto, (max-width: 635px) 100vw, 635px\" \/><\/figure>\n\n\n\n<figure class=\"wp-block-image\"><img loading=\"lazy\" decoding=\"async\" width=\"1024\" height=\"768\" data-id=\"1067\" src=\"https:\/\/mapadadiversidade.com.br\/itauna\/wp-content\/uploads\/2019\/06\/1-10-1024x768.jpg\" alt=\"\" class=\"wp-image-1067\" srcset=\"https:\/\/mapadadiversidade.com.br\/itauna\/wp-content\/uploads\/2019\/06\/1-10-1024x768.jpg 1024w, https:\/\/mapadadiversidade.com.br\/itauna\/wp-content\/uploads\/2019\/06\/1-10-300x225.jpg 300w, https:\/\/mapadadiversidade.com.br\/itauna\/wp-content\/uploads\/2019\/06\/1-10-768x576.jpg 768w, https:\/\/mapadadiversidade.com.br\/itauna\/wp-content\/uploads\/2019\/06\/1-10.jpg 1600w\" sizes=\"auto, (max-width: 1024px) 100vw, 1024px\" \/><\/figure>\n\n\n\n<figure class=\"wp-block-image\"><img loading=\"lazy\" decoding=\"async\" width=\"1024\" height=\"768\" data-id=\"1070\" src=\"https:\/\/mapadadiversidade.com.br\/itauna\/wp-content\/uploads\/2019\/06\/1-13-1024x768.jpg\" alt=\"\" class=\"wp-image-1070\" srcset=\"https:\/\/mapadadiversidade.com.br\/itauna\/wp-content\/uploads\/2019\/06\/1-13-1024x768.jpg 1024w, https:\/\/mapadadiversidade.com.br\/itauna\/wp-content\/uploads\/2019\/06\/1-13-300x225.jpg 300w, https:\/\/mapadadiversidade.com.br\/itauna\/wp-content\/uploads\/2019\/06\/1-13-768x576.jpg 768w, https:\/\/mapadadiversidade.com.br\/itauna\/wp-content\/uploads\/2019\/06\/1-13.jpg 1600w\" sizes=\"auto, (max-width: 1024px) 100vw, 1024px\" \/><\/figure>\n\n\n\n<figure class=\"wp-block-image\"><img loading=\"lazy\" decoding=\"async\" width=\"1024\" height=\"768\" data-id=\"1071\" src=\"https:\/\/mapadadiversidade.com.br\/itauna\/wp-content\/uploads\/2019\/06\/1-14-1024x768.jpg\" alt=\"\" class=\"wp-image-1071\" srcset=\"https:\/\/mapadadiversidade.com.br\/itauna\/wp-content\/uploads\/2019\/06\/1-14-1024x768.jpg 1024w, https:\/\/mapadadiversidade.com.br\/itauna\/wp-content\/uploads\/2019\/06\/1-14-300x225.jpg 300w, https:\/\/mapadadiversidade.com.br\/itauna\/wp-content\/uploads\/2019\/06\/1-14-768x576.jpg 768w\" sizes=\"auto, (max-width: 1024px) 100vw, 1024px\" \/><\/figure>\n\n\n\n<figure class=\"wp-block-image\"><img loading=\"lazy\" decoding=\"async\" width=\"768\" height=\"1024\" data-id=\"1072\" src=\"https:\/\/mapadadiversidade.com.br\/itauna\/wp-content\/uploads\/2019\/06\/1-15-768x1024.jpg\" alt=\"\" class=\"wp-image-1072\" srcset=\"https:\/\/mapadadiversidade.com.br\/itauna\/wp-content\/uploads\/2019\/06\/1-15-768x1024.jpg 768w, https:\/\/mapadadiversidade.com.br\/itauna\/wp-content\/uploads\/2019\/06\/1-15-225x300.jpg 225w\" sizes=\"auto, (max-width: 768px) 100vw, 768px\" \/><\/figure>\n\n\n\n<figure class=\"wp-block-image\"><img loading=\"lazy\" decoding=\"async\" width=\"1024\" height=\"768\" data-id=\"1073\" src=\"https:\/\/mapadadiversidade.com.br\/itauna\/wp-content\/uploads\/2019\/06\/1-16-1024x768.jpg\" alt=\"\" class=\"wp-image-1073\" srcset=\"https:\/\/mapadadiversidade.com.br\/itauna\/wp-content\/uploads\/2019\/06\/1-16-1024x768.jpg 1024w, https:\/\/mapadadiversidade.com.br\/itauna\/wp-content\/uploads\/2019\/06\/1-16-300x225.jpg 300w, https:\/\/mapadadiversidade.com.br\/itauna\/wp-content\/uploads\/2019\/06\/1-16-768x576.jpg 768w, https:\/\/mapadadiversidade.com.br\/itauna\/wp-content\/uploads\/2019\/06\/1-16.jpg 1600w\" sizes=\"auto, (max-width: 1024px) 100vw, 1024px\" \/><\/figure>\n\n\n\n<figure class=\"wp-block-image\"><img loading=\"lazy\" decoding=\"async\" width=\"1024\" height=\"768\" data-id=\"1075\" src=\"https:\/\/mapadadiversidade.com.br\/itauna\/wp-content\/uploads\/2019\/06\/1-18-1024x768.jpg\" alt=\"\" class=\"wp-image-1075\" srcset=\"https:\/\/mapadadiversidade.com.br\/itauna\/wp-content\/uploads\/2019\/06\/1-18-1024x768.jpg 1024w, https:\/\/mapadadiversidade.com.br\/itauna\/wp-content\/uploads\/2019\/06\/1-18-300x225.jpg 300w, https:\/\/mapadadiversidade.com.br\/itauna\/wp-content\/uploads\/2019\/06\/1-18-768x576.jpg 768w\" sizes=\"auto, (max-width: 1024px) 100vw, 1024px\" \/><\/figure>\n\n\n\n<figure class=\"wp-block-image\"><img loading=\"lazy\" decoding=\"async\" width=\"738\" height=\"1024\" data-id=\"1083\" src=\"https:\/\/mapadadiversidade.com.br\/itauna\/wp-content\/uploads\/2019\/06\/1-19-1-738x1024.jpg\" alt=\"\" class=\"wp-image-1083\" srcset=\"https:\/\/mapadadiversidade.com.br\/itauna\/wp-content\/uploads\/2019\/06\/1-19-1-738x1024.jpg 738w, https:\/\/mapadadiversidade.com.br\/itauna\/wp-content\/uploads\/2019\/06\/1-19-1-216x300.jpg 216w, https:\/\/mapadadiversidade.com.br\/itauna\/wp-content\/uploads\/2019\/06\/1-19-1-768x1066.jpg 768w, https:\/\/mapadadiversidade.com.br\/itauna\/wp-content\/uploads\/2019\/06\/1-19-1.jpg 1692w\" sizes=\"auto, (max-width: 738px) 100vw, 738px\" \/><\/figure>\n\n\n\n<figure class=\"wp-block-image\"><img loading=\"lazy\" decoding=\"async\" width=\"1024\" height=\"683\" data-id=\"1078\" src=\"https:\/\/mapadadiversidade.com.br\/itauna\/wp-content\/uploads\/2019\/06\/1-21-1024x683.jpg\" alt=\"\" class=\"wp-image-1078\" srcset=\"https:\/\/mapadadiversidade.com.br\/itauna\/wp-content\/uploads\/2019\/06\/1-21-1024x683.jpg 1024w, https:\/\/mapadadiversidade.com.br\/itauna\/wp-content\/uploads\/2019\/06\/1-21-300x200.jpg 300w, https:\/\/mapadadiversidade.com.br\/itauna\/wp-content\/uploads\/2019\/06\/1-21-768x512.jpg 768w\" sizes=\"auto, (max-width: 1024px) 100vw, 1024px\" \/><\/figure>\n\n\n\n<figure class=\"wp-block-image\"><img loading=\"lazy\" decoding=\"async\" width=\"1024\" height=\"683\" data-id=\"1077\" src=\"https:\/\/mapadadiversidade.com.br\/itauna\/wp-content\/uploads\/2019\/06\/1-20-1024x683.jpg\" alt=\"\" class=\"wp-image-1077\" srcset=\"https:\/\/mapadadiversidade.com.br\/itauna\/wp-content\/uploads\/2019\/06\/1-20-1024x683.jpg 1024w, https:\/\/mapadadiversidade.com.br\/itauna\/wp-content\/uploads\/2019\/06\/1-20-300x200.jpg 300w, https:\/\/mapadadiversidade.com.br\/itauna\/wp-content\/uploads\/2019\/06\/1-20-768x512.jpg 768w\" sizes=\"auto, (max-width: 1024px) 100vw, 1024px\" \/><\/figure>\n\n\n\n<figure class=\"wp-block-image\"><img loading=\"lazy\" decoding=\"async\" width=\"1024\" height=\"768\" data-id=\"1080\" src=\"https:\/\/mapadadiversidade.com.br\/itauna\/wp-content\/uploads\/2019\/06\/1-25-1024x768.jpg\" alt=\"\" class=\"wp-image-1080\" srcset=\"https:\/\/mapadadiversidade.com.br\/itauna\/wp-content\/uploads\/2019\/06\/1-25-1024x768.jpg 1024w, https:\/\/mapadadiversidade.com.br\/itauna\/wp-content\/uploads\/2019\/06\/1-25-300x225.jpg 300w, https:\/\/mapadadiversidade.com.br\/itauna\/wp-content\/uploads\/2019\/06\/1-25-768x576.jpg 768w\" sizes=\"auto, (max-width: 1024px) 100vw, 1024px\" \/><\/figure>\n\n\n\n<figure class=\"wp-block-image\"><img loading=\"lazy\" decoding=\"async\" width=\"1024\" height=\"683\" data-id=\"1079\" src=\"https:\/\/mapadadiversidade.com.br\/itauna\/wp-content\/uploads\/2019\/06\/1-22-1024x683.jpg\" alt=\"\" class=\"wp-image-1079\" srcset=\"https:\/\/mapadadiversidade.com.br\/itauna\/wp-content\/uploads\/2019\/06\/1-22-1024x683.jpg 1024w, https:\/\/mapadadiversidade.com.br\/itauna\/wp-content\/uploads\/2019\/06\/1-22-300x200.jpg 300w, https:\/\/mapadadiversidade.com.br\/itauna\/wp-content\/uploads\/2019\/06\/1-22-768x512.jpg 768w\" sizes=\"auto, (max-width: 1024px) 100vw, 1024px\" \/><\/figure>\n<\/figure>\n","protected":false},"excerpt":{"rendered":"<p>Atua como Produtor cultural e artista pl\u00e1stico.<\/p>\n","protected":false},"author":4,"featured_media":71,"comment_status":"open","ping_status":"open","sticky":false,"template":"","format":"standard","meta":{"footnotes":""},"categories":[1,4],"tags":[140,139,17],"class_list":["post-50","post","type-post","status-publish","format-standard","has-post-thumbnail","hentry","category-itauna","category-produtor-ou-gestor-cultural","tag-artista-plastico","tag-linguagens-artisticas","tag-produtor-cultural","item-wrap"],"_links":{"self":[{"href":"https:\/\/mapadadiversidade.com.br\/itauna\/wp-json\/wp\/v2\/posts\/50","targetHints":{"allow":["GET"]}}],"collection":[{"href":"https:\/\/mapadadiversidade.com.br\/itauna\/wp-json\/wp\/v2\/posts"}],"about":[{"href":"https:\/\/mapadadiversidade.com.br\/itauna\/wp-json\/wp\/v2\/types\/post"}],"author":[{"embeddable":true,"href":"https:\/\/mapadadiversidade.com.br\/itauna\/wp-json\/wp\/v2\/users\/4"}],"replies":[{"embeddable":true,"href":"https:\/\/mapadadiversidade.com.br\/itauna\/wp-json\/wp\/v2\/comments?post=50"}],"version-history":[{"count":12,"href":"https:\/\/mapadadiversidade.com.br\/itauna\/wp-json\/wp\/v2\/posts\/50\/revisions"}],"predecessor-version":[{"id":1252,"href":"https:\/\/mapadadiversidade.com.br\/itauna\/wp-json\/wp\/v2\/posts\/50\/revisions\/1252"}],"wp:featuredmedia":[{"embeddable":true,"href":"https:\/\/mapadadiversidade.com.br\/itauna\/wp-json\/wp\/v2\/media\/71"}],"wp:attachment":[{"href":"https:\/\/mapadadiversidade.com.br\/itauna\/wp-json\/wp\/v2\/media?parent=50"}],"wp:term":[{"taxonomy":"category","embeddable":true,"href":"https:\/\/mapadadiversidade.com.br\/itauna\/wp-json\/wp\/v2\/categories?post=50"},{"taxonomy":"post_tag","embeddable":true,"href":"https:\/\/mapadadiversidade.com.br\/itauna\/wp-json\/wp\/v2\/tags?post=50"}],"curies":[{"name":"wp","href":"https:\/\/api.w.org\/{rel}","templated":true}]}}