{"id":500,"date":"2019-06-06T19:54:12","date_gmt":"2019-06-06T22:54:12","guid":{"rendered":"https:\/\/mapadadiversidade.com.br\/itauna\/?p=500"},"modified":"2019-06-09T12:18:42","modified_gmt":"2019-06-09T15:18:42","slug":"casarao-do-dr-augusto-goncalves","status":"publish","type":"post","link":"https:\/\/mapadadiversidade.com.br\/itauna\/casarao-do-dr-augusto-goncalves\/","title":{"rendered":"Casar\u00e3o do Dr. Augusto Gon\u00e7alves"},"content":{"rendered":"\n<p>Mem\u00f3ria Patrim\u00f4nio e Hist\u00f3ria local<\/p>\n\n\n\n<p><strong>Hist\u00f3rico: <\/strong>&#8220;O Casar\u00e3o do Dr. Augusto Gon\u00e7alves est\u00e1 localizado \u00e0 Rua Jo\u00e3o de Cerqueira Lima, n\u00ba 123. Sua constru\u00e7\u00e3o data do in\u00edcio do s\u00e9culo XX e foi realizada para ser resid\u00eancia da fam\u00edlia do Dr. Augusto de Souza Moreira, que ali residiu at\u00e9 o dia de sua morte, ocorrida no dia 20 de maio de 1924. <\/p>\n\n\n\n<p>Ap\u00f3s esta data o bem foi entregue \u00e0 vi\u00fava e filhos de Dr. Augusto, D. Maria Augusta de Souza que permaneceu residindo o Casar\u00e3o at\u00e9 o ano de 1949. Ano em que D. Maria Augusta de Souza vendeu o casar\u00e3o para a Cia Industrial Itaunense, pelo valor de Cr$ 250.000,00 (Duzentos e cinquenta mil cruzeiros). D. Maria Augusta de Souza e seus filhos mudaram em definitivo para Belo Horizonte.<\/p>\n\n\n\n<p>A escritura de compra e venda do im\u00f3vel, registrado no Cart\u00f3rio de Registro de Im\u00f3veis da Comarca de Ita\u00fana, assim descreve o bem:<br>\n\u201cum pr\u00e9dio de n\u00ba 123, com quatorze c\u00f4modos assoalhados, forrados na parte superior, com por\u00e3o habit\u00e1vel, com tr\u00eas janelas e uma porta na frente, com instala\u00e7\u00f5es hidr\u00e1ulicas e el\u00e9tricas.\u201d (Cart\u00f3rio de Registro de Im\u00f3veis da Comarca de Ita\u00fana, Livro 2DK, f. 147, matr. 24.347, 01\/04\/1992)<\/p>\n\n\n\n<p>Ap\u00f3s a compra, pela Cia Industrial Itaunense, o Casar\u00e3o passou a ser utilizado pela empresa como escrit\u00f3rio da Diretoria at\u00e9 a d\u00e9cada de 1950. Na d\u00e9cada de 1950, o por\u00e3o habit\u00e1vel passou por adapta\u00e7\u00e3o para receber o escrit\u00f3rio da Cia Industrial, enquanto que a casa principal passou a ser ocupado como sede da nova instala\u00e7\u00e3o do Servi\u00e7o Social da Ind\u00fastria &#8211; SESI de Ita\u00fana. Outra parte do por\u00e3o recebeu tamb\u00e9m, com as devidas adapta\u00e7\u00f5es, o Laborat\u00f3rio de An\u00e1lise Cl\u00ednicas sobre a dire\u00e7\u00e3o do Dr. Jos\u00e9 de Campos. <\/p>\n\n\n\n<p>Na d\u00e9cada de 1970, o escrit\u00f3rio da Cia Industrial Itaunense foi transferido para outro pr\u00e9dio, ficando no casar\u00e3o apenas o escrit\u00f3rio do Superintendente da Cia, Dr. Guaracy de Castro Nogueira, e o restante do casar\u00e3o recebeu amplia\u00e7\u00e3o dos servi\u00e7os odontol\u00f3gicos e de oficinas de costura e artes do SESI de Ita\u00fana. Para efetivar esta amplia\u00e7\u00e3o das atividades do SESI, foram feitas mudan\u00e7as s\u00e9rias em sua estrutura interna, com remo\u00e7\u00e3o e constru\u00e7\u00e3o de paredes. Nesta reforma da d\u00e9cada de 1970 o Casar\u00e3o perdeu a sua c\u00fapula de metal (bronze, cobre, ou outro material), denominada de \u201ctorrinha\u201d que foi removida por ordem do Dr. Guaracy alegando ser o lugar como \u201co maior dep\u00f3sito de morcegos da cidade\u201d e que comprometia a sa\u00fade dos frequentadores do Casar\u00e3o. O que foi feito desta \u201ctorrinha\u201d n\u00e3o se sabe.<\/p>\n\n\n\n<p>Al\u00e9m das atividades do SESI o casar\u00e3o recebeu tamb\u00e9m uma tipografia onde se produzia os n\u00fameros do jornal da empresa \u201cVoz Oper\u00e1ria\u201d, criado na d\u00e9cada de 1970. Este jornal teve que mudar de nome por instru\u00e7\u00e3o do DOPS (Departamento de Opera\u00e7\u00e3o de Pol\u00edtica Social) que alegou ser o nome do jornal \u201cVoz Oper\u00e1ria\u201d o nome de um jornal Comunista. Este jornal ent\u00e3o teve o nome alterado para \u201cAvante\u201d. Mais tarde, na d\u00e9cada de 1980 este jornal \u201cAvante\u201d recebe outro nome, adora de \u201cO Itaunense\u201d. Na D\u00e9cada de 1980 o SESI foi transferido para novas instala\u00e7\u00f5es e o Casar\u00e3o voltou a ser ocupado pelo escrit\u00f3rio da Cia Industrial Itaunense, at\u00e9 a d\u00e9cada de 1990 quando a Cia entrou com pedido de fal\u00eancia, passando a pertencer a \u201cmassa falida\u201d, e vendida para pagamento das despesas com fornecedores e credores da Cia. Considerando os elementos arquitet\u00f4nicos, o Casar\u00e3o do Dr. Augusto, como \u00e9 chamado at\u00e9 hoje, \u00e9 representante do ecletismo t\u00edpico do in\u00edcio do s\u00e9culo XX. Mesmo depois de tantas interfer\u00eancias o casar\u00e3o manteve tra\u00e7os significativos deste estilo, como por exemplo, a rica volumetria da fachada frontal com volumes e alturas diferenciada que d\u00e1 destaque \u00e0 \u00e1rea social em rela\u00e7\u00e3o a \u00e1rea privativa do im\u00f3vel. Al\u00e9m disso a resid\u00eancia manteve os ricos acabamentos de alvenaria com gradeado em ferro e pilaretes. Sob o peitoral das janelas destacam-se os medalh\u00f5es aplicados em argamassa com temas fitomorfos, e ornamentos em baixo relevo em formas geom\u00e9tricas.<\/p>\n\n\n\n<p>Na parte frontal merece destaque o alpendre acessado por uma escadaria central, constitu\u00eddo de uma passarela em piso de ladrilho hidr\u00e1ulico, circuncidado com um gradil de ferro trabalhado e bala\u00fastres. O port\u00e3o de acesso \u00e0 casa possui desenho decorativo inscrito na folha de grade. A escadaria de acesso \u00e9 ladeado de grades no guarda-corpo com acabamento de madeira como corrim\u00e3o conectado no guarda-corpo do alpendre. A cobertura do alpendre apresenta decora\u00e7\u00e3o em madeira denominada de lambrequins que comp\u00f5e com a m\u00e3o francesa de ferro elemento decorativo harm\u00f4nico t\u00edpico do ecletismo do in\u00edcio do s\u00e9culo XX. <\/p>\n\n\n\n<p>Pela import\u00e2ncia hist\u00f3rica desta casa para a vida da sociedade itaunense e pela riqueza dos elementos arquitet\u00f4nicos nela expressa, o Casar\u00e3o do Dr. Augusto foi Tombado pelo munic\u00edpio no dia 05 de setembro de 2000.<\/p>\n\n\n\n<p>No ano de 2014, o Codempace autorizou o novo propriet\u00e1rio a fazer interven\u00e7\u00e3o no pr\u00e9dio. Esta interven\u00e7\u00e3o acabou por modificar algumas caracter\u00edsticas do ecletismo, embora boa parte ainda permaneceu e, por isso, o casar\u00e3o continua a representar simbolicamente o estilo ecl\u00e9tico da arquitetura do munic\u00edpio.&#8221;<\/p>\n\n\n\n<p>Texto retirado do Caderno do Patrim\u00f4nio Cultural de Ita\u00fana: Bens Patrimoniais Tombados e Registrados. Edi\u00e7\u00e3o 01, Ita\u00fana: Codempace, 2017. <\/p>\n\n\n\n<figure class=\"wp-block-image\"><img loading=\"lazy\" decoding=\"async\" width=\"283\" height=\"417\" src=\"https:\/\/mapadadiversidade.com.br\/itauna\/wp-content\/uploads\/2019\/06\/image.png\" alt=\"\" class=\"wp-image-501\" srcset=\"https:\/\/mapadadiversidade.com.br\/itauna\/wp-content\/uploads\/2019\/06\/image.png 283w, https:\/\/mapadadiversidade.com.br\/itauna\/wp-content\/uploads\/2019\/06\/image-204x300.png 204w\" sizes=\"auto, (max-width: 283px) 100vw, 283px\" \/><\/figure>\n","protected":false},"excerpt":{"rendered":"<p>Antigo casar\u00e3o, atualmente propriedade privada.<\/p>\n","protected":false},"author":6,"featured_media":0,"comment_status":"open","ping_status":"open","sticky":false,"template":"","format":"standard","meta":{"footnotes":""},"categories":[1,48],"tags":[104,103,108,105,106],"class_list":["post-500","post","type-post","status-publish","format-standard","hentry","category-itauna","category-memoria-patrimonio-e-historia-local","tag-arquitetura","tag-historia-de-itauna","tag-historia-local","tag-memoria","tag-patrimonio","item-wrap"],"_links":{"self":[{"href":"https:\/\/mapadadiversidade.com.br\/itauna\/wp-json\/wp\/v2\/posts\/500","targetHints":{"allow":["GET"]}}],"collection":[{"href":"https:\/\/mapadadiversidade.com.br\/itauna\/wp-json\/wp\/v2\/posts"}],"about":[{"href":"https:\/\/mapadadiversidade.com.br\/itauna\/wp-json\/wp\/v2\/types\/post"}],"author":[{"embeddable":true,"href":"https:\/\/mapadadiversidade.com.br\/itauna\/wp-json\/wp\/v2\/users\/6"}],"replies":[{"embeddable":true,"href":"https:\/\/mapadadiversidade.com.br\/itauna\/wp-json\/wp\/v2\/comments?post=500"}],"version-history":[{"count":5,"href":"https:\/\/mapadadiversidade.com.br\/itauna\/wp-json\/wp\/v2\/posts\/500\/revisions"}],"predecessor-version":[{"id":903,"href":"https:\/\/mapadadiversidade.com.br\/itauna\/wp-json\/wp\/v2\/posts\/500\/revisions\/903"}],"wp:attachment":[{"href":"https:\/\/mapadadiversidade.com.br\/itauna\/wp-json\/wp\/v2\/media?parent=500"}],"wp:term":[{"taxonomy":"category","embeddable":true,"href":"https:\/\/mapadadiversidade.com.br\/itauna\/wp-json\/wp\/v2\/categories?post=500"},{"taxonomy":"post_tag","embeddable":true,"href":"https:\/\/mapadadiversidade.com.br\/itauna\/wp-json\/wp\/v2\/tags?post=500"}],"curies":[{"name":"wp","href":"https:\/\/api.w.org\/{rel}","templated":true}]}}