{"id":503,"date":"2019-06-06T20:08:20","date_gmt":"2019-06-06T23:08:20","guid":{"rendered":"https:\/\/mapadadiversidade.com.br\/itauna\/?p=503"},"modified":"2019-06-08T13:55:31","modified_gmt":"2019-06-08T16:55:31","slug":"casarao-da-biblioteca-publica-pe-jose-netto","status":"publish","type":"post","link":"https:\/\/mapadadiversidade.com.br\/itauna\/casarao-da-biblioteca-publica-pe-jose-netto\/","title":{"rendered":"Casar\u00e3o da Biblioteca P\u00fablica (Pe. Jos\u00e9 Netto)"},"content":{"rendered":"\n<p><\/p>\n\n\n\n<p>Mem\u00f3ria Patrim\u00f4nio e hist\u00f3ria local<\/p>\n\n\n\n<p>A resid\u00eancia que hoje abriga a Biblioteca P\u00fablica \u201cOsm\u00e1rio Soares Nogueira\u201d foi constru\u00edda por Agripino Augusto Pereira de Lima, farmac\u00eautico, na d\u00e9cada de 1920. Senhor Agripino Lima possu\u00eda no local sua farm\u00e1cia. Mais tarde, provavelmente na d\u00e9cada de 1940 a casa foi adquirida por Moacir Soares Diniz e at\u00e9 a d\u00e9cada de 90 pertenceu \u00e0 fam\u00edlia Diniz, sempre como resid\u00eancia.<\/p>\n\n\n\n<p>Na d\u00e9cada de 1990 a casa foi adquirida pelo C\u00e2mara dos Diretores Lojistas de Ita\u00fana \u2013 CDL. Para atender como sede e escrit\u00f3rio a casa passou por reformas e adapta\u00e7\u00f5es, sem, no entanto, modificar suas principais caracter\u00edsticas arquitet\u00f4nicas.<\/p>\n\n\n\n<p>Esta casa \u00e9 um dos raros exemplos da arquitetura ecl\u00e9tica, t\u00edpica no in\u00edcio do s\u00e9culo XX. Sendo a caracter\u00edstica principal a leveza dos tra\u00e7os curvos do neocl\u00e1ssico, com suas janelas alinhadas e curvas, amplas e uniforme. O alpendre com gradil e corrim\u00e3o de madeira, com escadaria na parte central. Possui telhado com 9 \u00e1guas, todo coberto de telhas cer\u00e2micas curvas. Constru\u00edda no alinhamento da rua, mas recuada \u00e0 frente onde abre espa\u00e7o para um pequeno jardim, al\u00e9m do recuo lateral interno.<\/p>\n\n\n\n<p>A constru\u00e7\u00e3o se ergue acima do n\u00edvel da rua, o que lhe d\u00e1 impon\u00eancia e destaque. Constitu\u00edda de uma estrutura monol\u00edtica e erguida em alvenaria de tijolo, reboco, l\u00e1tex, enquadramento em massa, arco pleno, esquadras de madeira, janelas de peitoril de madeira em folhas.<\/p>\n\n\n\n<p>A import\u00e2ncia desta casa n\u00e3o se restringe aos seus aspectos arquitet\u00f4nicos, mas tamb\u00e9m a hist\u00f3ria dos moradores e dos in\u00fameros servi\u00e7os al\u00ed prestados \u00e0 comunidade itaunense. Nesta casa, al\u00e9m da farm\u00e1cia do sr. Agripino Lima, funcionou tamb\u00e9m o escrit\u00f3rio da Transportadora Diniz. Foi sede do CDL de Ita\u00fana e depois serviu de sede da Secretaria Municipal de Educa\u00e7\u00e3o e Cultura. E, hoje, em miss\u00e3o nobre acolhe a Biblioteca Municipal \u201cOsm\u00e1rio Soares Nogueira\u201d.<\/p>\n\n\n\n<p>A preserva\u00e7\u00e3o desta casa, representa a grandeza da mem\u00f3ria arquitet\u00f4nica de Ita\u00fana e guarda para a posteridade os sinais da import\u00e2ncia do seu entorno \u2013 pra\u00e7a da Esta\u00e7\u00e3o \u2013 para a vida comercial e cultural da nossa cidade. <\/p>\n\n\n\n<p>O edif\u00edcio foi tombado no ano de 2012, pelo prefeito municipal Eug\u00eanio Pinto e recebeu o nome de Casa \u201cPe. Jos\u00e9 Ferreira Netto\u201d em homenagem a este sacerdote pelos in\u00fameros trabalhos prestados \u00e0 comunidade Ita\u00fana.<\/p>\n\n\n\n<ul class=\"wp-block-gallery columns-3 is-cropped wp-block-gallery-1 is-layout-flex wp-block-gallery-is-layout-flex\"><li class=\"blocks-gallery-item\"><figure><img loading=\"lazy\" decoding=\"async\" width=\"522\" height=\"311\" src=\"https:\/\/mapadadiversidade.com.br\/itauna\/wp-content\/uploads\/2019\/06\/image-1.png\" alt=\"\" data-id=\"504\" class=\"wp-image-504\" srcset=\"https:\/\/mapadadiversidade.com.br\/itauna\/wp-content\/uploads\/2019\/06\/image-1.png 522w, https:\/\/mapadadiversidade.com.br\/itauna\/wp-content\/uploads\/2019\/06\/image-1-300x179.png 300w\" sizes=\"auto, (max-width: 522px) 100vw, 522px\" \/><\/figure><\/li><li class=\"blocks-gallery-item\"><figure><img loading=\"lazy\" decoding=\"async\" width=\"1024\" height=\"769\" src=\"https:\/\/mapadadiversidade.com.br\/itauna\/wp-content\/uploads\/2019\/06\/Biblioteca-2-1024x769.jpg\" alt=\"\" data-id=\"505\" data-link=\"https:\/\/mapadadiversidade.com.br\/itauna\/?attachment_id=505\" class=\"wp-image-505\" srcset=\"https:\/\/mapadadiversidade.com.br\/itauna\/wp-content\/uploads\/2019\/06\/Biblioteca-2-1024x769.jpg 1024w, https:\/\/mapadadiversidade.com.br\/itauna\/wp-content\/uploads\/2019\/06\/Biblioteca-2-300x225.jpg 300w, https:\/\/mapadadiversidade.com.br\/itauna\/wp-content\/uploads\/2019\/06\/Biblioteca-2-768x577.jpg 768w\" sizes=\"auto, (max-width: 1024px) 100vw, 1024px\" \/><\/figure><\/li><li class=\"blocks-gallery-item\"><figure><img loading=\"lazy\" decoding=\"async\" width=\"720\" height=\"340\" src=\"https:\/\/mapadadiversidade.com.br\/itauna\/wp-content\/uploads\/2019\/06\/Biblioteca.jpg\" alt=\"\" data-id=\"506\" data-link=\"https:\/\/mapadadiversidade.com.br\/itauna\/?attachment_id=506\" class=\"wp-image-506\" srcset=\"https:\/\/mapadadiversidade.com.br\/itauna\/wp-content\/uploads\/2019\/06\/Biblioteca.jpg 720w, https:\/\/mapadadiversidade.com.br\/itauna\/wp-content\/uploads\/2019\/06\/Biblioteca-300x142.jpg 300w\" sizes=\"auto, (max-width: 720px) 100vw, 720px\" \/><\/figure><\/li><\/ul>\n","protected":false},"excerpt":{"rendered":"<p>Casar\u00e3o antigo utilizado com a finalidade de Biblioteca P\u00fablica<\/p>\n","protected":false},"author":6,"featured_media":505,"comment_status":"open","ping_status":"open","sticky":false,"template":"","format":"standard","meta":{"footnotes":""},"categories":[48],"tags":[104,103,101,102],"class_list":["post-503","post","type-post","status-publish","format-standard","has-post-thumbnail","hentry","category-memoria-patrimonio-e-historia-local","tag-arquitetura","tag-historia-de-itauna","tag-patrimonio-cultural","tag-patrimonio-historico","item-wrap"],"_links":{"self":[{"href":"https:\/\/mapadadiversidade.com.br\/itauna\/wp-json\/wp\/v2\/posts\/503","targetHints":{"allow":["GET"]}}],"collection":[{"href":"https:\/\/mapadadiversidade.com.br\/itauna\/wp-json\/wp\/v2\/posts"}],"about":[{"href":"https:\/\/mapadadiversidade.com.br\/itauna\/wp-json\/wp\/v2\/types\/post"}],"author":[{"embeddable":true,"href":"https:\/\/mapadadiversidade.com.br\/itauna\/wp-json\/wp\/v2\/users\/6"}],"replies":[{"embeddable":true,"href":"https:\/\/mapadadiversidade.com.br\/itauna\/wp-json\/wp\/v2\/comments?post=503"}],"version-history":[{"count":2,"href":"https:\/\/mapadadiversidade.com.br\/itauna\/wp-json\/wp\/v2\/posts\/503\/revisions"}],"predecessor-version":[{"id":665,"href":"https:\/\/mapadadiversidade.com.br\/itauna\/wp-json\/wp\/v2\/posts\/503\/revisions\/665"}],"wp:featuredmedia":[{"embeddable":true,"href":"https:\/\/mapadadiversidade.com.br\/itauna\/wp-json\/wp\/v2\/media\/505"}],"wp:attachment":[{"href":"https:\/\/mapadadiversidade.com.br\/itauna\/wp-json\/wp\/v2\/media?parent=503"}],"wp:term":[{"taxonomy":"category","embeddable":true,"href":"https:\/\/mapadadiversidade.com.br\/itauna\/wp-json\/wp\/v2\/categories?post=503"},{"taxonomy":"post_tag","embeddable":true,"href":"https:\/\/mapadadiversidade.com.br\/itauna\/wp-json\/wp\/v2\/tags?post=503"}],"curies":[{"name":"wp","href":"https:\/\/api.w.org\/{rel}","templated":true}]}}