{"id":522,"date":"2019-06-06T20:32:35","date_gmt":"2019-06-06T23:32:35","guid":{"rendered":"https:\/\/mapadadiversidade.com.br\/itauna\/?p=522"},"modified":"2019-06-09T12:17:18","modified_gmt":"2019-06-09T15:17:18","slug":"estacao-de-santanense","status":"publish","type":"post","link":"https:\/\/mapadadiversidade.com.br\/itauna\/estacao-de-santanense\/","title":{"rendered":"Esta\u00e7\u00e3o de Santanense"},"content":{"rendered":"\n<p>Mem\u00f3ria Patrim\u00f4nio e hist\u00f3ria local<\/p>\n\n\n\n<p><strong>Hist\u00f3rico: <\/strong>&#8220;O pr\u00e9dio da Esta\u00e7\u00e3o Ferrovi\u00e1ria de Santanense que hoje se encontra praticamente abandonado e em ruinas, foi constru\u00eddo em finais da d\u00e9cada de 1940 e in\u00edcio da d\u00e9cada seguinte. Esta constru\u00e7\u00e3o se realizou depois que a edifica\u00e7\u00e3o original, existente no mesmo lugar, foi totalmente consumida pelo fogo no ano de 1947.<\/p>\n\n\n\n<p>Este inc\u00eandio, segundo consta em relatos orais foi\nproveniente de um acidente causado por pequenas labaredas de fa\u00edscas de brasas\nexpelidas por uma Maria Fuma\u00e7a que atingiu o armaz\u00e9m da esta\u00e7\u00e3o onde estava\nguardado fardos de algod\u00e3o da Companhia de Tecidos Santanense. Este algod\u00e3o\nserviu de combust\u00edvel e o fogo propagou por todo o pr\u00e9dio.<\/p>\n\n\n\n<p>A esta\u00e7\u00e3o origin\u00e1ria abrigava, al\u00e9m do dep\u00f3sito de\nmercadorias, uma ag\u00eancia de tel\u00e9grafo e ainda era a resid\u00eancia do agente. A\nconstru\u00e7\u00e3o desta esta\u00e7\u00e3o origin\u00e1ria, que foi consumida pelo fogo, data\nprovavelmente da segunda d\u00e9cada do s\u00e9culo XX, no mesmo per\u00edodo de constru\u00e7\u00e3o da\nEsta\u00e7\u00e3o central da Pra\u00e7a da Esta\u00e7\u00e3o, que data de 1917 e foi feita para melhor\natender as necessidades da pr\u00f3pria Companhia de Tecidos Santanense,\nprincipalmente no que se refere ao embarque e desembarque de seus produtos.<\/p>\n\n\n\n<p>A edifica\u00e7\u00e3o existente atualmente foi constru\u00edda, segundo relatos orais, semelhante a destru\u00edda pelo inc\u00eandio.&#8221;<\/p>\n\n\n\n<p>Texto retirado do Caderno do Patrim\u00f4nio Cultural de Ita\u00fana: Bens Patrimoniais Tombados e Registrados. Edi\u00e7\u00e3o 01, Ita\u00fana: Codempace, 2017. <\/p>\n\n\n\n<ul class=\"wp-block-gallery columns-3 is-cropped wp-block-gallery-1 is-layout-flex wp-block-gallery-is-layout-flex\"><li class=\"blocks-gallery-item\"><figure><img loading=\"lazy\" decoding=\"async\" width=\"500\" height=\"375\" src=\"https:\/\/mapadadiversidade.com.br\/itauna\/wp-content\/uploads\/2019\/06\/Esta\u00e7\u00e3o-1.jpg\" alt=\"\" data-id=\"523\" data-link=\"https:\/\/mapadadiversidade.com.br\/itauna\/?attachment_id=523\" class=\"wp-image-523\" srcset=\"https:\/\/mapadadiversidade.com.br\/itauna\/wp-content\/uploads\/2019\/06\/Esta\u00e7\u00e3o-1.jpg 500w, https:\/\/mapadadiversidade.com.br\/itauna\/wp-content\/uploads\/2019\/06\/Esta\u00e7\u00e3o-1-300x225.jpg 300w\" sizes=\"auto, (max-width: 500px) 100vw, 500px\" \/><\/figure><\/li><li class=\"blocks-gallery-item\"><figure><img loading=\"lazy\" decoding=\"async\" width=\"276\" height=\"183\" src=\"https:\/\/mapadadiversidade.com.br\/itauna\/wp-content\/uploads\/2019\/06\/Esta\u00e7\u00e3o-2.jpg\" alt=\"\" data-id=\"524\" data-link=\"https:\/\/mapadadiversidade.com.br\/itauna\/?attachment_id=524\" class=\"wp-image-524\"\/><\/figure><\/li><li class=\"blocks-gallery-item\"><figure><img loading=\"lazy\" decoding=\"async\" width=\"500\" height=\"375\" src=\"https:\/\/mapadadiversidade.com.br\/itauna\/wp-content\/uploads\/2019\/06\/Esta\u00e7\u00e3o-3.jpg\" alt=\"\" data-id=\"525\" data-link=\"https:\/\/mapadadiversidade.com.br\/itauna\/?attachment_id=525\" class=\"wp-image-525\" srcset=\"https:\/\/mapadadiversidade.com.br\/itauna\/wp-content\/uploads\/2019\/06\/Esta\u00e7\u00e3o-3.jpg 500w, https:\/\/mapadadiversidade.com.br\/itauna\/wp-content\/uploads\/2019\/06\/Esta\u00e7\u00e3o-3-300x225.jpg 300w\" sizes=\"auto, (max-width: 500px) 100vw, 500px\" \/><\/figure><\/li><\/ul>\n","protected":false},"excerpt":{"rendered":"<p>Esta\u00e7\u00e3o de trem abandonada.<\/p>\n","protected":false},"author":6,"featured_media":523,"comment_status":"open","ping_status":"open","sticky":false,"template":"","format":"standard","meta":{"footnotes":""},"categories":[1,48],"tags":[104,103,108,101,102],"class_list":["post-522","post","type-post","status-publish","format-standard","has-post-thumbnail","hentry","category-itauna","category-memoria-patrimonio-e-historia-local","tag-arquitetura","tag-historia-de-itauna","tag-historia-local","tag-patrimonio-cultural","tag-patrimonio-historico","item-wrap"],"_links":{"self":[{"href":"https:\/\/mapadadiversidade.com.br\/itauna\/wp-json\/wp\/v2\/posts\/522","targetHints":{"allow":["GET"]}}],"collection":[{"href":"https:\/\/mapadadiversidade.com.br\/itauna\/wp-json\/wp\/v2\/posts"}],"about":[{"href":"https:\/\/mapadadiversidade.com.br\/itauna\/wp-json\/wp\/v2\/types\/post"}],"author":[{"embeddable":true,"href":"https:\/\/mapadadiversidade.com.br\/itauna\/wp-json\/wp\/v2\/users\/6"}],"replies":[{"embeddable":true,"href":"https:\/\/mapadadiversidade.com.br\/itauna\/wp-json\/wp\/v2\/comments?post=522"}],"version-history":[{"count":5,"href":"https:\/\/mapadadiversidade.com.br\/itauna\/wp-json\/wp\/v2\/posts\/522\/revisions"}],"predecessor-version":[{"id":899,"href":"https:\/\/mapadadiversidade.com.br\/itauna\/wp-json\/wp\/v2\/posts\/522\/revisions\/899"}],"wp:featuredmedia":[{"embeddable":true,"href":"https:\/\/mapadadiversidade.com.br\/itauna\/wp-json\/wp\/v2\/media\/523"}],"wp:attachment":[{"href":"https:\/\/mapadadiversidade.com.br\/itauna\/wp-json\/wp\/v2\/media?parent=522"}],"wp:term":[{"taxonomy":"category","embeddable":true,"href":"https:\/\/mapadadiversidade.com.br\/itauna\/wp-json\/wp\/v2\/categories?post=522"},{"taxonomy":"post_tag","embeddable":true,"href":"https:\/\/mapadadiversidade.com.br\/itauna\/wp-json\/wp\/v2\/tags?post=522"}],"curies":[{"name":"wp","href":"https:\/\/api.w.org\/{rel}","templated":true}]}}