{"id":528,"date":"2019-06-06T20:40:07","date_gmt":"2019-06-06T23:40:07","guid":{"rendered":"https:\/\/mapadadiversidade.com.br\/itauna\/?p=528"},"modified":"2019-06-09T12:17:16","modified_gmt":"2019-06-09T15:17:16","slug":"ruinas-da-casa-de-caridade-manoel-goncalves-de-souza-moreira","status":"publish","type":"post","link":"https:\/\/mapadadiversidade.com.br\/itauna\/ruinas-da-casa-de-caridade-manoel-goncalves-de-souza-moreira\/","title":{"rendered":"Ruinas da Casa de Caridade Manoel Gon\u00e7alves de Souza Moreira"},"content":{"rendered":"\n<p>Mem\u00f3ria Patrim\u00f4nio e hist\u00f3ria local<\/p>\n\n\n\n<p><strong>Hist\u00f3rico:<\/strong> &#8220;A Casa de Caridade Manoel Gon\u00e7alves Gon\u00e7alves de Souza Moreira, foi fundada devido \u00e0 generosidade do benem\u00e9rito Itaunense Cel. Manoel Gon\u00e7alves de Souza Moreira, que deixou em testamento, grande parte de seus haveres, avaliados e mais de mil contos, destinados a amparar e minorar os sofrimentos dos desprotegidos da sorte.<\/p>\n\n\n\n<p>Em 1925, dizia o jornal Minas Gerais, que a Casa de Caridade\nCoronel Manoel Gon\u00e7alves de Souza Moreira era \u201cuma das melhores de todo o\nEstado de Minas Gerias\u201d. Esta posi\u00e7\u00e3o de ser a melhor se destacava tanto pela\nsua estrutura como pelos servi\u00e7os ali prestados. Sua localiza\u00e7\u00e3o era\nprivilegiada, pois bem \u00e0 sua frente havia uma pequena esta\u00e7\u00e3o de embarque e desembarque\nque in\u00fameros doentes que chegam da regi\u00e3o em trem de ferro.<\/p>\n\n\n\n<p>Destaca o mesmo jornal que \u201cas opera\u00e7\u00f5es cir\u00fargicas s\u00e3o\nfeitas diariamente alli(sic). Cortase de manh\u00e3 e \u00e1 noite &#8230;\u201d. o que significa\nque a Casa de Caridade era, al\u00e9m de bem equipada, possu\u00eda uma equipe m\u00e9dica que\nmerecia destaque. Ainda na d\u00e9cada de 1920, a equipe m\u00e9dica era comandada por\ndr. Dorinato Lima, que na \u00e9poca se destacava como um grande cirurgi\u00e3o.<\/p>\n\n\n\n<p>Embora a cirurgias eram a atividade m\u00e9dica que mereceu\ndestaque do jornalista do \u201cMinas Geraes\u201d, o atendimento m\u00e9dico se especializara\nem v\u00e1rias doen\u00e7as, como \u201cindiv\u00edduos papudos, aleijados, estropiados, cambaios,\nde tudo ali se v\u00ea\u201d.<\/p>\n\n\n\n<p>Al\u00e9m do dr. Dorinato Lima, o jornal \u201cMinas Geraes\u201d\ndestacavam a atua\u00e7\u00e3o de outros m\u00e9dicos como os \u201cdrs. Dario Gon\u00e7alves, Ant\u00f4nio\nLima Coutinho e Lincoln Nogueira Machado.\u201d Per\u00edodo em que esta Santa Casa era\nadministradas pelas Irm\u00e3s Auxiliares da Piedade, merecendo destaque Irm\u00e3\nBenigna. Com o crescimento dos atendimentos e a necessidade de amplia\u00e7\u00e3o,\noptaram pela constru\u00e7\u00e3o de um novo pr\u00e9dio com os recursos deixados como\npatrim\u00f4nio do benem\u00e9rito Manoel Gon\u00e7alves de Souza Moreira.<\/p>\n\n\n\n<p>Pol\u00eamicas \u00e0 parte, a realidade \u00e9 que as paredes do velho pr\u00e9dio da Casa de Caridade continuam resistindo \u00e0s intemp\u00e9ries do tempo e grita aos seus conterr\u00e2neos por socorro. Resta-nos saber se estamos dispostos a ouvir seus gritos.&#8221;<\/p>\n\n\n\n<p>Texto retirado do Caderno do Patrim\u00f4nio Cultural de Ita\u00fana: Bens Patrimoniais Tombados e Registrados. Edi\u00e7\u00e3o 01, Ita\u00fana: Codempace, 2017. <\/p>\n\n\n\n<ul class=\"wp-block-gallery columns-2 is-cropped wp-block-gallery-1 is-layout-flex wp-block-gallery-is-layout-flex\"><li class=\"blocks-gallery-item\"><figure><img loading=\"lazy\" decoding=\"async\" width=\"557\" height=\"390\" src=\"https:\/\/mapadadiversidade.com.br\/itauna\/wp-content\/uploads\/2019\/06\/RUINAS-1.png\" alt=\"\" data-id=\"529\" data-link=\"https:\/\/mapadadiversidade.com.br\/itauna\/?attachment_id=529\" class=\"wp-image-529\" srcset=\"https:\/\/mapadadiversidade.com.br\/itauna\/wp-content\/uploads\/2019\/06\/RUINAS-1.png 557w, https:\/\/mapadadiversidade.com.br\/itauna\/wp-content\/uploads\/2019\/06\/RUINAS-1-300x210.png 300w\" sizes=\"auto, (max-width: 557px) 100vw, 557px\" \/><\/figure><\/li><li class=\"blocks-gallery-item\"><figure><img loading=\"lazy\" decoding=\"async\" width=\"591\" height=\"243\" src=\"https:\/\/mapadadiversidade.com.br\/itauna\/wp-content\/uploads\/2019\/06\/RUINAS-2.png\" alt=\"\" data-id=\"530\" data-link=\"https:\/\/mapadadiversidade.com.br\/itauna\/?attachment_id=530\" class=\"wp-image-530\" srcset=\"https:\/\/mapadadiversidade.com.br\/itauna\/wp-content\/uploads\/2019\/06\/RUINAS-2.png 591w, https:\/\/mapadadiversidade.com.br\/itauna\/wp-content\/uploads\/2019\/06\/RUINAS-2-300x123.png 300w\" sizes=\"auto, (max-width: 591px) 100vw, 591px\" \/><\/figure><\/li><li class=\"blocks-gallery-item\"><figure><img loading=\"lazy\" decoding=\"async\" width=\"572\" height=\"383\" src=\"https:\/\/mapadadiversidade.com.br\/itauna\/wp-content\/uploads\/2019\/06\/ruinas-3.png\" alt=\"\" data-id=\"531\" data-link=\"https:\/\/mapadadiversidade.com.br\/itauna\/?attachment_id=531\" class=\"wp-image-531\" srcset=\"https:\/\/mapadadiversidade.com.br\/itauna\/wp-content\/uploads\/2019\/06\/ruinas-3.png 572w, https:\/\/mapadadiversidade.com.br\/itauna\/wp-content\/uploads\/2019\/06\/ruinas-3-300x201.png 300w\" sizes=\"auto, (max-width: 572px) 100vw, 572px\" \/><\/figure><\/li><\/ul>\n","protected":false},"excerpt":{"rendered":"<p>O pouco que sobrou da antiga Casa de Caridade Manoel Gon\u00e7alves de Souza Moreira.<\/p>\n","protected":false},"author":6,"featured_media":531,"comment_status":"open","ping_status":"open","sticky":false,"template":"","format":"standard","meta":{"footnotes":""},"categories":[1,48],"tags":[104,18,103,101,102],"class_list":["post-528","post","type-post","status-publish","format-standard","has-post-thumbnail","hentry","category-itauna","category-memoria-patrimonio-e-historia-local","tag-arquitetura","tag-cultura","tag-historia-de-itauna","tag-patrimonio-cultural","tag-patrimonio-historico","item-wrap"],"_links":{"self":[{"href":"https:\/\/mapadadiversidade.com.br\/itauna\/wp-json\/wp\/v2\/posts\/528","targetHints":{"allow":["GET"]}}],"collection":[{"href":"https:\/\/mapadadiversidade.com.br\/itauna\/wp-json\/wp\/v2\/posts"}],"about":[{"href":"https:\/\/mapadadiversidade.com.br\/itauna\/wp-json\/wp\/v2\/types\/post"}],"author":[{"embeddable":true,"href":"https:\/\/mapadadiversidade.com.br\/itauna\/wp-json\/wp\/v2\/users\/6"}],"replies":[{"embeddable":true,"href":"https:\/\/mapadadiversidade.com.br\/itauna\/wp-json\/wp\/v2\/comments?post=528"}],"version-history":[{"count":6,"href":"https:\/\/mapadadiversidade.com.br\/itauna\/wp-json\/wp\/v2\/posts\/528\/revisions"}],"predecessor-version":[{"id":898,"href":"https:\/\/mapadadiversidade.com.br\/itauna\/wp-json\/wp\/v2\/posts\/528\/revisions\/898"}],"wp:featuredmedia":[{"embeddable":true,"href":"https:\/\/mapadadiversidade.com.br\/itauna\/wp-json\/wp\/v2\/media\/531"}],"wp:attachment":[{"href":"https:\/\/mapadadiversidade.com.br\/itauna\/wp-json\/wp\/v2\/media?parent=528"}],"wp:term":[{"taxonomy":"category","embeddable":true,"href":"https:\/\/mapadadiversidade.com.br\/itauna\/wp-json\/wp\/v2\/categories?post=528"},{"taxonomy":"post_tag","embeddable":true,"href":"https:\/\/mapadadiversidade.com.br\/itauna\/wp-json\/wp\/v2\/tags?post=528"}],"curies":[{"name":"wp","href":"https:\/\/api.w.org\/{rel}","templated":true}]}}