{"id":533,"date":"2019-06-06T23:04:05","date_gmt":"2019-06-07T02:04:05","guid":{"rendered":"https:\/\/mapadadiversidade.com.br\/itauna\/?p=533"},"modified":"2019-06-09T12:17:23","modified_gmt":"2019-06-09T15:17:23","slug":"conjunto-urbanistico-arquitetonico-do-morro-do-rosario","status":"publish","type":"post","link":"https:\/\/mapadadiversidade.com.br\/itauna\/conjunto-urbanistico-arquitetonico-do-morro-do-rosario\/","title":{"rendered":"Conjunto Urban\u00edstico arquitet\u00f4nico do Morro do Ros\u00e1rio"},"content":{"rendered":"\n<p>Mem\u00f3ria Patrim\u00f4nio e hist\u00f3ria local<\/p>\n\n\n\n<p><strong>Hist\u00f3rico:<\/strong> &#8220;Para Miguel A. G. de Souza, a obra de constru\u00e7\u00e3o da capela de Santana, em que pese import\u00e2ncia do minerador e agente de neg\u00f3cios, Manuel Pinto Madureira, n\u00e3o foi empreendida por apenas um homem. A provis\u00e3o registrada no Arcebispado de Mariana confirma esta participa\u00e7\u00e3o coletiva na constru\u00e7\u00e3o da capela<\/p>\n\n\n\n<p>A capela constru\u00edda na cumeeira da Colina do Ros\u00e1rio, pela\ninforma\u00e7\u00e3o do Bispo, possu\u00eda ao seu redor 6 casas e mais abaixo o arraial, em\nlocal mais prop\u00edcio ao desenvolvimento devido \u00e0 proximidade com o rio S\u00e3o Jo\u00e3o.\nSeu progresso aconteceu sem grandes sobressaltos, com a popula\u00e7\u00e3o exercendo suas\natividades agropecu\u00e1rias e a decadente minera\u00e7\u00e3o. Nas primeiras d\u00e9cadas dos\noitocentos a lavoura e a pecu\u00e1ria superaram a produ\u00e7\u00e3o mineradora que, desde os\nprimeiros tempos da ocupa\u00e7\u00e3o, sempre se mostrou modesta e explorada de forma\nprec\u00e1ria e primitiva (SOUZA, 1986:85).<\/p>\n\n\n\n<p>Mas o desenvolvimento, embora sem embara\u00e7o, mas constante,\nfez sentir a necessidade de substitui\u00e7\u00e3o ou de amplia\u00e7\u00e3o do templo que at\u00e9\nent\u00e3o servia de matriz. Sobe o comando do Padre Jo\u00e3o Batista, em 1853,\naconteceu a troca de oragos entre as capelas de Santana e a de Nossa Senhora do\nRos\u00e1rio, igreja constru\u00edda pelos negros em 1840. A iniciativa da mudan\u00e7a coube\naos frades capuchinhos que perceberam que a igreja dos negros estava em local\nde acesso mais f\u00e1cil para os fi\u00e9is espalhados pelas margens do rio S\u00e3o Jo\u00e3o.<\/p>\n\n\n\n<p>Segundo Dornas Filho, a transfer\u00eancia da matriz para a\nigreja de Nossa Senhora do Ros\u00e1rio deu-se em 1856, ensejando as obras de\namplia\u00e7\u00e3o do pequeno templo. A reforma se arrastou at\u00e9 1875, quando foram\nterminadas as pinturas internas de autoria do artista Pedro Campos, natural de\nSabar\u00e1, auxiliado por Ant\u00f4nio Jos\u00e9 dos Santos (DORNAS FILHO, 1934:24).<\/p>\n\n\n\n<p>Ao longo de sua hist\u00f3ria a Capela passou por algumas interven\u00e7\u00f5es, que alteraram algumas de suas caracter\u00edsticas art\u00edsticas, mas h\u00e1 muito o que ser preservar. Depois de debates intensos em reuni\u00f5es do Conselho do Patrim\u00f4nio, interdi\u00e7\u00f5es e interrup\u00e7\u00f5es, hoje a Capela do Ros\u00e1rio est\u00e1 totalmente restaurada e foi entregue \u00e0 comunidade no ano de 2015. Fato muito significativo para a hist\u00f3ria local. A capela do Ros\u00e1rio e seu conjunto urban\u00edstico e paisag\u00edstico \u00e9 o principal bem preservado do munic\u00edpio de Ita\u00fana, e cabe a n\u00f3s itaunenses, zelar pela sua conserva\u00e7\u00e3o e pela sua hist\u00f3ria, pelo que representa em nossa hist\u00f3ria.&#8221;<\/p>\n\n\n\n<p>Texto retirado do Caderno do Patrim\u00f4nio Cultural de Ita\u00fana: Bens Patrimoniais Tombados e Registrados. Edi\u00e7\u00e3o 01, Ita\u00fana: Codempace, 2017. <\/p>\n\n\n\n<ul class=\"wp-block-gallery columns-3 is-cropped wp-block-gallery-1 is-layout-flex wp-block-gallery-is-layout-flex\"><li class=\"blocks-gallery-item\"><figure><img loading=\"lazy\" decoding=\"async\" width=\"1024\" height=\"665\" src=\"https:\/\/mapadadiversidade.com.br\/itauna\/wp-content\/uploads\/2019\/06\/Capela-do-Rosario-4-1024x665.jpg\" alt=\"\" data-id=\"534\" data-link=\"https:\/\/mapadadiversidade.com.br\/itauna\/?attachment_id=534\" class=\"wp-image-534\" srcset=\"https:\/\/mapadadiversidade.com.br\/itauna\/wp-content\/uploads\/2019\/06\/Capela-do-Rosario-4-1024x665.jpg 1024w, https:\/\/mapadadiversidade.com.br\/itauna\/wp-content\/uploads\/2019\/06\/Capela-do-Rosario-4-300x195.jpg 300w, https:\/\/mapadadiversidade.com.br\/itauna\/wp-content\/uploads\/2019\/06\/Capela-do-Rosario-4-768x499.jpg 768w\" sizes=\"auto, (max-width: 1024px) 100vw, 1024px\" \/><\/figure><\/li><li class=\"blocks-gallery-item\"><figure><img loading=\"lazy\" decoding=\"async\" width=\"275\" height=\"183\" src=\"https:\/\/mapadadiversidade.com.br\/itauna\/wp-content\/uploads\/2019\/06\/Capela-do-Rosario.jpg\" alt=\"\" data-id=\"535\" data-link=\"https:\/\/mapadadiversidade.com.br\/itauna\/?attachment_id=535\" class=\"wp-image-535\"\/><\/figure><\/li><li class=\"blocks-gallery-item\"><figure><img loading=\"lazy\" decoding=\"async\" width=\"596\" height=\"246\" src=\"https:\/\/mapadadiversidade.com.br\/itauna\/wp-content\/uploads\/2019\/06\/ROSARIO.png\" alt=\"\" data-id=\"536\" data-link=\"https:\/\/mapadadiversidade.com.br\/itauna\/?attachment_id=536\" class=\"wp-image-536\" srcset=\"https:\/\/mapadadiversidade.com.br\/itauna\/wp-content\/uploads\/2019\/06\/ROSARIO.png 596w, https:\/\/mapadadiversidade.com.br\/itauna\/wp-content\/uploads\/2019\/06\/ROSARIO-300x124.png 300w\" sizes=\"auto, (max-width: 596px) 100vw, 596px\" \/><\/figure><\/li><\/ul>\n","protected":false},"excerpt":{"rendered":"<p>Igreja, quadra, pista de skate e \u00e1rea de conviv\u00eancia comp\u00f5e a \u00e1rea do Morro do Ros\u00e1rio. <\/p>\n","protected":false},"author":6,"featured_media":535,"comment_status":"open","ping_status":"open","sticky":false,"template":"","format":"standard","meta":{"footnotes":""},"categories":[1,48],"tags":[110,111,103,101,102],"class_list":["post-533","post","type-post","status-publish","format-standard","has-post-thumbnail","hentry","category-itauna","category-memoria-patrimonio-e-historia-local","tag-arquiterura","tag-cultura-de-itauna","tag-historia-de-itauna","tag-patrimonio-cultural","tag-patrimonio-historico","item-wrap"],"_links":{"self":[{"href":"https:\/\/mapadadiversidade.com.br\/itauna\/wp-json\/wp\/v2\/posts\/533","targetHints":{"allow":["GET"]}}],"collection":[{"href":"https:\/\/mapadadiversidade.com.br\/itauna\/wp-json\/wp\/v2\/posts"}],"about":[{"href":"https:\/\/mapadadiversidade.com.br\/itauna\/wp-json\/wp\/v2\/types\/post"}],"author":[{"embeddable":true,"href":"https:\/\/mapadadiversidade.com.br\/itauna\/wp-json\/wp\/v2\/users\/6"}],"replies":[{"embeddable":true,"href":"https:\/\/mapadadiversidade.com.br\/itauna\/wp-json\/wp\/v2\/comments?post=533"}],"version-history":[{"count":5,"href":"https:\/\/mapadadiversidade.com.br\/itauna\/wp-json\/wp\/v2\/posts\/533\/revisions"}],"predecessor-version":[{"id":900,"href":"https:\/\/mapadadiversidade.com.br\/itauna\/wp-json\/wp\/v2\/posts\/533\/revisions\/900"}],"wp:featuredmedia":[{"embeddable":true,"href":"https:\/\/mapadadiversidade.com.br\/itauna\/wp-json\/wp\/v2\/media\/535"}],"wp:attachment":[{"href":"https:\/\/mapadadiversidade.com.br\/itauna\/wp-json\/wp\/v2\/media?parent=533"}],"wp:term":[{"taxonomy":"category","embeddable":true,"href":"https:\/\/mapadadiversidade.com.br\/itauna\/wp-json\/wp\/v2\/categories?post=533"},{"taxonomy":"post_tag","embeddable":true,"href":"https:\/\/mapadadiversidade.com.br\/itauna\/wp-json\/wp\/v2\/tags?post=533"}],"curies":[{"name":"wp","href":"https:\/\/api.w.org\/{rel}","templated":true}]}}