{"id":539,"date":"2019-06-06T23:08:13","date_gmt":"2019-06-07T02:08:13","guid":{"rendered":"https:\/\/mapadadiversidade.com.br\/itauna\/?p=539"},"modified":"2019-06-09T12:17:28","modified_gmt":"2019-06-09T15:17:28","slug":"conjunto-paisagistico-da-gruta-nossa-senhora-de-itauna","status":"publish","type":"post","link":"https:\/\/mapadadiversidade.com.br\/itauna\/conjunto-paisagistico-da-gruta-nossa-senhora-de-itauna\/","title":{"rendered":"Conjunto paisag\u00edstico da Gruta Nossa Senhora de Ita\u00fana"},"content":{"rendered":"\n<p>Mem\u00f3ria Patrim\u00f4nio e hist\u00f3ria local<\/p>\n\n\n\n<p><strong>Hist\u00f3rico:<\/strong> &#8220;Segundo consta, na antiga Vila Mozart, hoje Bairro de Lourdes, pr\u00f3ximo \u00e0 resid\u00eancia do Sr. Mozart havia um caminho que ia at\u00e9 o alto do morro do Mirante, atual Bairro Santo Ant\u00f4nio. Esse caminho havia sido formado pelas enxurradas que desaguava no rio S\u00e3o Jo\u00e3o, caminho este que passou a ligar a Vila com o outro lado da cidade, ou seja, com a Rua Direita, hoje Av. Get\u00falio Vargas e com o alto do Ros\u00e1rio.<\/p>\n\n\n\n<p>A primeira casa a ser constru\u00edda no local foi a de D.\nJacinta do Sr. Beijo, que tinha v\u00e1rios filhos dentre ele Ant\u00f4nio Nunes (Tot\u00f5e).\nA segunda pertencia ao Sr. Eduardo Morais e D. Eslira, pais de Eduardinho,\nHelena e Eduardinho. A terceira casa, constru\u00edda tempos depois, no ano de 1955,\nfoi a do Sr. Ot\u00e1vio Mour\u00e3o e D. Constancia, estes com cinco filhos. As crian\u00e7as\ndestas tr\u00eas fam\u00edlias tinham como brinquedo predileto fazer incurs\u00f5es pelas\ngrotas dos barrancos, balan\u00e7ando pelos cip\u00f3s e tocaiando animais. Foi no dia 27\nde julho de 1955, que as tr\u00eas crian\u00e7as: Tot\u00f5e, Eduardinho e Jos\u00e9 Rita (este,\nfilho de D. Maria e do Sr. Joaquim, quarta fam\u00edlia a residir na vila) sa\u00edram \u00e0\nprocura de um cavalo que foi avistado numa grota em frente \u00e0 lagoa. O cavalo\nestava im\u00f3vel e, mesmo temerosos, resolveram descer na grota onde o animal estava,\nutilizando cip\u00f3s e galhos de \u00e1rvores. Segundo consta, as crian\u00e7as ao descerem a\ngrota se viram numa situa\u00e7\u00e3o dif\u00edcil e atemorizados clamaram pela Virgem\nSant\u00edssima se deparando com uma vis\u00e3o da Virgem Maria sob um cupim. A not\u00edcia\nse espelhou rapidamente e um caminho come\u00e7ou a ser constru\u00eddo em volta da lagoa\nchegando at\u00e9 a Gruta.<\/p>\n\n\n\n<p>Romarias foram acontecendo sucessivamente, sendo que outros\nvidentes foram registrados, sendo a \u00faltima ocorrida em 15\/08\/1961. Com o tempo\nnovos moradores foram se instalando na regi\u00e3o. Posteriormente, o terreno foi\ncomprado do Sr. Mozart e foi constru\u00eddo uma Gruta sobre o cupim onde apareceu\nNossa Senhora, atrav\u00e9s da comunidade, do Pe. Jos\u00e9 Netto e do vidente Sr. Ov\u00eddio\nAlves.<\/p>\n\n\n\n<p>Neste contexto, o ano de 1955 foi marcado por uma explos\u00e3o\nde devo\u00e7\u00e3o mariana em Ita\u00fana, ap\u00f3s a apari\u00e7\u00e3o de Nossa Senhora interferindo na\nvida pacata deste munic\u00edpio. Segundo Pe Amarildo, o ambiente em torno dos\nvidentes, sobretudo do Sr. Ov\u00eddio foi sempre marcado pela serenidade. E todo o\nprocesso das apari\u00e7\u00f5es foi acompanhado com muito aten\u00e7\u00e3o pelo p\u00e1roco Pe. Jos\u00e9\nNetto.<\/p>\n\n\n\n<p>A Gruta de Nossa Senhora de Ita\u00fana \u00e9 hoje um verdadeiro\ntemplo ao ar livre; o local \u00e9 muit\u00edssimo visitado por in\u00fameros fi\u00e9is e se\ntornou um grande centro de espiritualidade, onde nunca se permitiu o com\u00e9rcio,\npois constitui um local de encontro com Deus. At\u00e9 o ano de 2002 a Imagem de\ndevo\u00e7\u00e3o na Gruta foi Nossa Senhora de Lourdes, imagem cedida pela Par\u00f3quia de\nSantana. Com a autoriza\u00e7\u00e3o do Bispo Dom Jos\u00e9 foi confeccionado a Imagem de\nNossa Senhora de Ita\u00fana.<\/p>\n\n\n\n<p>Depois deste fato muito j\u00e1 se pesquisou sobre a devo\u00e7\u00e3o popular ocorrido na Gruta de Nossa Senhora de Ita\u00fana e in\u00fameras outras atividades vem se desenvolvendo neste local de ora\u00e7\u00e3o. No ano de 2015 e 2016 o local passou por um processo de revitaliza\u00e7\u00e3o urban\u00edstica e ecol\u00f3gica visando a preserva\u00e7\u00e3o da mata que circunda a gruta, bem como obras de preven\u00e7\u00e3o de eros\u00e3o e revitaliza\u00e7\u00e3o da parte constru\u00edda, garantindo o conforto dos frequentadores. A Gruta Nossa Senhora de Ita\u00fana foi o primeiro bem tombado pelo munic\u00edpio, sendo seu tombamento realizado dentro da lei org\u00e2nica da C\u00e2mara dos Vereadores da cidade no ano de 1990.&#8221;<\/p>\n\n\n\n<p>Texto retirado do Caderno do Patrim\u00f4nio Cultural de Ita\u00fana: Bens Patrimoniais Tombados e Registrados. Edi\u00e7\u00e3o 01, Ita\u00fana: Codempace, 2017. <\/p>\n\n\n\n<ul class=\"wp-block-gallery columns-3 is-cropped wp-block-gallery-1 is-layout-flex wp-block-gallery-is-layout-flex\"><li class=\"blocks-gallery-item\"><figure><img loading=\"lazy\" decoding=\"async\" width=\"1024\" height=\"725\" src=\"https:\/\/mapadadiversidade.com.br\/itauna\/wp-content\/uploads\/2019\/06\/Gruta-1-1024x725.jpg\" alt=\"\" data-id=\"540\" data-link=\"https:\/\/mapadadiversidade.com.br\/itauna\/?attachment_id=540\" class=\"wp-image-540\" srcset=\"https:\/\/mapadadiversidade.com.br\/itauna\/wp-content\/uploads\/2019\/06\/Gruta-1.jpg 1024w, https:\/\/mapadadiversidade.com.br\/itauna\/wp-content\/uploads\/2019\/06\/Gruta-1-300x212.jpg 300w, https:\/\/mapadadiversidade.com.br\/itauna\/wp-content\/uploads\/2019\/06\/Gruta-1-768x544.jpg 768w\" sizes=\"auto, (max-width: 1024px) 100vw, 1024px\" \/><\/figure><\/li><li class=\"blocks-gallery-item\"><figure><img loading=\"lazy\" decoding=\"async\" width=\"698\" height=\"470\" src=\"https:\/\/mapadadiversidade.com.br\/itauna\/wp-content\/uploads\/2019\/06\/GRUTA-3.jpg\" alt=\"\" data-id=\"542\" data-link=\"https:\/\/mapadadiversidade.com.br\/itauna\/?attachment_id=542\" class=\"wp-image-542\" srcset=\"https:\/\/mapadadiversidade.com.br\/itauna\/wp-content\/uploads\/2019\/06\/GRUTA-3.jpg 698w, https:\/\/mapadadiversidade.com.br\/itauna\/wp-content\/uploads\/2019\/06\/GRUTA-3-300x202.jpg 300w\" sizes=\"auto, (max-width: 698px) 100vw, 698px\" \/><\/figure><\/li><li class=\"blocks-gallery-item\"><figure><img loading=\"lazy\" decoding=\"async\" width=\"591\" height=\"444\" src=\"https:\/\/mapadadiversidade.com.br\/itauna\/wp-content\/uploads\/2019\/06\/GRUTA.png\" alt=\"\" data-id=\"543\" data-link=\"https:\/\/mapadadiversidade.com.br\/itauna\/?attachment_id=543\" class=\"wp-image-543\" srcset=\"https:\/\/mapadadiversidade.com.br\/itauna\/wp-content\/uploads\/2019\/06\/GRUTA.png 591w, https:\/\/mapadadiversidade.com.br\/itauna\/wp-content\/uploads\/2019\/06\/GRUTA-300x225.png 300w\" sizes=\"auto, (max-width: 591px) 100vw, 591px\" \/><\/figure><\/li><\/ul>\n","protected":false},"excerpt":{"rendered":"<p>Lugar de encontros religiosos. <\/p>\n","protected":false},"author":6,"featured_media":541,"comment_status":"open","ping_status":"open","sticky":false,"template":"","format":"standard","meta":{"footnotes":""},"categories":[1,48],"tags":[104,103,108,101,102,109],"class_list":["post-539","post","type-post","status-publish","format-standard","has-post-thumbnail","hentry","category-itauna","category-memoria-patrimonio-e-historia-local","tag-arquitetura","tag-historia-de-itauna","tag-historia-local","tag-patrimonio-cultural","tag-patrimonio-historico","tag-religiosidade","item-wrap"],"_links":{"self":[{"href":"https:\/\/mapadadiversidade.com.br\/itauna\/wp-json\/wp\/v2\/posts\/539","targetHints":{"allow":["GET"]}}],"collection":[{"href":"https:\/\/mapadadiversidade.com.br\/itauna\/wp-json\/wp\/v2\/posts"}],"about":[{"href":"https:\/\/mapadadiversidade.com.br\/itauna\/wp-json\/wp\/v2\/types\/post"}],"author":[{"embeddable":true,"href":"https:\/\/mapadadiversidade.com.br\/itauna\/wp-json\/wp\/v2\/users\/6"}],"replies":[{"embeddable":true,"href":"https:\/\/mapadadiversidade.com.br\/itauna\/wp-json\/wp\/v2\/comments?post=539"}],"version-history":[{"count":5,"href":"https:\/\/mapadadiversidade.com.br\/itauna\/wp-json\/wp\/v2\/posts\/539\/revisions"}],"predecessor-version":[{"id":901,"href":"https:\/\/mapadadiversidade.com.br\/itauna\/wp-json\/wp\/v2\/posts\/539\/revisions\/901"}],"wp:featuredmedia":[{"embeddable":true,"href":"https:\/\/mapadadiversidade.com.br\/itauna\/wp-json\/wp\/v2\/media\/541"}],"wp:attachment":[{"href":"https:\/\/mapadadiversidade.com.br\/itauna\/wp-json\/wp\/v2\/media?parent=539"}],"wp:term":[{"taxonomy":"category","embeddable":true,"href":"https:\/\/mapadadiversidade.com.br\/itauna\/wp-json\/wp\/v2\/categories?post=539"},{"taxonomy":"post_tag","embeddable":true,"href":"https:\/\/mapadadiversidade.com.br\/itauna\/wp-json\/wp\/v2\/tags?post=539"}],"curies":[{"name":"wp","href":"https:\/\/api.w.org\/{rel}","templated":true}]}}