{"id":545,"date":"2019-06-06T23:15:46","date_gmt":"2019-06-07T02:15:46","guid":{"rendered":"https:\/\/mapadadiversidade.com.br\/itauna\/?p=545"},"modified":"2019-06-09T12:16:08","modified_gmt":"2019-06-09T15:16:08","slug":"imagem-de-nossa-senhora-de-itauna","status":"publish","type":"post","link":"https:\/\/mapadadiversidade.com.br\/itauna\/imagem-de-nossa-senhora-de-itauna\/","title":{"rendered":"Imagem de Nossa Senhora de Ita\u00fana"},"content":{"rendered":"\n<p>Mem\u00f3ria Patrim\u00f4nio e hist\u00f3ria local<\/p>\n\n\n\n<p><strong>Hist\u00f3rico:<\/strong> &#8220;Imagem de Nossa Senhora de Ita\u00fana confeccionada em resina, com 1,30 m de altura, de semblante s\u00e9rio, olhos pretos de vidro, carna\u00e7\u00e3o morena clara, rosto comprido e cheio, cabelo ca\u00eddos sobre os ombros, sobrancelhas pretas, dedos compridos, vestido branco.<\/p>\n\n\n\n<p>Sobre o vestido, um manto azul da cor do c\u00e9u. Na m\u00e3o\ndireita, sobre o peito um ter\u00e7o de contas parecidos com gotas d&#8217;\u00e1gua de cristal\nincrustado com uma cruz tamb\u00e9m de cristal de forte resplendor. Na m\u00e3o esquerda,\numa fl\u00e2mula muito branca, transparente, no formato de um tri\u00e2ngulo com dizeres\nescritos em dourado e letras mai\u00fasculas, a saber: &#8220;JESUS CHRISTO ETERNO\nDEUS O PAGANISMO AMEA\u00c7A O MUNDO ERGUEI O ALTAR ORAI COM F\u00c9 E V\u00d3S VEREIS O\nMILAGRE DA CONVERS\u00c3O&#8221;, com a cruz tamb\u00e9m em metal dourado.<\/p>\n\n\n\n<p>A imagem est\u00e1 sob uma base moldada juntamente com a mesma e\nfeita com o mesmo material (resina) e se apoia em um altar feito de pedras de\nmin\u00e9rio sob a qual goteja \u00e1gua proveniente de duas tubula\u00e7\u00f5es instaladas na\nparte superior da gruta via SAAE (Sistema de Abastecimento Caderno do\nPatrim\u00f4nio Cultural de Ita\u00fana 29 de \u00c1gua e Esgoto de Ita\u00fana). \u00c0 volta de sua\nbase h\u00e1 flores confeccionadas em pl\u00e1stico par ornamento do altar.<\/p>\n\n\n\n<p>Mesmo sendo uma imagem recente, de 2002, consiste numa pe\u00e7a\n\u00fanica, pois foi confeccionada de forma exclusiva, n\u00e3o existindo outra igual. As\ndemais imagens de Nossa Senhora de Ita\u00fana existentes s\u00e3o produzidas em maior\nescala, atrav\u00e9s de uma forma \u00fanica para devotos que desejem adquiri-la. Este\nfator justifica a necessidade de preserva\u00e7\u00e3o da mesma, visto que, caso lhe\naconte\u00e7a algo n\u00e3o teremos outra id\u00eantica, pois as demais mesmo conservando as\ncaracter\u00edsticas pr\u00f3prias n\u00e3o s\u00e3o id\u00eanticas \u00e0 que permanece em adora\u00e7\u00e3o no altar\nda Gruta de Nossa Senhora de Ita\u00fana.<\/p>\n\n\n\n<p>Mesmo sendo uma imagem recente, de 2002, consiste numa pe\u00e7a \u00fanica, pois foi confeccionada de forma exclusiva, n\u00e3o existindo outra igual. As demais imagens de Nossa Senhora de Ita\u00fana existentes s\u00e3o produzidas em maior escala, atrav\u00e9s de uma forma \u00fanica para devotos que desejem adquiri-la. Este fator justifica a necessidade de preserva\u00e7\u00e3o da mesma, visto que, caso lhe aconte\u00e7a algo n\u00e3o teremos outra id\u00eantica, pois as demais mesmo conservando as caracter\u00edsticas pr\u00f3prias n\u00e3o s\u00e3o id\u00eanticas \u00e0 que permanece em adora\u00e7\u00e3o no altar da Gruta de Nossa Senhora de Ita\u00fana.&#8221;<\/p>\n\n\n\n<p>\n\nTexto retirado do Caderno do Patrim\u00f4nio Cultural de Ita\u00fana: Bens Patrimoniais Tombados e Registrados. Edi\u00e7\u00e3o 01, Ita\u00fana: Codempace, 2017.\n\n<\/p>\n\n\n\n<ul class=\"wp-block-gallery columns-3 is-cropped wp-block-gallery-1 is-layout-flex wp-block-gallery-is-layout-flex\"><li class=\"blocks-gallery-item\"><figure><img loading=\"lazy\" decoding=\"async\" width=\"311\" height=\"162\" src=\"https:\/\/mapadadiversidade.com.br\/itauna\/wp-content\/uploads\/2019\/06\/NOSSA-SENHORA-2.jpg\" alt=\"\" data-id=\"547\" data-link=\"https:\/\/mapadadiversidade.com.br\/itauna\/?attachment_id=547\" class=\"wp-image-547\" srcset=\"https:\/\/mapadadiversidade.com.br\/itauna\/wp-content\/uploads\/2019\/06\/NOSSA-SENHORA-2.jpg 311w, https:\/\/mapadadiversidade.com.br\/itauna\/wp-content\/uploads\/2019\/06\/NOSSA-SENHORA-2-300x156.jpg 300w\" sizes=\"auto, (max-width: 311px) 100vw, 311px\" \/><\/figure><\/li><li class=\"blocks-gallery-item\"><figure><img loading=\"lazy\" decoding=\"async\" width=\"1024\" height=\"768\" src=\"https:\/\/mapadadiversidade.com.br\/itauna\/wp-content\/uploads\/2019\/06\/NOSSA-SENHORA-3-1024x768.jpg\" alt=\"\" data-id=\"548\" data-link=\"https:\/\/mapadadiversidade.com.br\/itauna\/?attachment_id=548\" class=\"wp-image-548\" srcset=\"https:\/\/mapadadiversidade.com.br\/itauna\/wp-content\/uploads\/2019\/06\/NOSSA-SENHORA-3-1024x768.jpg 1024w, https:\/\/mapadadiversidade.com.br\/itauna\/wp-content\/uploads\/2019\/06\/NOSSA-SENHORA-3-300x225.jpg 300w, https:\/\/mapadadiversidade.com.br\/itauna\/wp-content\/uploads\/2019\/06\/NOSSA-SENHORA-3-768x576.jpg 768w, https:\/\/mapadadiversidade.com.br\/itauna\/wp-content\/uploads\/2019\/06\/NOSSA-SENHORA-3.jpg 1844w\" sizes=\"auto, (max-width: 1024px) 100vw, 1024px\" \/><\/figure><\/li><li class=\"blocks-gallery-item\"><figure><img loading=\"lazy\" decoding=\"async\" width=\"332\" height=\"427\" src=\"https:\/\/mapadadiversidade.com.br\/itauna\/wp-content\/uploads\/2019\/06\/NOSSA-SENHORA.jpg\" alt=\"\" data-id=\"549\" data-link=\"https:\/\/mapadadiversidade.com.br\/itauna\/?attachment_id=549\" class=\"wp-image-549\" srcset=\"https:\/\/mapadadiversidade.com.br\/itauna\/wp-content\/uploads\/2019\/06\/NOSSA-SENHORA.jpg 332w, https:\/\/mapadadiversidade.com.br\/itauna\/wp-content\/uploads\/2019\/06\/NOSSA-SENHORA-233x300.jpg 233w\" sizes=\"auto, (max-width: 332px) 100vw, 332px\" \/><\/figure><\/li><\/ul>\n","protected":false},"excerpt":{"rendered":"<p>Patrim\u00f4nio religioso de Ita\u00fana.<\/p>\n","protected":false},"author":6,"featured_media":549,"comment_status":"open","ping_status":"open","sticky":false,"template":"","format":"standard","meta":{"footnotes":""},"categories":[1,48],"tags":[111,108,101,102,109],"class_list":["post-545","post","type-post","status-publish","format-standard","has-post-thumbnail","hentry","category-itauna","category-memoria-patrimonio-e-historia-local","tag-cultura-de-itauna","tag-historia-local","tag-patrimonio-cultural","tag-patrimonio-historico","tag-religiosidade","item-wrap"],"_links":{"self":[{"href":"https:\/\/mapadadiversidade.com.br\/itauna\/wp-json\/wp\/v2\/posts\/545","targetHints":{"allow":["GET"]}}],"collection":[{"href":"https:\/\/mapadadiversidade.com.br\/itauna\/wp-json\/wp\/v2\/posts"}],"about":[{"href":"https:\/\/mapadadiversidade.com.br\/itauna\/wp-json\/wp\/v2\/types\/post"}],"author":[{"embeddable":true,"href":"https:\/\/mapadadiversidade.com.br\/itauna\/wp-json\/wp\/v2\/users\/6"}],"replies":[{"embeddable":true,"href":"https:\/\/mapadadiversidade.com.br\/itauna\/wp-json\/wp\/v2\/comments?post=545"}],"version-history":[{"count":5,"href":"https:\/\/mapadadiversidade.com.br\/itauna\/wp-json\/wp\/v2\/posts\/545\/revisions"}],"predecessor-version":[{"id":895,"href":"https:\/\/mapadadiversidade.com.br\/itauna\/wp-json\/wp\/v2\/posts\/545\/revisions\/895"}],"wp:featuredmedia":[{"embeddable":true,"href":"https:\/\/mapadadiversidade.com.br\/itauna\/wp-json\/wp\/v2\/media\/549"}],"wp:attachment":[{"href":"https:\/\/mapadadiversidade.com.br\/itauna\/wp-json\/wp\/v2\/media?parent=545"}],"wp:term":[{"taxonomy":"category","embeddable":true,"href":"https:\/\/mapadadiversidade.com.br\/itauna\/wp-json\/wp\/v2\/categories?post=545"},{"taxonomy":"post_tag","embeddable":true,"href":"https:\/\/mapadadiversidade.com.br\/itauna\/wp-json\/wp\/v2\/tags?post=545"}],"curies":[{"name":"wp","href":"https:\/\/api.w.org\/{rel}","templated":true}]}}