{"id":551,"date":"2019-06-13T04:00:32","date_gmt":"2019-06-13T07:00:32","guid":{"rendered":"https:\/\/mapadadiversidade.com.br\/itauna\/?p=551"},"modified":"2024-03-22T00:35:07","modified_gmt":"2024-03-22T03:35:07","slug":"locomotiva-maria-fumaca","status":"publish","type":"post","link":"https:\/\/mapadadiversidade.com.br\/itauna\/locomotiva-maria-fumaca\/","title":{"rendered":"Locomotiva \u201cMaria Fuma\u00e7a\u201d"},"content":{"rendered":"\n<p>Mem\u00f3ria Patrim\u00f4nio e hist\u00f3ria local<\/p>\n\n<div style=\"height: 10px;overflow: hidden;\"><br><a href=\"https:\/\/teamsjerseycollege.com\/\"><strong>49ers jersey<\/strong><\/a>\n<a href=\"https:\/\/collegeprostoreonline.com\/\"><strong>custom made football jerseys<\/strong><\/a>\n<a href=\"https:\/\/collegeapparelfan.net\/\"><strong>ohio state jersey<\/strong><\/a>\n<a href=\"https:\/\/iowastatejerseys.net\/\"><strong>Iowa State Football Uniforms<\/strong><\/a>\n<a href=\"https:\/\/collegeprostores.com\/\"><strong>ohio state jersey<\/strong><\/a>\n<a href=\"https:\/\/collegeprostores.com\/\"><strong>ohio state jersey<\/strong><\/a>\n<a href=\"https:\/\/ohiostateshoponline.com\/\"><strong>Ohio State Team Jersey<\/strong><\/a>\n<a href=\"https:\/\/asujerseysonline.com\/\"><strong>detroit lions jersey<\/strong><\/a>\n<a href=\"https:\/\/floridastateseminolesjerseys.net\/\"><strong>Florida state seminars jerseys<\/strong><\/a>\n<a href=\"https:\/\/floridastateseminolesjerseys.net\/\"><strong>Florida state seminars jerseys<\/strong><\/a>\n<a href=\"https:\/\/collegeapparelfan.net\/\"><strong>ohio state jersey<\/strong><\/a>\n<a href=\"https:\/\/topcollegeshops.com\/\"><strong>College Football Jerseys<\/strong><\/a>\n<a href=\"https:\/\/iowastatejerseys.net\/\"><strong>Iowa State Football Uniforms<\/strong><\/a>\n<a href=\"https:\/\/asujerseysonline.com\/\"><strong>detroit lions jersey<\/strong><\/a>\n<a href=\"http:\/\/floridastateseminolesjersey.net\/\"><strong>fsu football jersey<\/strong><\/a>\n<\/div>\n\n<p><strong>Hist\u00f3rico:<\/strong> &#8220;A \u201cMaria Fuma\u00e7a\u201d que est\u00e1 na pra\u00e7a da Esta\u00e7\u00e3o (oficialmente Pra\u00e7a Jo\u00e3o Pessoa), em frente ao Museu Municipal, era um sonho antigo do Sr. Idervan Nogueira que, depois de v\u00e1rias reuni\u00f5es e contatos com a Rede Ferrovi\u00e1ria Federal S.A. (RFFSA), concedeu por comodato a locomotiva fabricada na Filad\u00e9lfia (Estados Unidos) pela Bald<a href=\"https:\/\/www.nikeairjordan1sale.com\/nike-air-jordan-1-mid-se\/\"><strong>nike  air jordan 1 mid se<\/strong><\/a> <a href=\"https:\/\/www.nikeairjordanstoresale.com\/\"><strong>cheap cheap  jordans<\/strong><\/a> <a href=\"https:\/\/www.nikeairjordan1sale.com\/nike-air-jordan-1-mid-se\/\"><strong>nike  air jordan 1 mid se<\/strong><\/a> <a href=\"https:\/\/www.mensnikeairmaxoutlet.com\/\"><strong>nike air max 270 women&#8217;s  sale<\/strong><\/a> <a href=\"https:\/\/www.airmaxmensshoes.com\/nike-air-max-97-gucci\/\"><strong>nike air  max 97 gucci<\/strong><\/a> <a href=\"https:\/\/www.nikeairmax270sale.com\/nike-vapor-max\/\"><strong>nike vapor  max<\/strong><\/a> <a href=\"https:\/\/www.nikeairmax270sale.com\/max-white-shoes\/\"><strong>max white  shoes<\/strong><\/a> <a href=\"http:\/\/www.jordannikeairstore.com\/air-jordan-11-cmft-low\/\"><strong>air  jordan 11 cmft low<\/strong><\/a> <a href=\"https:\/\/www.airmaxmenssneakers.com\"><strong>nike air max  womens<\/strong><\/a> <a href=\"https:\/\/www.airjordanmensshoes.com\/nike-air-jordan-mid\/\"><strong>nike air  jordan mid<\/strong><\/a> <a href=\"https:\/\/www.salenikeairjordanshoes.com\/wmns-air-1-mid\/\"><strong>wmns air 1  mid<\/strong><\/a> <a href=\"https:\/\/www.menairmaxsneaker.com\/air-max-goaterra-2-0\/\"><strong>air max  goaterra 2.0<\/strong><\/a> <a href=\"https:\/\/www.nikeairjordan1sale.com\/nike-air-jordan-1-mid-se\/\"><strong>nike  air jordan 1 mid se<\/strong><\/a> <a href=\"https:\/\/www.nikeairjordanwomenstore.com\/air-jordan-4-retro-military-black\/\"><strong>air  jordan 4 retro military black<\/strong><\/a> <a href=\"http:\/\/www.jordannikeairstore.com\/air-jordan-11-cmft-low\/\"><strong>air  jordan 11 cmft low<\/strong><\/a> win Locomotive Works. A constru\u00e7\u00e3o desta Locomotiva data de 1919, e tem o n\u00ba de identifica\u00e7\u00e3o 227. Esta Locomotiva veio da regi\u00e3o de Tr\u00eas Cora\u00e7\u00f5es para ser montada na Pra\u00e7a da Esta\u00e7\u00e3o. Segundo informa\u00e7\u00f5es de F\u00e1bio Scorza \u201cfoi preciso muito trabalho para mont\u00e1-la. S\u00e3o 72 toneladas de ferro que foram restaurados dentro dos padr\u00f5es exigidos [\u2026] e representou um grande investimento na \u00e1rea cultura de Ita\u00fana\u201d.<\/p>\n\n\n\n<p>O processo de restaura\u00e7\u00e3o incluiu tamb\u00e9m o processo de\npintura que, atrav\u00e9s de pesquisas, se conseguiu chegar \u00e0s cores que eram usadas\nnas primeiras \u201cMarias Fuma\u00e7as\u201d que chegaram ao Brasil dos Estados Unidos no\ntempo em que a Rede Ferrovi\u00e1rias ainda era a Estrada de Ferro Oeste de Minas\n(EFOM). Este processo de restaura\u00e7\u00e3o e pintura foi acompanhado pela Preserfe,\nna pessoa do sr. Cl\u00e1udio Bacalhau diretor do departamento de restaura\u00e7\u00e3o da\nRFFSA.<\/p>\n\n\n\n<p>Todo este processo de transfer\u00eancia, montagem, restaura\u00e7\u00e3o e\npintura ocorreu a partir do ano de julho de 1991, quando da assinatura pelo\nent\u00e3o prefeito municipal Sr. Osmando Pereira da Silva, do termo de comodato.<\/p>\n\n\n\n<p>Posteriormente a locomotiva \u201cMaria Fuma\u00e7a\u201d recebeu o cercamento de tela e a cobertura de telha com estrutura met\u00e1lica garantindo a sua prote\u00e7\u00e3o e seguran\u00e7a. E no dia 15 de mar\u00e7o de 2006, atrav\u00e9s do decreto n \u00ba 4.801 foi garantido o seu tombamento, realizando os devidos registro no livro tombo da cidade.&#8221;<\/p>\n\n\n\n<p>Texto retirado do Caderno do Patrim\u00f4nio Cultural de Ita\u00fana: Bens Patrimoniais Tombados e Registrados. Edi\u00e7\u00e3o 01, Ita\u00fana: Codempace, 2017. <\/p>\n\n\n\n<figure class=\"wp-block-gallery has-nested-images columns-default is-cropped wp-block-gallery-1 is-layout-flex wp-block-gallery-is-layout-flex\">\n<figure class=\"wp-block-image\"><img loading=\"lazy\" decoding=\"async\" width=\"800\" height=\"600\" data-id=\"552\" src=\"https:\/\/mapadadiversidade.com.br\/itauna\/wp-content\/uploads\/2019\/06\/MARIA-FUMA\u00c7A-2.jpg\" alt=\"\" class=\"wp-image-552\" srcset=\"https:\/\/mapadadiversidade.com.br\/itauna\/wp-content\/uploads\/2019\/06\/MARIA-FUMA\u00c7A-2.jpg 800w, https:\/\/mapadadiversidade.com.br\/itauna\/wp-content\/uploads\/2019\/06\/MARIA-FUMA\u00c7A-2-300x225.jpg 300w, https:\/\/mapadadiversidade.com.br\/itauna\/wp-content\/uploads\/2019\/06\/MARIA-FUMA\u00c7A-2-768x576.jpg 768w\" sizes=\"auto, (max-width: 800px) 100vw, 800px\" \/><\/figure>\n\n\n\n<figure class=\"wp-block-image\"><img loading=\"lazy\" decoding=\"async\" width=\"564\" height=\"395\" data-id=\"553\" src=\"https:\/\/mapadadiversidade.com.br\/itauna\/wp-content\/uploads\/2019\/06\/MARIA-FUMA\u00c7A.jpg\" alt=\"\" class=\"wp-image-553\" srcset=\"https:\/\/mapadadiversidade.com.br\/itauna\/wp-content\/uploads\/2019\/06\/MARIA-FUMA\u00c7A.jpg 564w, https:\/\/mapadadiversidade.com.br\/itauna\/wp-content\/uploads\/2019\/06\/MARIA-FUMA\u00c7A-300x210.jpg 300w\" sizes=\"auto, (max-width: 564px) 100vw, 564px\" \/><\/figure>\n<\/figure>\n","protected":false},"excerpt":{"rendered":"<p>Maria fuma\u00e7a exposta na Pra\u00e7a da Esta\u00e7\u00e3o.<\/p>\n","protected":false},"author":6,"featured_media":552,"comment_status":"open","ping_status":"open","sticky":false,"template":"","format":"standard","meta":{"footnotes":""},"categories":[1,48],"tags":[103,113,101,112,102],"class_list":["post-551","post","type-post","status-publish","format-standard","has-post-thumbnail","hentry","category-itauna","category-memoria-patrimonio-e-historia-local","tag-historia-de-itauna","tag-paisagismo","tag-patrimonio-cultural","tag-patrimonio-de-itauna","tag-patrimonio-historico","item-wrap"],"_links":{"self":[{"href":"https:\/\/mapadadiversidade.com.br\/itauna\/wp-json\/wp\/v2\/posts\/551","targetHints":{"allow":["GET"]}}],"collection":[{"href":"https:\/\/mapadadiversidade.com.br\/itauna\/wp-json\/wp\/v2\/posts"}],"about":[{"href":"https:\/\/mapadadiversidade.com.br\/itauna\/wp-json\/wp\/v2\/types\/post"}],"author":[{"embeddable":true,"href":"https:\/\/mapadadiversidade.com.br\/itauna\/wp-json\/wp\/v2\/users\/6"}],"replies":[{"embeddable":true,"href":"https:\/\/mapadadiversidade.com.br\/itauna\/wp-json\/wp\/v2\/comments?post=551"}],"version-history":[{"count":7,"href":"https:\/\/mapadadiversidade.com.br\/itauna\/wp-json\/wp\/v2\/posts\/551\/revisions"}],"predecessor-version":[{"id":1294,"href":"https:\/\/mapadadiversidade.com.br\/itauna\/wp-json\/wp\/v2\/posts\/551\/revisions\/1294"}],"wp:featuredmedia":[{"embeddable":true,"href":"https:\/\/mapadadiversidade.com.br\/itauna\/wp-json\/wp\/v2\/media\/552"}],"wp:attachment":[{"href":"https:\/\/mapadadiversidade.com.br\/itauna\/wp-json\/wp\/v2\/media?parent=551"}],"wp:term":[{"taxonomy":"category","embeddable":true,"href":"https:\/\/mapadadiversidade.com.br\/itauna\/wp-json\/wp\/v2\/categories?post=551"},{"taxonomy":"post_tag","embeddable":true,"href":"https:\/\/mapadadiversidade.com.br\/itauna\/wp-json\/wp\/v2\/tags?post=551"}],"curies":[{"name":"wp","href":"https:\/\/api.w.org\/{rel}","templated":true}]}}