{"id":557,"date":"2019-06-07T15:50:22","date_gmt":"2019-06-07T18:50:22","guid":{"rendered":"https:\/\/mapadadiversidade.com.br\/itauna\/?p=557"},"modified":"2019-06-09T12:16:18","modified_gmt":"2019-06-09T15:16:18","slug":"imagem-senhora-santana","status":"publish","type":"post","link":"https:\/\/mapadadiversidade.com.br\/itauna\/imagem-senhora-santana\/","title":{"rendered":"Imagem Senhora Sant\u2019Ana"},"content":{"rendered":"\n<p>Mem\u00f3ria Patrim\u00f4nio e hist\u00f3ria local<\/p>\n\n\n\n<p><strong>Hist\u00f3rico:<\/strong> &#8220;O hist\u00f3rico desta imagem \u00e9 um tanto dif\u00edcil de precisar, uma vez que n\u00e3o comprova\u00e7\u00e3o documental de sua origem, bem como registro de sua chegada \u00e0 Ita\u00fana. Segundo algumas pesquisas orais e interpreta\u00e7\u00f5es de documenta\u00e7\u00e3o referente aos primeiros colonos que chegaram na regi\u00e3o foi poss\u00edvel elaborar um pequeno relato que serve como registro hist\u00f3rico, sem, no entanto, fechar a quest\u00e3o, visto a impress\u00e3o das informa\u00e7\u00f5es. Assim, com esta consci\u00eancia podemos afirmar que a hist\u00f3ria da Imagem de Senhora Santana permanecer\u00e1 em aberto, de modo que poder\u00e1 receber mais informa\u00e7\u00f5es provenientes de pesquisas futuras.<\/p>\n\n\n\n<p>terras de Santana do S\u00e3o Jo\u00e3o Acima est\u00e1, tamb\u00e9m pela\ntradi\u00e7\u00e3o, depositada na pessoa de Manoel Teixeira Sobreira, fazendeiro e\nminerador que se instalou como sesmeiro \u201c\u00e0 beira do Rio \u00c1guas Claras. Neste\nlugar, iniciou a forma\u00e7\u00e3o de um n\u00facleo conhecido com o nome de Rocinha&#8230; vindo\na se tornar a cidade de Bonfim.\u201d (ANDRADE, 1975, p.04). Continua Edward Andrade\n(1975) que este Manoel Teixeira Sobreira \u201cera devoto do Senhor do Bonfim\u201d e por\neste motivo teria mandado construir uma capela em \u00c1guas Claras, que hoje \u00e9 a\nMatriz de Bonfim. Al\u00e9m disso, este mesmo Manoel Teixeira havia encomendado de\nPortugal al\u00e9m da imagem do Senhor do Bonfim, outras duas imagens da Senhora\nSant\u2019Ana. Estas imagens teriam sido doadas para Sant\u2019Ana do Paraopeba,\nmunic\u00edpio de Belo Vale, e a outra para Santana do S\u00e3o Jo\u00e3o Acima, hoje Ita\u00fana.<\/p>\n\n\n\n<p>A grande quest\u00e3o, no entanto, \u00e9 precisar a data de doa\u00e7\u00e3o\ndesta imagem, visto que a provis\u00e3o para a Constru\u00e7\u00e3o da Capela de Sant\u2019Ana data\nde 1750 e que seu t\u00e9rmino \u00e9 de 1765. Seria poss\u00edvel estas datas servirem de\nrefer\u00eancia? Jo\u00e3o Dornas Filho, em sua obra \u201cContribui\u00e7\u00e3o para a Hist\u00f3ria do\nMunic\u00edpio\u201d nos ajuda sobre o assunto ao afirmar:<\/p>\n\n\n\n<p>\u201co curato de Sant\u2019Anna do Rio de S\u00e3o Jo\u00e3o Acima parece foi\ncriado em data anterior a 1778, pois nesse ano a capela j\u00e1 estava constru\u00edda e\na padroeira j\u00e1 fazia j\u00fas a votos de reconhecimento, como se verifica de um\nquadro de madeira encontrado na sacristia, que diz assim \u201cMilagre que fez a\nSra. Sta. Anna a Franca da S. q. padece hua mol\u00e9stia de hua malina, e\nemplorando ao patrosinio da da sra. ficou Sam no ano de MDCCXXXXXXXVIII\u201d.\n(1936, p.16-17)<\/p>\n\n\n\n<p>A partir deste texto de Jo\u00e3o Dornas e acreditando que a\n\u201cpadroeira\u201d que fazia \u201cj\u00fas a votos\u201d no ano de 1778 se trata da mesma imagem,\npodemos ent\u00e3o considerar, por dedu\u00e7\u00e3o, que a imagem da Senhora Sant\u2019Ana est\u00e1\npresente nos prim\u00f3rdios de nosso munic\u00edpio.<\/p>\n\n\n\n<p>A imagem Senhora Sant\u2019Ana \u00e9 em madeira policromada, cuja tipologia se refere \u00e0 Sant\u2019Ana Mestra e, ao longo de sua perman\u00eancia na vida da matriz, tem cultivado o carinho e o cuidado da popula\u00e7\u00e3o itaunense.&#8221;<\/p>\n\n\n\n<p>Texto retirado do Caderno do Patrim\u00f4nio Cultural de Ita\u00fana: Bens Patrimoniais Tombados e Registrados. Edi\u00e7\u00e3o 01, Ita\u00fana: Codempace, 2017. <\/p>\n\n\n\n<figure class=\"wp-block-image\"><img loading=\"lazy\" decoding=\"async\" width=\"237\" height=\"331\" src=\"https:\/\/mapadadiversidade.com.br\/itauna\/wp-content\/uploads\/2019\/06\/SANTANA.png\" alt=\"\" class=\"wp-image-558\" srcset=\"https:\/\/mapadadiversidade.com.br\/itauna\/wp-content\/uploads\/2019\/06\/SANTANA.png 237w, https:\/\/mapadadiversidade.com.br\/itauna\/wp-content\/uploads\/2019\/06\/SANTANA-215x300.png 215w\" sizes=\"auto, (max-width: 237px) 100vw, 237px\" \/><\/figure>\n","protected":false},"excerpt":{"rendered":"<p>Patrim\u00f4nio religioso.<\/p>\n","protected":false},"author":6,"featured_media":558,"comment_status":"open","ping_status":"open","sticky":false,"template":"","format":"standard","meta":{"footnotes":""},"categories":[1,48],"tags":[111,103,108,101,102,109],"class_list":["post-557","post","type-post","status-publish","format-standard","has-post-thumbnail","hentry","category-itauna","category-memoria-patrimonio-e-historia-local","tag-cultura-de-itauna","tag-historia-de-itauna","tag-historia-local","tag-patrimonio-cultural","tag-patrimonio-historico","tag-religiosidade","item-wrap"],"_links":{"self":[{"href":"https:\/\/mapadadiversidade.com.br\/itauna\/wp-json\/wp\/v2\/posts\/557","targetHints":{"allow":["GET"]}}],"collection":[{"href":"https:\/\/mapadadiversidade.com.br\/itauna\/wp-json\/wp\/v2\/posts"}],"about":[{"href":"https:\/\/mapadadiversidade.com.br\/itauna\/wp-json\/wp\/v2\/types\/post"}],"author":[{"embeddable":true,"href":"https:\/\/mapadadiversidade.com.br\/itauna\/wp-json\/wp\/v2\/users\/6"}],"replies":[{"embeddable":true,"href":"https:\/\/mapadadiversidade.com.br\/itauna\/wp-json\/wp\/v2\/comments?post=557"}],"version-history":[{"count":5,"href":"https:\/\/mapadadiversidade.com.br\/itauna\/wp-json\/wp\/v2\/posts\/557\/revisions"}],"predecessor-version":[{"id":897,"href":"https:\/\/mapadadiversidade.com.br\/itauna\/wp-json\/wp\/v2\/posts\/557\/revisions\/897"}],"wp:featuredmedia":[{"embeddable":true,"href":"https:\/\/mapadadiversidade.com.br\/itauna\/wp-json\/wp\/v2\/media\/558"}],"wp:attachment":[{"href":"https:\/\/mapadadiversidade.com.br\/itauna\/wp-json\/wp\/v2\/media?parent=557"}],"wp:term":[{"taxonomy":"category","embeddable":true,"href":"https:\/\/mapadadiversidade.com.br\/itauna\/wp-json\/wp\/v2\/categories?post=557"},{"taxonomy":"post_tag","embeddable":true,"href":"https:\/\/mapadadiversidade.com.br\/itauna\/wp-json\/wp\/v2\/tags?post=557"}],"curies":[{"name":"wp","href":"https:\/\/api.w.org\/{rel}","templated":true}]}}