{"id":561,"date":"2019-06-07T16:04:25","date_gmt":"2019-06-07T19:04:25","guid":{"rendered":"https:\/\/mapadadiversidade.com.br\/itauna\/?p=561"},"modified":"2019-06-09T12:14:25","modified_gmt":"2019-06-09T15:14:25","slug":"acervo-do-museu-antonio-martins","status":"publish","type":"post","link":"https:\/\/mapadadiversidade.com.br\/itauna\/acervo-do-museu-antonio-martins\/","title":{"rendered":"Acervo do Museu \u201cAnt\u00f4nio Martins"},"content":{"rendered":"\n<p>Mem\u00f3ria Patrim\u00f4nio e hist\u00f3ria local<\/p>\n\n\n\n<p><strong>Hist\u00f3rico:<\/strong> &#8220;Fundado no ano de 2000, por F\u00e1bio Lopes de Lima, natural de S\u00e3o Jo\u00e3o del Rei, neto de Ant\u00f4nio Martins de Lima. Ant\u00f4nio Martins de Lima trabalhou por mais de 30 anos como mestre de obras em restaura\u00e7\u00e3o de monumentos hist\u00f3rico \u00e0 servi\u00e7o do SPHAN, atual IPHAN, sob a dire\u00e7\u00e3o de Rodrigo Melo Franco de Andrade na regi\u00e3o de S\u00e3o Jo\u00e3o del Rei.<\/p>\n\n\n\n<p>A lembran\u00e7a das palavras e a imagem gravada na mem\u00f3ria de\nsuas m\u00e3os trabalhando na confec\u00e7\u00e3o de carros de bois, e utens\u00edlios rurais\nexerceram forte influ\u00eancia sobre os ideais de F\u00e1bio Lopes de Lima e o inspirou\na desenvolver um centro de mem\u00f3ria e de conserva\u00e7\u00e3o de nossa hist\u00f3ria em\nhomenagem a seu av\u00f4. Foi deste sonho que nasceu o Museu Etnogr\u00e1fico \u201cAnt\u00f4nio\nMartins de Lima\u201d.<\/p>\n\n\n\n<p>Iniciado em terreno particular denominado \u201cRecanto da\nSodade\u201d, localizado na comunidade rural de Cachoeirinha, o referido museu teve\ncomo objetivo:<\/p>\n\n\n\n<p>\u201cRecolher, restaurar, expor permanentemente os objetos de\nuso de nossos antepassados, possibilitando \u00e0s pessoas observaram o modo de vida\ne a maneira de trabalho, rela\u00e7\u00f5es sociais, jur\u00eddicas, econ\u00f4micas, religiosas e\nculturais de nossa sociedade no decorrer de sua hist\u00f3ria despertando o respeito\nper aqueles que trilharam com dificuldades o caminho j\u00e1 batido de nossas\natividades atuais.\u201d<\/p>\n\n\n\n<p>Al\u00e9m desse objetivo geral afirma ainda F\u00e1bio outros\nobjetivos:<\/p>\n\n\n\n<p>\u201cTornar-se um cento de refer\u00eancia de pesquisa\nhist\u00f3rico-etnogr\u00e1fica sendo um centro irradiador e formador de conservadores de\nnossa hist\u00f3ria.\u201d<\/p>\n\n\n\n<p>Com o desenvolvimento de suas atividades e o envolvimento de\npessoas com gosto apurado para a montagem do referido museu a Ch\u00e1cara \u201cRecanto\nda Sodade\u201d recebeu a constru\u00e7\u00e3o de uma capelinha em estilo barroco colonial\ncomo modelo e caracter\u00edstica da cultura mineira, e o museu, durante anos\nrecebeu a visita de in\u00fameras pessoas vindas de v\u00e1rios locais.<\/p>\n\n\n\n<p>Depois de 03 anos de atividade, este museu conseguiu,\natrav\u00e9s de doa\u00e7\u00f5es, receber grande e diversificado acervo etnogr\u00e1fico, que foi\ncatalogado e organizado por seu criador e por volunt\u00e1rios.<\/p>\n\n\n\n<p>Em setembro de 2002 deu in\u00edcio o processo de tombamento do\nacervo do referido museu. Finalmente no dia 23 de abril de 2003 o \u201cacervo dos\nbens m\u00f3veis e integrados do Museu Etnogr\u00e1fico \u201cAnt\u00f4nio Martins de Lima\u201d, ainda\nlocalizado no \u201cRecanto da Sodade\u201d na comunidade rural de Cachoeirinha foi\ntombado provisoriamente, conforme o art. 1\u00ba da Lei N\u00ba 3.353\/98. O acervo era\nconstitu\u00eddo, quando de seu tombamento de 308 bens m\u00f3veis e 04 bem integrados. O\ndecreto de Tombamento definitivo foi publicado em 26 de Setembro de 2003, sob o\nN\u00ba 4.503. Encontrasse neste decreto a Lista completa dos Bens M\u00f3veis e dos Bens\nIntegrados.<\/p>\n\n\n\n<p>Em 2005 o acervo do Museu foi entregue aos cuidados da Prefeitura Municipal de Ita\u00fana, sendo que grande parte de seu acervo foi transferido para um espa\u00e7o alugado na pra\u00e7a da Esta\u00e7\u00e3o. Enquanto que os bens integrados permaneceram no \u201cRecanto da Sodade\u201d. Com o fim do contrato de aluguel os bens foram transferidos para o Museu Municipal \u201cFrancisco Manoel Franco\u201d. Com o espa\u00e7o do deste Museu n\u00e3o era suficiente para abrigar todas as pe\u00e7as do Acervo, este ficou empilhado em um canto por mais de 4 anos. Depois foi transferido novamente para um c\u00f4modo da antiga Secretaria da Educa\u00e7\u00e3o e Cultura, e finalmente, o que pode ser identificado foi transferido novamente para a reserva t\u00e9cnica do Espa\u00e7o Cultural e l\u00e1 se encontra aguardando um posicionamento definitivo para o mesmo.&#8221;<\/p>\n\n\n\n<p>Texto retirado do Caderno do Patrim\u00f4nio Cultural de Ita\u00fana: Bens Patrimoniais Tombados e Registrados. Edi\u00e7\u00e3o 01, Ita\u00fana: Codempace, 2017. <\/p>\n\n\n\n<figure class=\"wp-block-image\"><img loading=\"lazy\" decoding=\"async\" width=\"589\" height=\"399\" src=\"https:\/\/mapadadiversidade.com.br\/itauna\/wp-content\/uploads\/2019\/06\/MUSEU-CAPELA.png\" alt=\"\" class=\"wp-image-562\" srcset=\"https:\/\/mapadadiversidade.com.br\/itauna\/wp-content\/uploads\/2019\/06\/MUSEU-CAPELA.png 589w, https:\/\/mapadadiversidade.com.br\/itauna\/wp-content\/uploads\/2019\/06\/MUSEU-CAPELA-300x203.png 300w\" sizes=\"auto, (max-width: 589px) 100vw, 589px\" \/><\/figure>\n","protected":false},"excerpt":{"rendered":"<p>Pequeno museu na zona rural de Ita\u00fana.<\/p>\n","protected":false},"author":6,"featured_media":562,"comment_status":"open","ping_status":"open","sticky":false,"template":"","format":"standard","meta":{"footnotes":""},"categories":[1,48],"tags":[111,101,112,102],"class_list":["post-561","post","type-post","status-publish","format-standard","has-post-thumbnail","hentry","category-itauna","category-memoria-patrimonio-e-historia-local","tag-cultura-de-itauna","tag-patrimonio-cultural","tag-patrimonio-de-itauna","tag-patrimonio-historico","item-wrap"],"_links":{"self":[{"href":"https:\/\/mapadadiversidade.com.br\/itauna\/wp-json\/wp\/v2\/posts\/561","targetHints":{"allow":["GET"]}}],"collection":[{"href":"https:\/\/mapadadiversidade.com.br\/itauna\/wp-json\/wp\/v2\/posts"}],"about":[{"href":"https:\/\/mapadadiversidade.com.br\/itauna\/wp-json\/wp\/v2\/types\/post"}],"author":[{"embeddable":true,"href":"https:\/\/mapadadiversidade.com.br\/itauna\/wp-json\/wp\/v2\/users\/6"}],"replies":[{"embeddable":true,"href":"https:\/\/mapadadiversidade.com.br\/itauna\/wp-json\/wp\/v2\/comments?post=561"}],"version-history":[{"count":5,"href":"https:\/\/mapadadiversidade.com.br\/itauna\/wp-json\/wp\/v2\/posts\/561\/revisions"}],"predecessor-version":[{"id":889,"href":"https:\/\/mapadadiversidade.com.br\/itauna\/wp-json\/wp\/v2\/posts\/561\/revisions\/889"}],"wp:featuredmedia":[{"embeddable":true,"href":"https:\/\/mapadadiversidade.com.br\/itauna\/wp-json\/wp\/v2\/media\/562"}],"wp:attachment":[{"href":"https:\/\/mapadadiversidade.com.br\/itauna\/wp-json\/wp\/v2\/media?parent=561"}],"wp:term":[{"taxonomy":"category","embeddable":true,"href":"https:\/\/mapadadiversidade.com.br\/itauna\/wp-json\/wp\/v2\/categories?post=561"},{"taxonomy":"post_tag","embeddable":true,"href":"https:\/\/mapadadiversidade.com.br\/itauna\/wp-json\/wp\/v2\/tags?post=561"}],"curies":[{"name":"wp","href":"https:\/\/api.w.org\/{rel}","templated":true}]}}