{"id":565,"date":"2019-06-13T11:00:15","date_gmt":"2019-06-13T14:00:15","guid":{"rendered":"https:\/\/mapadadiversidade.com.br\/itauna\/?p=565"},"modified":"2024-03-04T00:47:32","modified_gmt":"2024-03-04T03:47:32","slug":"festa-de-nossa-senhora-do-rosario","status":"publish","type":"post","link":"https:\/\/mapadadiversidade.com.br\/itauna\/festa-de-nossa-senhora-do-rosario\/","title":{"rendered":"Festa de Nossa Senhora do Ros\u00e1rio"},"content":{"rendered":"\n<p>Festividade<\/p>\n\n\n\n<p><strong>Hist\u00f3rico:<\/strong> &#8220;Quase todo itaunense sabe que a Festa do Reinado, ou do Congado \u00e9 centen\u00e1ria. Mas poucos conhecem as origens desta festa. Esta falta de conhecimento \u00e9, em parte, pela aus\u00eancia de regis<a href=\"https:\/\/www.nikeairjordanstoresale.com\/\"><strong>cheapest jordan  4s<\/strong><\/a> <a href=\"https:\/\/www.airmaxmennike.com\/\"><strong>nike air max  270<\/strong><\/a> <a href=\"https:\/\/www.nikeairmax270sale.com\/nike-vapor-max\/\"><strong>nike vapor  max<\/strong><\/a> <a href=\"https:\/\/www.airmaxmensshoes.com\/nike-air-max-97-gucci\/\"><strong>nike air  max 97 gucci<\/strong><\/a> <a href=\"https:\/\/www.salenikeairmaxshoe.com\/nike-air-max-270-mens\/\"><strong>nike  air max 270 men&#8217;s<\/strong><\/a> <a href=\"https:\/\/www.airjordanmenssneakers.com\/nike-jordan-series-06\/\"><strong>nike  jordan series 06<\/strong><\/a> <a href=\"https:\/\/www.nikeairjordanstoresale.com\/\"><strong>cheapest jordan  4s<\/strong><\/a> <a href=\"https:\/\/www.mensairmaxnike.com\/nike-air-max-pre-day\/\"><strong>nike air max  pre day<\/strong><\/a> <a href=\"https:\/\/www.nikeairmax270sale.com\/max-white-shoes\/\"><strong>max white  shoes<\/strong><\/a> <a href=\"https:\/\/www.nikeairmax270sale.com\/max-white-shoes\/\"><strong>max white  shoes<\/strong><\/a> <a href=\"https:\/\/www.airjordanmenssneakers.com\/nike-jordan-series-06\/\"><strong>nike  jordan series 06<\/strong><\/a> <a href=\"https:\/\/www.nikeairjordanwomenstore.com\/air-jordan-4-retro-military-black\/\"><strong>air  jordan 4 retro military black<\/strong><\/a> <a href=\"https:\/\/www.nikeairjordan1sale.com\/nike-air-jordan-1-mid-se\/\"><strong>nike  air jordan 1 mid se<\/strong><\/a> <a href=\"https:\/\/www.nikeairmax270sale.com\/max-white-shoes\/\"><strong>max white  shoes<\/strong><\/a> <a href=\"https:\/\/www.airmaxmenssneakers.com\"><strong>air max  95<\/strong><\/a> tro no passado e as dificuldades enfrentadas pela pr\u00f3pria popula\u00e7\u00e3o, que nem sempre teve o cuidado de registr\u00e1-la ou de deixar elementos destas festas para a posteridade. No entanto, temos que recorrer a mem\u00f3ria dos mais velhos para identificar alguns elementos do passado e, a partir desta mem\u00f3ria oral, registrar as informa\u00e7\u00f5es necess\u00e1rias que possa narrar a hist\u00f3ria desta festa. Este trabalho foi, em parte realizado e agora est\u00e1 sendo escrito. Mas at\u00e9 este texto ficar pronto, registraremos aqui o que sabemos sobre a festa mais popular de Ita\u00fana: a Festa do Reinado de Nossa Senhora do Ros\u00e1rio.<\/p>\n\n\n\n<p>Os primeiros registros sobre a tradi\u00e7\u00e3o da Festa de Nossa\nSenhora do Ros\u00e1rio em Ita\u00fana datam de 1853, quando das trocas da Matriz de\nIta\u00fana para uma antiga capela dedicada \u00e0 Nossa Senhora do Ros\u00e1rio, situada na\natual pra\u00e7a da Matriz. A exist\u00eancia desta capelinha dedicada a Nossa Senhora do\nRos\u00e1rio nos \u00e9 apontada por Jo\u00e3o Dornas Filho, na p\u00e1gina 22 do livro \u201cIta\u00fana &#8211;\ncontribui\u00e7\u00e3o para a hist\u00f3ria do munic\u00edpio\u201d. No entanto, \u00e9 prov\u00e1vel que este\nfestejo popular seja anterior a esta data, visto a exist\u00eancia de uma capela\ndedicada \u00e0 Virgem do Ros\u00e1rio, sendo tradi\u00e7\u00e3o em Minas Gerais a exist\u00eancia de\nconfrarias e irmandades da popula\u00e7\u00e3o de origem africana.<\/p>\n\n\n\n<p>Ainda \u00e9 Jo\u00e3o Dornas que afirma que \u201cdesde 1856 at\u00e9 1930,\nrealizavam-se nella os festejos do Reinado da Senhora do Ros\u00e1rio\u201d (p.16). Assim\nsendo, podemos tomar como certo que a Festa de Nossa Senhora do Ros\u00e1rio tem sua\nexist\u00eancia confirmada j\u00e1 no ano de 1856, mas podendo ser anterior a esta data\npela exist\u00eancia da Capela a ela dedicada e que deu seu lugar \u00e0 Matriz de\nSant\u2019Ana. E ap\u00f3s 1930 a Festa do Ros\u00e1rio passa a ser celebrada na Capela de\nNossa Senhora do Ros\u00e1rio no alto do morro (atual capela).<\/p>\n\n\n\n<p>Embora tenhamos isso como certo, devemos recorrer ainda a\nJo\u00e3o Dornas Filho em outra brilhante passagem de sua obra j\u00e1 citada onde diz:<\/p>\n\n\n\n<p>Grande centro de escravos que era a freguesia, os pretos resolveram um dia construir, nas horas de folga, uma capella para a sua santa. Conclu\u00edda em 1845, trataram de transportar para ella a imagem da Senhora do Ros\u00e1rio, com grandes e ruidosa festas semi-barbaras(sic). A imagem, entretanto, n\u00e3o permanecia na nova capella. Foi quando o padre Miranda, ent\u00e3o vig\u00e1rio da freguesia, prop\u00f4z(sic) mudar-se a Matriz, para a capella de baixo, deixando a do morro para a Senhora do Ros\u00e1rio. E fez-se a troca. A toque de caixas e canto de reinado, foi reconduzida a imagem para a capella (sic) do alto, onde est\u00e1 at\u00e9 hoje e de onde nunca mais desappareceu(sic)&#8230; Isso \u00e9 que originou uma das mais pittorescas(sic) tradi\u00e7\u00f5es de Ita\u00fana, que \u00e9 o Reinado, extinta por ondem archiepiscopal(sic) em 1930.<\/p>\n\n\n\n<p>Aqui ponto importante \u00e9 a extin\u00e7\u00e3o da festa do Reinado por\nordem de D. Cabral. Fato \u00e9 que, na d\u00e9cada de 1930 e 1940, o arcebispo da\nArquidiocese de Belo Horizonte, D. Cabral, visando a purifica\u00e7\u00e3o dos ritos\ncat\u00f3licos proibiu que os grupos de Congado entrassem nos templos com seus\ninstrumentos e dan\u00e7as. Em Ita\u00fana, ocorreu uma ruptura entre os negros que\nfaziam a Festa de Nossa Senhora do Ros\u00e1rio. Foi por este motivo que os negros,\nproibidos de entrarem na Capela de Nossa Senhora do Ros\u00e1rio, deixaram de\npertencer a Irmandade de Nossa Senhora do Ros\u00e1rio e fundaram uma nova Irmandade\ndenominada de Irmandade das Sete Guardas e constru\u00edram ao lado do antigo templo\numa nova capelinha onde continuaram a realizar a Festa de Nossa Senhora do\nRos\u00e1rio. Com o tempo estas duas Irmandades passaram a conviver novamente e\nvoltaram a organizar os festejos em conjunto.<\/p>\n\n\n\n<p>Mas retornando aos escritos de Jo\u00e3o Dornas assim descreve\ncomo era os festejos at\u00e9 a d\u00e9cada de 1930:<\/p>\n\n\n\n<p>Consistia essa festa, meio pag\u00e3, meio religiosa, que se realizava a 15 de agosto, em dansas(sic) e cantos africanos acompanhados de caixas, xique-xiques, caxambus, violas, sanfonas, adufes, etc. Os negros vestiam roupas coloridas, ornamentavam-se de fitas, espelhos, vidrilhos, e, organizados em filas militarizadas, se dirigiam cantanto e dansando(sic), precedidos da bandeira com a effigie(sic) da Senhora do Rosario, \u00e1(sic) residencia(sic) dos reis da festa. Estes que eram escolhidos annualmente(sic), seguiam at\u00e9 a capella(sic) com solennidade(sic), sob o palio, paramentados com as ins\u00edgnias reaes \u2013 sceptro(sic) e cor\u00f4a(sic) de prata acompanhadas pelos negros. Chegados \u00e0 capella(sic) e instalados(sic) num docel, os reis presidiam a mesa das promessas, que eram cumpridas em volta da egreja(sic), com acompanhamento dos pretos. Era votos feitos por milhares de pessoas, em retribui\u00e7\u00e3o a gra\u00e7as concedias pela Senhora do Ros\u00e1rio. Eram tr\u00eas dias de festejos retumbantes, durante os quaes(sic) a melhor sociedade de Ita\u00fana se divertia e orava com os negros, em louvor da santa dos humildes. Era a festa mais alegre e popular da cidade&#8230;\u201d<\/p>\n\n\n\n<p>Texto retirado do Caderno do Patrim\u00f4nio Cultural de Ita\u00fana: Bens Patrimoniais Tombados e Registrados. Edi\u00e7\u00e3o 01, Ita\u00fana: Codempace, 2017.<\/p>\n\n\n\n<figure class=\"wp-block-gallery has-nested-images columns-default is-cropped wp-block-gallery-1 is-layout-flex wp-block-gallery-is-layout-flex\">\n<figure class=\"wp-block-image\"><img loading=\"lazy\" decoding=\"async\" width=\"275\" height=\"183\" data-id=\"566\" src=\"https:\/\/mapadadiversidade.com.br\/itauna\/wp-content\/uploads\/2019\/06\/FESTA-ROSARIO-1.jpg\" alt=\"\" class=\"wp-image-566\"\/><\/figure>\n\n\n\n<figure class=\"wp-block-image\"><img loading=\"lazy\" decoding=\"async\" width=\"275\" height=\"183\" data-id=\"567\" src=\"https:\/\/mapadadiversidade.com.br\/itauna\/wp-content\/uploads\/2019\/06\/FESTA-ROSARIO-2.jpg\" alt=\"\" class=\"wp-image-567\"\/><\/figure>\n\n\n\n<figure class=\"wp-block-image\"><img loading=\"lazy\" decoding=\"async\" width=\"300\" height=\"168\" data-id=\"568\" src=\"https:\/\/mapadadiversidade.com.br\/itauna\/wp-content\/uploads\/2019\/06\/FESTA-ROSARIO-3.jpg\" alt=\"\" class=\"wp-image-568\"\/><\/figure>\n\n\n\n<figure class=\"wp-block-image\"><img loading=\"lazy\" decoding=\"async\" width=\"1024\" height=\"683\" data-id=\"569\" src=\"https:\/\/mapadadiversidade.com.br\/itauna\/wp-content\/uploads\/2019\/06\/FESTA-ROSARIO-1024x683.jpg\" alt=\"\" class=\"wp-image-569\" srcset=\"https:\/\/mapadadiversidade.com.br\/itauna\/wp-content\/uploads\/2019\/06\/FESTA-ROSARIO.jpg 1024w, https:\/\/mapadadiversidade.com.br\/itauna\/wp-content\/uploads\/2019\/06\/FESTA-ROSARIO-300x200.jpg 300w, https:\/\/mapadadiversidade.com.br\/itauna\/wp-content\/uploads\/2019\/06\/FESTA-ROSARIO-768x512.jpg 768w\" sizes=\"auto, (max-width: 1024px) 100vw, 1024px\" \/><\/figure>\n<\/figure>\n","protected":false},"excerpt":{"rendered":"<p>Festa popular da cidade.<\/p>\n","protected":false},"author":6,"featured_media":567,"comment_status":"open","ping_status":"open","sticky":false,"template":"","format":"standard","meta":{"footnotes":""},"categories":[47,1],"tags":[111,115],"class_list":["post-565","post","type-post","status-publish","format-standard","has-post-thumbnail","hentry","category-culturas-etnicas-tradicionais-e-populares","category-itauna","tag-cultura-de-itauna","tag-festividades","item-wrap"],"_links":{"self":[{"href":"https:\/\/mapadadiversidade.com.br\/itauna\/wp-json\/wp\/v2\/posts\/565","targetHints":{"allow":["GET"]}}],"collection":[{"href":"https:\/\/mapadadiversidade.com.br\/itauna\/wp-json\/wp\/v2\/posts"}],"about":[{"href":"https:\/\/mapadadiversidade.com.br\/itauna\/wp-json\/wp\/v2\/types\/post"}],"author":[{"embeddable":true,"href":"https:\/\/mapadadiversidade.com.br\/itauna\/wp-json\/wp\/v2\/users\/6"}],"replies":[{"embeddable":true,"href":"https:\/\/mapadadiversidade.com.br\/itauna\/wp-json\/wp\/v2\/comments?post=565"}],"version-history":[{"count":7,"href":"https:\/\/mapadadiversidade.com.br\/itauna\/wp-json\/wp\/v2\/posts\/565\/revisions"}],"predecessor-version":[{"id":1240,"href":"https:\/\/mapadadiversidade.com.br\/itauna\/wp-json\/wp\/v2\/posts\/565\/revisions\/1240"}],"wp:featuredmedia":[{"embeddable":true,"href":"https:\/\/mapadadiversidade.com.br\/itauna\/wp-json\/wp\/v2\/media\/567"}],"wp:attachment":[{"href":"https:\/\/mapadadiversidade.com.br\/itauna\/wp-json\/wp\/v2\/media?parent=565"}],"wp:term":[{"taxonomy":"category","embeddable":true,"href":"https:\/\/mapadadiversidade.com.br\/itauna\/wp-json\/wp\/v2\/categories?post=565"},{"taxonomy":"post_tag","embeddable":true,"href":"https:\/\/mapadadiversidade.com.br\/itauna\/wp-json\/wp\/v2\/tags?post=565"}],"curies":[{"name":"wp","href":"https:\/\/api.w.org\/{rel}","templated":true}]}}