{"id":65,"date":"2019-05-19T10:53:50","date_gmt":"2019-05-19T13:53:50","guid":{"rendered":"https:\/\/mapadadiversidade.com.br\/itauna\/?p=65"},"modified":"2019-06-08T14:42:42","modified_gmt":"2019-06-08T17:42:42","slug":"victrao","status":"publish","type":"post","link":"https:\/\/mapadadiversidade.com.br\/itauna\/victrao\/","title":{"rendered":"Victr\u00e3o"},"content":{"rendered":"\n<p> Linguagens Art\u00edsticas <\/p>\n\n\n\n<p>Artes Visuais<\/p>\n\n\n\n<p>Ilustrador, designer gr\u00e1fico, editor, tatuador, grafite, m\u00fasico<\/p>\n\n\n\n<p>Produ\u00e7\u00e3o ou Gest\u00e3o Cultural<\/p>\n\n\n\n<p>Atua\u00e7\u00e3o como desenvolvimento e organiza\u00e7\u00e3o de movimentos e espa\u00e7os culturais<\/p>\n\n\n\n<p><strong>Hist\u00f3rico:<\/strong> Victor Oliveira mais conhecido como Victr\u00e3o. Na cultura atua como ilustrador, m\u00fasico, tatuador, designer gr\u00e1fico, grafite, voltado para a arte e o desenho. Come\u00e7ou como m\u00fasico quando crian\u00e7a, sempre gostou muito de desenhar. Ficou um bom tempo na m\u00fasica, tocando diversos instrumentos. Depois come\u00e7ou como ilustrador acarretando entrar no mundo do designer gr\u00e1fico, tatuagem e grafite. Atualmente sua \u00e1rea principal \u00e9 como tatuador e como ilustrador, n\u00e3o sendo totalmente como fonte de renda.Tamb\u00e9m participa de diversas atividades culturais em Ita\u00fana, principalmente no Centro de Juventude. <\/p>\n\n\n\n<p>Email: victrao@hotmail.com<br>Instagram: <a href=\"https:\/\/www.instagram.com\/victrao\/\">@victrao<\/a><\/p>\n\n\n\n<p><\/p>\n\n\n\n<figure class=\"wp-block-image\"><img loading=\"lazy\" decoding=\"async\" width=\"656\" height=\"639\" src=\"https:\/\/mapadadiversidade.com.br\/itauna\/wp-content\/uploads\/2019\/05\/55736587_2526391064101868_236213730877112320_n-1.jpg\" alt=\"\" class=\"wp-image-169\" srcset=\"https:\/\/mapadadiversidade.com.br\/itauna\/wp-content\/uploads\/2019\/05\/55736587_2526391064101868_236213730877112320_n-1.jpg 656w, https:\/\/mapadadiversidade.com.br\/itauna\/wp-content\/uploads\/2019\/05\/55736587_2526391064101868_236213730877112320_n-1-300x292.jpg 300w\" sizes=\"auto, (max-width: 656px) 100vw, 656px\" \/><\/figure>\n","protected":false},"excerpt":{"rendered":"<p>Artista visual, m\u00fasico atuando tamb\u00e9m em atividades do Centro de Juventude.<\/p>\n","protected":false},"author":5,"featured_media":77,"comment_status":"open","ping_status":"open","sticky":false,"template":"","format":"standard","meta":{"footnotes":""},"categories":[1,54,100,4],"tags":[18,16,13,15,12,5,17,14],"class_list":["post-65","post","type-post","status-publish","format-standard","has-post-thumbnail","hentry","category-itauna","category-linguagens-artisticas","category-musica","category-produtor-ou-gestor-cultural","tag-cultura","tag-desenho","tag-designer-grafico","tag-grafite","tag-ilustrador","tag-musico","tag-produtor-cultural","tag-tatuador","item-wrap"],"_links":{"self":[{"href":"https:\/\/mapadadiversidade.com.br\/itauna\/wp-json\/wp\/v2\/posts\/65","targetHints":{"allow":["GET"]}}],"collection":[{"href":"https:\/\/mapadadiversidade.com.br\/itauna\/wp-json\/wp\/v2\/posts"}],"about":[{"href":"https:\/\/mapadadiversidade.com.br\/itauna\/wp-json\/wp\/v2\/types\/post"}],"author":[{"embeddable":true,"href":"https:\/\/mapadadiversidade.com.br\/itauna\/wp-json\/wp\/v2\/users\/5"}],"replies":[{"embeddable":true,"href":"https:\/\/mapadadiversidade.com.br\/itauna\/wp-json\/wp\/v2\/comments?post=65"}],"version-history":[{"count":6,"href":"https:\/\/mapadadiversidade.com.br\/itauna\/wp-json\/wp\/v2\/posts\/65\/revisions"}],"predecessor-version":[{"id":724,"href":"https:\/\/mapadadiversidade.com.br\/itauna\/wp-json\/wp\/v2\/posts\/65\/revisions\/724"}],"wp:featuredmedia":[{"embeddable":true,"href":"https:\/\/mapadadiversidade.com.br\/itauna\/wp-json\/wp\/v2\/media\/77"}],"wp:attachment":[{"href":"https:\/\/mapadadiversidade.com.br\/itauna\/wp-json\/wp\/v2\/media?parent=65"}],"wp:term":[{"taxonomy":"category","embeddable":true,"href":"https:\/\/mapadadiversidade.com.br\/itauna\/wp-json\/wp\/v2\/categories?post=65"},{"taxonomy":"post_tag","embeddable":true,"href":"https:\/\/mapadadiversidade.com.br\/itauna\/wp-json\/wp\/v2\/tags?post=65"}],"curies":[{"name":"wp","href":"https:\/\/api.w.org\/{rel}","templated":true}]}}